{"id":100000,"date":"2020-06-23T07:50:06","date_gmt":"2020-06-23T11:50:06","guid":{"rendered":"https:\/\/www.eltrabajo.cl\/portal\/?p=100000"},"modified":"2020-06-22T20:28:08","modified_gmt":"2020-06-23T00:28:08","slug":"carabineros-llega-con-mercaderia-a-los-mas-frios-rincones-de-la-comuna","status":"publish","type":"post","link":"https:\/\/eltrabajo.cl\/portal\/carabineros-llega-con-mercaderia-a-los-mas-frios-rincones-de-la-comuna\/","title":{"rendered":"Carabineros llega con mercader\u00eda a los m\u00e1s fr\u00edos rincones de la comuna"},"content":{"rendered":"<p style=\"text-align: justify;\">Contin\u00faan las jornadas de trabajo social en terreno por parte de la Oficina de Integraci\u00f3n Comunitaria de Carabineros de San Felipe, liderada por el cabo 1\u00ba <strong>Alexi Araneda Gonz\u00e1lez<\/strong> y la cabo 2\u00ba <strong>Tracy Mena Reinoso<\/strong>, quienes durante esta cuarentena en desarrollo entregan alimentos a las personas en situaci\u00f3n de calle consistente en el Programa Ruta Calle Segura Covid-19, trabajo que se est\u00e1 llevando a cabo en conjunto con la Seremi de Desarrollo Social y Familia en la comuna de San Felipe.<\/p>\n<p style=\"text-align: justify;\">Las personas beneficiadas con estas cajas de mercader\u00eda salieron de sus casas y media-aguas para recibir aliviados los recursos, ahora s\u00f3lo tendr\u00e1n que armarse de paciencia y respetar diligentemente la cuarentena decretada por el Gobierno.<\/p>\n<figure id=\"attachment_100001\" aria-describedby=\"caption-attachment-100001\" style=\"width: 580px\" class=\"wp-caption aligncenter\"><img data-recalc-dims=\"1\" loading=\"lazy\" decoding=\"async\" class=\"size-full wp-image-100001\" src=\"https:\/\/i0.wp.com\/eltrabajo.cl\/portal\/wp-content\/uploads\/2020\/06\/Calle1.jpg?resize=580%2C359&#038;ssl=1\" alt=\"AYUDA EN TERRENO.- Cada una de las personas recibi\u00f3 la mercader\u00eda con la esperanza de no pasar hambre durante este fr\u00edo invierno que llega.\" width=\"580\" height=\"359\" srcset=\"https:\/\/i0.wp.com\/eltrabajo.cl\/portal\/wp-content\/uploads\/2020\/06\/Calle1.jpg?w=580&amp;ssl=1 580w, https:\/\/i0.wp.com\/eltrabajo.cl\/portal\/wp-content\/uploads\/2020\/06\/Calle1.jpg?resize=300%2C186&amp;ssl=1 300w, https:\/\/i0.wp.com\/eltrabajo.cl\/portal\/wp-content\/uploads\/2020\/06\/Calle1.jpg?resize=200%2C124&amp;ssl=1 200w\" sizes=\"auto, (max-width: 580px) 100vw, 580px\" \/><figcaption id=\"caption-attachment-100001\" class=\"wp-caption-text\">AYUDA EN TERRENO.- Cada una de las personas recibi\u00f3 la mercader\u00eda con la esperanza de no pasar hambre durante este fr\u00edo invierno que llega.<\/figcaption><\/figure>\n<figure id=\"attachment_100003\" aria-describedby=\"caption-attachment-100003\" style=\"width: 580px\" class=\"wp-caption aligncenter\"><img data-recalc-dims=\"1\" loading=\"lazy\" decoding=\"async\" class=\"size-full wp-image-100003\" src=\"https:\/\/i0.wp.com\/eltrabajo.cl\/portal\/wp-content\/uploads\/2020\/06\/Calle3.jpg?resize=580%2C360&#038;ssl=1\" alt=\"CONTRA LA PARED.- El fr\u00edo no es lo \u00fanico que golpea a estas personas, al haber cuarentena, ellos no pueden ir a la ciudad y pedir ayuda en alg\u00fan restaurante.\" width=\"580\" height=\"360\" srcset=\"https:\/\/i0.wp.com\/eltrabajo.cl\/portal\/wp-content\/uploads\/2020\/06\/Calle3.jpg?w=580&amp;ssl=1 580w, https:\/\/i0.wp.com\/eltrabajo.cl\/portal\/wp-content\/uploads\/2020\/06\/Calle3.jpg?resize=300%2C186&amp;ssl=1 300w, https:\/\/i0.wp.com\/eltrabajo.cl\/portal\/wp-content\/uploads\/2020\/06\/Calle3.jpg?resize=200%2C124&amp;ssl=1 200w\" sizes=\"auto, (max-width: 580px) 100vw, 580px\" \/><figcaption id=\"caption-attachment-100003\" class=\"wp-caption-text\">CONTRA LA PARED.- El fr\u00edo no es lo \u00fanico que golpea a estas personas, al haber cuarentena, ellos no pueden ir a la ciudad y pedir ayuda en alg\u00fan restaurante.<\/figcaption><\/figure>\n<figure id=\"attachment_100002\" aria-describedby=\"caption-attachment-100002\" style=\"width: 580px\" class=\"wp-caption aligncenter\"><img data-recalc-dims=\"1\" loading=\"lazy\" decoding=\"async\" class=\"size-full wp-image-100002\" src=\"https:\/\/i0.wp.com\/eltrabajo.cl\/portal\/wp-content\/uploads\/2020\/06\/Calle2.jpg?resize=580%2C360&#038;ssl=1\" alt=\"SIN PROTECCI\u00d3N ALGUNA.- Otros en cambio, nada tienen para refugiarse del fr\u00edo, el hambre y la soledad.\" width=\"580\" height=\"360\" srcset=\"https:\/\/i0.wp.com\/eltrabajo.cl\/portal\/wp-content\/uploads\/2020\/06\/Calle2.jpg?w=580&amp;ssl=1 580w, https:\/\/i0.wp.com\/eltrabajo.cl\/portal\/wp-content\/uploads\/2020\/06\/Calle2.jpg?resize=300%2C186&amp;ssl=1 300w, https:\/\/i0.wp.com\/eltrabajo.cl\/portal\/wp-content\/uploads\/2020\/06\/Calle2.jpg?resize=200%2C124&amp;ssl=1 200w\" sizes=\"auto, (max-width: 580px) 100vw, 580px\" \/><figcaption id=\"caption-attachment-100002\" class=\"wp-caption-text\">SIN PROTECCI\u00d3N ALGUNA.- Otros en cambio, nada tienen para refugiarse del fr\u00edo, el hambre y la soledad.<\/figcaption><\/figure>\n","protected":false},"excerpt":{"rendered":"<p>Contin\u00faan las jornadas de trabajo social en terreno por parte de la Oficina de Integraci\u00f3n Comunitaria de Carabineros de San Felipe, liderada por el cabo 1\u00ba Alexi Araneda Gonz\u00e1lez y la cabo&#8230;<\/p>\n","protected":false},"author":482,"featured_media":100002,"comment_status":"closed","ping_status":"closed","sticky":false,"template":"","format":"standard","meta":{"advanced_seo_description":"","jetpack_seo_html_title":"","jetpack_seo_noindex":false,"_jetpack_memberships_contains_paid_content":false,"footnotes":""},"categories":[15,105],"tags":[],"class_list":["post-100000","post","type-post","status-publish","format-standard","has-post-thumbnail","hentry","category-comunidad","category-covid-19"],"jetpack_featured_media_url":"https:\/\/i0.wp.com\/eltrabajo.cl\/portal\/wp-content\/uploads\/2020\/06\/Calle2.jpg?fit=580%2C360&ssl=1","jetpack_sharing_enabled":true,"jetpack_likes_enabled":true,"jetpack-related-posts":[],"_links":{"self":[{"href":"https:\/\/eltrabajo.cl\/portal\/wp-json\/wp\/v2\/posts\/100000","targetHints":{"allow":["GET"]}}],"collection":[{"href":"https:\/\/eltrabajo.cl\/portal\/wp-json\/wp\/v2\/posts"}],"about":[{"href":"https:\/\/eltrabajo.cl\/portal\/wp-json\/wp\/v2\/types\/post"}],"author":[{"embeddable":true,"href":"https:\/\/eltrabajo.cl\/portal\/wp-json\/wp\/v2\/users\/482"}],"replies":[{"embeddable":true,"href":"https:\/\/eltrabajo.cl\/portal\/wp-json\/wp\/v2\/comments?post=100000"}],"version-history":[{"count":0,"href":"https:\/\/eltrabajo.cl\/portal\/wp-json\/wp\/v2\/posts\/100000\/revisions"}],"wp:featuredmedia":[{"embeddable":true,"href":"https:\/\/eltrabajo.cl\/portal\/wp-json\/wp\/v2\/media\/100002"}],"wp:attachment":[{"href":"https:\/\/eltrabajo.cl\/portal\/wp-json\/wp\/v2\/media?parent=100000"}],"wp:term":[{"taxonomy":"category","embeddable":true,"href":"https:\/\/eltrabajo.cl\/portal\/wp-json\/wp\/v2\/categories?post=100000"},{"taxonomy":"post_tag","embeddable":true,"href":"https:\/\/eltrabajo.cl\/portal\/wp-json\/wp\/v2\/tags?post=100000"}],"curies":[{"name":"wp","href":"https:\/\/api.w.org\/{rel}","templated":true}]}}