{"id":100006,"date":"2020-06-23T08:00:47","date_gmt":"2020-06-23T12:00:47","guid":{"rendered":"https:\/\/www.eltrabajo.cl\/portal\/?p=100006"},"modified":"2020-06-22T20:31:11","modified_gmt":"2020-06-23T00:31:11","slug":"mas-de-cincuenta-personas-detenidas-por-infringir-toque-de-queda-y-cuarentena","status":"publish","type":"post","link":"https:\/\/eltrabajo.cl\/portal\/mas-de-cincuenta-personas-detenidas-por-infringir-toque-de-queda-y-cuarentena\/","title":{"rendered":"M\u00e1s de cincuenta personas detenidas por infringir toque de queda y cuarentena"},"content":{"rendered":"<p style=\"text-align: justify;\"><span style=\"color: #c81400;\"><strong>Solo entre la noche del viernes y la del domingo:<\/strong><\/span><\/p>\n<p style=\"text-align: justify;\">Carabineros de Aconcagua, a trav\u00e9s del coronel <strong>Jorge Chab\u00e1n<\/strong>, indic\u00f3 que varias decenas de personas han sido detenidas por infringir tanto el horario de toque de queda como la cuarentena.<\/p>\n<p style=\"text-align: justify;\">\u00ab<em>Llevamos aproximadamente m\u00e1s de cincuenta personas imputadas detenidas, de las cuales tambi\u00e9n se ha aplicado sumario sanitario. Se debe entender que la persona que infringe el toque de queda y que no justifica del porqu\u00e9 anda en la calle, tambi\u00e9n se le abre un sumario sanitario. Las personas que transitan libremente por las calles deben tener su autorizaci\u00f3n que es la misma situaci\u00f3n, pero lo puntual es que las personas puedan concientizar este control que se va\u00a0 a hacer durante estas dos semanas. Hemos observado s\u00ed que muchas personas que desplazan en un veh\u00edculo una sola persona, la cual va obviamente a producir una congesti\u00f3n importante, y lo otro que hemos consignado y se\u00f1alado que deben ingresar a la p\u00e1gina de la comisar\u00eda virtual para sacar sus permisos, que est\u00e1 claramente consignado, y si alguna persona tiene alguna duda que escapa ah\u00ed, puede acercarse a la comisar\u00eda a hacer una solicitud personal, donde lo vamos a atender. Lo importante es que las personas en esta semana de controles y cuarentena permanezcan en sus casas, en sus domicilios, es la \u00fanica forma que entre todos podamos mejorar y controlar este virus\u00bb,<\/em> dijo el prefecto Jorge Chab\u00e1n.<\/p>\n<p style=\"text-align: justify;\">El corte fue desde las 22:00 horas del d\u00eda viernes hasta este d\u00eda domingo a las 24:00 horas.<\/p>\n<p style=\"text-align: justify;\">De los cincuenta detenidos hay m\u00e1s por cuarentena que por toque de queda.<\/p>\n<figure id=\"attachment_100007\" aria-describedby=\"caption-attachment-100007\" style=\"width: 580px\" class=\"wp-caption aligncenter\"><img data-recalc-dims=\"1\" loading=\"lazy\" decoding=\"async\" class=\"size-full wp-image-100007\" src=\"https:\/\/i0.wp.com\/eltrabajo.cl\/portal\/wp-content\/uploads\/2020\/06\/Ccontrol.jpg?resize=580%2C358&#038;ssl=1\" alt=\"Control policial en Punta El Olivo, uno de los tantos sectores que est\u00e1n siendo custodiados para evitar el desplazamiento de personas que no cuenten con sus respectivos permisos.\" width=\"580\" height=\"358\" srcset=\"https:\/\/i0.wp.com\/eltrabajo.cl\/portal\/wp-content\/uploads\/2020\/06\/Ccontrol.jpg?w=580&amp;ssl=1 580w, https:\/\/i0.wp.com\/eltrabajo.cl\/portal\/wp-content\/uploads\/2020\/06\/Ccontrol.jpg?resize=300%2C185&amp;ssl=1 300w, https:\/\/i0.wp.com\/eltrabajo.cl\/portal\/wp-content\/uploads\/2020\/06\/Ccontrol.jpg?resize=200%2C123&amp;ssl=1 200w\" sizes=\"auto, (max-width: 580px) 100vw, 580px\" \/><figcaption id=\"caption-attachment-100007\" class=\"wp-caption-text\">Control policial en Punta El Olivo, uno de los tantos sectores que est\u00e1n siendo custodiados para evitar el desplazamiento de personas que no cuenten con sus respectivos permisos.<\/figcaption><\/figure>\n","protected":false},"excerpt":{"rendered":"<p>Solo entre la noche del viernes y la del domingo: Carabineros de Aconcagua, a trav\u00e9s del coronel Jorge Chab\u00e1n, indic\u00f3 que varias decenas de personas han sido detenidas por infringir tanto el&#8230;<\/p>\n","protected":false},"author":482,"featured_media":100007,"comment_status":"closed","ping_status":"closed","sticky":false,"template":"","format":"standard","meta":{"advanced_seo_description":"","jetpack_seo_html_title":"","jetpack_seo_noindex":false,"_jetpack_memberships_contains_paid_content":false,"footnotes":""},"categories":[105,21],"tags":[],"class_list":["post-100006","post","type-post","status-publish","format-standard","has-post-thumbnail","hentry","category-covid-19","category-policial"],"jetpack_featured_media_url":"https:\/\/i0.wp.com\/eltrabajo.cl\/portal\/wp-content\/uploads\/2020\/06\/Ccontrol.jpg?fit=580%2C358&ssl=1","jetpack_sharing_enabled":true,"jetpack_likes_enabled":true,"jetpack-related-posts":[],"_links":{"self":[{"href":"https:\/\/eltrabajo.cl\/portal\/wp-json\/wp\/v2\/posts\/100006","targetHints":{"allow":["GET"]}}],"collection":[{"href":"https:\/\/eltrabajo.cl\/portal\/wp-json\/wp\/v2\/posts"}],"about":[{"href":"https:\/\/eltrabajo.cl\/portal\/wp-json\/wp\/v2\/types\/post"}],"author":[{"embeddable":true,"href":"https:\/\/eltrabajo.cl\/portal\/wp-json\/wp\/v2\/users\/482"}],"replies":[{"embeddable":true,"href":"https:\/\/eltrabajo.cl\/portal\/wp-json\/wp\/v2\/comments?post=100006"}],"version-history":[{"count":0,"href":"https:\/\/eltrabajo.cl\/portal\/wp-json\/wp\/v2\/posts\/100006\/revisions"}],"wp:featuredmedia":[{"embeddable":true,"href":"https:\/\/eltrabajo.cl\/portal\/wp-json\/wp\/v2\/media\/100007"}],"wp:attachment":[{"href":"https:\/\/eltrabajo.cl\/portal\/wp-json\/wp\/v2\/media?parent=100006"}],"wp:term":[{"taxonomy":"category","embeddable":true,"href":"https:\/\/eltrabajo.cl\/portal\/wp-json\/wp\/v2\/categories?post=100006"},{"taxonomy":"post_tag","embeddable":true,"href":"https:\/\/eltrabajo.cl\/portal\/wp-json\/wp\/v2\/tags?post=100006"}],"curies":[{"name":"wp","href":"https:\/\/api.w.org\/{rel}","templated":true}]}}