{"id":100020,"date":"2020-06-23T22:21:36","date_gmt":"2020-06-24T02:21:36","guid":{"rendered":"https:\/\/www.eltrabajo.cl\/portal\/?p=100020"},"modified":"2020-06-23T22:21:36","modified_gmt":"2020-06-24T02:21:36","slug":"colectivo-libertad-de-genero-prepara-y-reparte-almuerzos-en-toda-la-comuna","status":"publish","type":"post","link":"https:\/\/eltrabajo.cl\/portal\/colectivo-libertad-de-genero-prepara-y-reparte-almuerzos-en-toda-la-comuna\/","title":{"rendered":"Colectivo Libertad de G\u00e9nero prepara y reparte almuerzos en toda la comuna"},"content":{"rendered":"<p style=\"text-align: justify;\"><span style=\"color: #c81400;\"><strong>Visitan a gente en los puentes y rucos para apoyar con alimentos:<\/strong><\/span><\/p>\n<p style=\"text-align: justify;\">Se dice que \u2018<em>toda escoba nueva barre bien<\/em>\u2019, cuando asumimos alg\u00fan cargo, nos enamoramos o hasta emprendemos proyectos personales o colectivos. Tal pareciera ser los resultados que se pueden ya apreciar por el recientemente creado <strong>Colectivo Libertad de G\u00e9nero y Derechos Humanos<\/strong> de nuestra comuna, agrupaci\u00f3n de personas Trans que ante los desaf\u00edos sociales y sanitarios que enfrentamos en la actualidad, decidieron crear su propia organizaci\u00f3n y a la vez llegar con ayuda en alimentos a cientos de personas.<\/p>\n<p style=\"text-align: justify;\">Dicho esto, hoy presentamos a nuestros lectores la labor que vienen desarrollando estos voluntarios en San Felipe centro y en las zonas rurales, llevando almuerzos y recursos para enfrentar el fr\u00edo a quienes viven en rucos, entre cartones y en lugares poco protegidos de las g\u00e9lidas temperaturas.<\/p>\n<p style=\"text-align: justify;\">\n<p style=\"text-align: justify;\"><span style=\"color: #c81400;\"><strong>RESPALDO TOTAL<\/strong><\/span><\/p>\n<p style=\"text-align: justify;\">Lo interesante de esta agrupaci\u00f3n es que fue creada en el momento oportuno, pues en pocos d\u00edas recibi\u00f3 el espaldarazo de las autoridades y se les extendieron sus salvoconductos correspondientes para poder funcionar en todas nuestras comunas a fin de realizar de la mejor manera su cometido social, llevar abrigo, cari\u00f1o y alimentos a quienes no los tienen, a quienes no cuentan ya con su trabajo y tienen familia que alimentar. Muy importante destacar tambi\u00e9n el trabajo desinteresado de las hermanas <strong>Tania<\/strong> y <strong>Lissette Videla<\/strong>, quienes siempre est\u00e1n listas para apoyar estas iniciativas comunitarias.<\/p>\n<p style=\"text-align: justify;\">\u00ab<em>Queremos reiterar nuestro agradecimiento al Municipio de San Felipe por el apoyo y respaldo brindado a nuestra agrupaci\u00f3n, a quienes nos donan mercader\u00eda y a quienes tambi\u00e9n la aprovechan cuando vamos a repartir. Este fin de semana repartimos en poblaciones como El Esfuerzo, Santa Teresa, Puente, La Hacienda, visitamos las casas y rucos debajo de los puentes, agradecer tambi\u00e9n las 22 cajas con alimentos que el Municipio nos entreg\u00f3, de esas cajas compartimos con los bomberos porque est\u00e1n acuartelados<\/em>\u00bb, dijo a <strong>Diario El Trabajo<\/strong> el titular de la agrupaci\u00f3n, <strong>Mar\u00eda del Pilar L\u00f3pez<\/strong>.<\/p>\n<p style=\"text-align: justify;\"><strong>Roberto Gonz\u00e1lez Short<\/strong><\/p>\n<figure id=\"attachment_100021\" aria-describedby=\"caption-attachment-100021\" style=\"width: 580px\" class=\"wp-caption aligncenter\"><img data-recalc-dims=\"1\" loading=\"lazy\" decoding=\"async\" class=\"size-full wp-image-100021\" src=\"https:\/\/i0.wp.com\/eltrabajo.cl\/portal\/wp-content\/uploads\/2020\/06\/Rucos1.jpg?resize=580%2C359&#038;ssl=1\" alt=\"TRABAJANDO DURO.- En varias poblaciones estas voluntarias Trans se est\u00e1n dando a conocer con la comunidad de manera positiva.\" width=\"580\" height=\"359\" srcset=\"https:\/\/i0.wp.com\/eltrabajo.cl\/portal\/wp-content\/uploads\/2020\/06\/Rucos1.jpg?w=580&amp;ssl=1 580w, https:\/\/i0.wp.com\/eltrabajo.cl\/portal\/wp-content\/uploads\/2020\/06\/Rucos1.jpg?resize=300%2C186&amp;ssl=1 300w, https:\/\/i0.wp.com\/eltrabajo.cl\/portal\/wp-content\/uploads\/2020\/06\/Rucos1.jpg?resize=200%2C124&amp;ssl=1 200w\" sizes=\"auto, (max-width: 580px) 100vw, 580px\" \/><figcaption id=\"caption-attachment-100021\" class=\"wp-caption-text\">TRABAJANDO DURO.- En varias poblaciones estas voluntarias Trans se est\u00e1n dando a conocer con la comunidad de manera positiva.<\/figcaption><\/figure>\n<figure id=\"attachment_100022\" aria-describedby=\"caption-attachment-100022\" style=\"width: 580px\" class=\"wp-caption aligncenter\"><img data-recalc-dims=\"1\" loading=\"lazy\" decoding=\"async\" class=\"size-full wp-image-100022\" src=\"https:\/\/i0.wp.com\/eltrabajo.cl\/portal\/wp-content\/uploads\/2020\/06\/Rucos2.jpg?resize=580%2C700&#038;ssl=1\" alt=\"CIENTOS DE ALMUERZOS.- Aqu\u00ed vemos a Schirly Urtubia, secretaria de la instituci\u00f3n, encarg\u00e1ndose tambi\u00e9n del reparto de almuerzos.\" width=\"580\" height=\"700\" srcset=\"https:\/\/i0.wp.com\/eltrabajo.cl\/portal\/wp-content\/uploads\/2020\/06\/Rucos2.jpg?w=580&amp;ssl=1 580w, https:\/\/i0.wp.com\/eltrabajo.cl\/portal\/wp-content\/uploads\/2020\/06\/Rucos2.jpg?resize=249%2C300&amp;ssl=1 249w, https:\/\/i0.wp.com\/eltrabajo.cl\/portal\/wp-content\/uploads\/2020\/06\/Rucos2.jpg?resize=124%2C150&amp;ssl=1 124w\" sizes=\"auto, (max-width: 580px) 100vw, 580px\" \/><figcaption id=\"caption-attachment-100022\" class=\"wp-caption-text\">CIENTOS DE ALMUERZOS.- Aqu\u00ed vemos a Schirly Urtubia, secretaria de la instituci\u00f3n, encarg\u00e1ndose tambi\u00e9n del reparto de almuerzos.<\/figcaption><\/figure>\n<figure id=\"attachment_100023\" aria-describedby=\"caption-attachment-100023\" style=\"width: 580px\" class=\"wp-caption aligncenter\"><img data-recalc-dims=\"1\" loading=\"lazy\" decoding=\"async\" class=\"size-full wp-image-100023\" src=\"https:\/\/i0.wp.com\/eltrabajo.cl\/portal\/wp-content\/uploads\/2020\/06\/Rucos3.jpg?resize=580%2C360&#038;ssl=1\" alt=\"ALMUERZOS CALIENTES.- Muchos vecinos de nuestra comuna reciben agradecidos los alimentos que estas personas preparan y reparten en los alrededores de San Felipe.\" width=\"580\" height=\"360\" srcset=\"https:\/\/i0.wp.com\/eltrabajo.cl\/portal\/wp-content\/uploads\/2020\/06\/Rucos3.jpg?w=580&amp;ssl=1 580w, https:\/\/i0.wp.com\/eltrabajo.cl\/portal\/wp-content\/uploads\/2020\/06\/Rucos3.jpg?resize=300%2C186&amp;ssl=1 300w, https:\/\/i0.wp.com\/eltrabajo.cl\/portal\/wp-content\/uploads\/2020\/06\/Rucos3.jpg?resize=200%2C124&amp;ssl=1 200w\" sizes=\"auto, (max-width: 580px) 100vw, 580px\" \/><figcaption id=\"caption-attachment-100023\" class=\"wp-caption-text\">ALMUERZOS CALIENTES.- Muchos vecinos de nuestra comuna reciben agradecidos los alimentos que estas personas preparan y reparten en los alrededores de San Felipe.<\/figcaption><\/figure>\n<figure id=\"attachment_100024\" aria-describedby=\"caption-attachment-100024\" style=\"width: 580px\" class=\"wp-caption aligncenter\"><img data-recalc-dims=\"1\" loading=\"lazy\" decoding=\"async\" class=\"size-full wp-image-100024\" src=\"https:\/\/i0.wp.com\/eltrabajo.cl\/portal\/wp-content\/uploads\/2020\/06\/Rucos4.jpg?resize=580%2C700&#038;ssl=1\" alt=\"PROYECTO INDEPENDIENTE.- Veremos si esta iniciativa se mantiene en el tiempo, les deseamos la mejor de las suertes.\" width=\"580\" height=\"700\" srcset=\"https:\/\/i0.wp.com\/eltrabajo.cl\/portal\/wp-content\/uploads\/2020\/06\/Rucos4.jpg?w=580&amp;ssl=1 580w, https:\/\/i0.wp.com\/eltrabajo.cl\/portal\/wp-content\/uploads\/2020\/06\/Rucos4.jpg?resize=249%2C300&amp;ssl=1 249w, https:\/\/i0.wp.com\/eltrabajo.cl\/portal\/wp-content\/uploads\/2020\/06\/Rucos4.jpg?resize=124%2C150&amp;ssl=1 124w\" sizes=\"auto, (max-width: 580px) 100vw, 580px\" \/><figcaption id=\"caption-attachment-100024\" class=\"wp-caption-text\">PROYECTO INDEPENDIENTE.- Veremos si esta iniciativa se mantiene en el tiempo, les deseamos la mejor de las suertes.<\/figcaption><\/figure>\n<figure id=\"attachment_100025\" aria-describedby=\"caption-attachment-100025\" style=\"width: 580px\" class=\"wp-caption aligncenter\"><img data-recalc-dims=\"1\" loading=\"lazy\" decoding=\"async\" class=\"size-full wp-image-100025\" src=\"https:\/\/i0.wp.com\/eltrabajo.cl\/portal\/wp-content\/uploads\/2020\/06\/Rucos_Maria-del-Pilar-Lopez.jpg?resize=580%2C358&#038;ssl=1\" alt=\"Presidenta de la agrupaci\u00f3n, Mar\u00eda del Pilar L\u00f3pez.\" width=\"580\" height=\"358\" srcset=\"https:\/\/i0.wp.com\/eltrabajo.cl\/portal\/wp-content\/uploads\/2020\/06\/Rucos_Maria-del-Pilar-Lopez.jpg?w=580&amp;ssl=1 580w, https:\/\/i0.wp.com\/eltrabajo.cl\/portal\/wp-content\/uploads\/2020\/06\/Rucos_Maria-del-Pilar-Lopez.jpg?resize=300%2C185&amp;ssl=1 300w, https:\/\/i0.wp.com\/eltrabajo.cl\/portal\/wp-content\/uploads\/2020\/06\/Rucos_Maria-del-Pilar-Lopez.jpg?resize=200%2C123&amp;ssl=1 200w\" sizes=\"auto, (max-width: 580px) 100vw, 580px\" \/><figcaption id=\"caption-attachment-100025\" class=\"wp-caption-text\">Presidenta de la agrupaci\u00f3n, Mar\u00eda del Pilar L\u00f3pez.<\/figcaption><\/figure>\n","protected":false},"excerpt":{"rendered":"<p>Visitan a gente en los puentes y rucos para apoyar con alimentos: Se dice que \u2018toda escoba nueva barre bien\u2019, cuando asumimos alg\u00fan cargo, nos enamoramos o hasta emprendemos proyectos personales o&#8230;<\/p>\n","protected":false},"author":482,"featured_media":100021,"comment_status":"closed","ping_status":"open","sticky":false,"template":"","format":"standard","meta":{"advanced_seo_description":"","jetpack_seo_html_title":"","jetpack_seo_noindex":false,"_jetpack_memberships_contains_paid_content":false,"footnotes":""},"categories":[15],"tags":[],"class_list":["post-100020","post","type-post","status-publish","format-standard","has-post-thumbnail","hentry","category-comunidad"],"jetpack_featured_media_url":"https:\/\/i0.wp.com\/eltrabajo.cl\/portal\/wp-content\/uploads\/2020\/06\/Rucos1.jpg?fit=580%2C359&ssl=1","jetpack_sharing_enabled":true,"jetpack_likes_enabled":true,"jetpack-related-posts":[],"_links":{"self":[{"href":"https:\/\/eltrabajo.cl\/portal\/wp-json\/wp\/v2\/posts\/100020","targetHints":{"allow":["GET"]}}],"collection":[{"href":"https:\/\/eltrabajo.cl\/portal\/wp-json\/wp\/v2\/posts"}],"about":[{"href":"https:\/\/eltrabajo.cl\/portal\/wp-json\/wp\/v2\/types\/post"}],"author":[{"embeddable":true,"href":"https:\/\/eltrabajo.cl\/portal\/wp-json\/wp\/v2\/users\/482"}],"replies":[{"embeddable":true,"href":"https:\/\/eltrabajo.cl\/portal\/wp-json\/wp\/v2\/comments?post=100020"}],"version-history":[{"count":0,"href":"https:\/\/eltrabajo.cl\/portal\/wp-json\/wp\/v2\/posts\/100020\/revisions"}],"wp:featuredmedia":[{"embeddable":true,"href":"https:\/\/eltrabajo.cl\/portal\/wp-json\/wp\/v2\/media\/100021"}],"wp:attachment":[{"href":"https:\/\/eltrabajo.cl\/portal\/wp-json\/wp\/v2\/media?parent=100020"}],"wp:term":[{"taxonomy":"category","embeddable":true,"href":"https:\/\/eltrabajo.cl\/portal\/wp-json\/wp\/v2\/categories?post=100020"},{"taxonomy":"post_tag","embeddable":true,"href":"https:\/\/eltrabajo.cl\/portal\/wp-json\/wp\/v2\/tags?post=100020"}],"curies":[{"name":"wp","href":"https:\/\/api.w.org\/{rel}","templated":true}]}}