{"id":100027,"date":"2020-06-23T22:23:12","date_gmt":"2020-06-24T02:23:12","guid":{"rendered":"https:\/\/www.eltrabajo.cl\/portal\/?p=100027"},"modified":"2020-06-23T22:23:12","modified_gmt":"2020-06-24T02:23:12","slug":"raul-reinoso-supero-al-covid-19","status":"publish","type":"post","link":"https:\/\/eltrabajo.cl\/portal\/raul-reinoso-supero-al-covid-19\/","title":{"rendered":"Ra\u00fal Reinoso super\u00f3 al Covid\u201319"},"content":{"rendered":"<p style=\"text-align: justify;\">El presidente de la Asociaci\u00f3n de F\u00fatbol Amateur de San Felipe, <strong>Ra\u00fal \u2018Rrulo\u2019 Reinoso<\/strong>, recibi\u00f3 la tarde del lunes pasado su alta m\u00e9dica, con lo que oficialmente dej\u00f3 atr\u00e1s el Covid\u201319. <em>\u00abEstoy feliz, puedo considerarme un sobreviviente de esta maldita enfermedad; fueron d\u00edas terribles porque en cada jornada estaba con el temor que podr\u00eda agravarme; no solo yo, sino que mi se\u00f1ora e hijo menor, que tambien fueron infectados\u00bb,<\/em> relat\u00f3 a <strong>El Trabajo Deportivo<\/strong>, el conocido directivo sanfelipe\u00f1o.<\/p>\n<p style=\"text-align: justify;\">La m\u00e1xima autoridad del balompi\u00e9 aficionado sanfelipe\u00f1o, estaba notablemente emocionado al momento de darnos la informaci\u00f3n de su alta oficial del Covid\u201319, y as\u00ed lo hizo saber: <em>\u00abQuiero agradecer a todos los que estuvieron preocupados por mi salud y la de mi familia, de verdad agradezco las muestras de apoyo de todos\u00bb,<\/em> afirm\u00f3.<\/p>\n<p style=\"text-align: justify;\">Por su parte el hijo menor de Reinoso, <strong>Ignacio<\/strong>, quien es un cotizado arquero amateur, agradeci\u00f3 en nombre propio y de su familia. <em>\u00abEn nombre de mis padres Ra\u00fal Reinoso y Marcia Gonz\u00e1lez, agradecemos toda la preocupaci\u00f3n brindada. Al personal de salud que en todo momento estuvieron atentos a la evoluci\u00f3n de la enfermedad. Al alcalde Claudio Zurita (Santa Mar\u00eda), quien siempre nos dio su apoyo desde el primer momento, y por supuesto a nuestra familia, amigos y la prensa local. Fueron d\u00edas dif\u00edciles, pero nunca perdimos la fe\u00bb,<\/em> indic\u00f3 el deportista a nuestro medio.<\/p>\n<figure id=\"attachment_100028\" aria-describedby=\"caption-attachment-100028\" style=\"width: 580px\" class=\"wp-caption aligncenter\"><img data-recalc-dims=\"1\" loading=\"lazy\" decoding=\"async\" class=\"size-full wp-image-100028\" src=\"https:\/\/i0.wp.com\/eltrabajo.cl\/portal\/wp-content\/uploads\/2020\/06\/rulo-de-alta.jpg?resize=580%2C360&#038;ssl=1\" alt=\"Ra\u00fal Reinoso y su hijo Ignacio,  vencieron al Covid\u201319. \" width=\"580\" height=\"360\" srcset=\"https:\/\/i0.wp.com\/eltrabajo.cl\/portal\/wp-content\/uploads\/2020\/06\/rulo-de-alta.jpg?w=580&amp;ssl=1 580w, https:\/\/i0.wp.com\/eltrabajo.cl\/portal\/wp-content\/uploads\/2020\/06\/rulo-de-alta.jpg?resize=300%2C186&amp;ssl=1 300w, https:\/\/i0.wp.com\/eltrabajo.cl\/portal\/wp-content\/uploads\/2020\/06\/rulo-de-alta.jpg?resize=200%2C124&amp;ssl=1 200w\" sizes=\"auto, (max-width: 580px) 100vw, 580px\" \/><figcaption id=\"caption-attachment-100028\" class=\"wp-caption-text\">Ra\u00fal Reinoso y su hijo Ignacio, vencieron al Covid\u201319.<\/figcaption><\/figure>\n","protected":false},"excerpt":{"rendered":"<p>El presidente de la Asociaci\u00f3n de F\u00fatbol Amateur de San Felipe, Ra\u00fal \u2018Rrulo\u2019 Reinoso, recibi\u00f3 la tarde del lunes pasado su alta m\u00e9dica, con lo que oficialmente dej\u00f3 atr\u00e1s el Covid\u201319. \u00abEstoy&#8230;<\/p>\n","protected":false},"author":482,"featured_media":100028,"comment_status":"closed","ping_status":"open","sticky":false,"template":"","format":"standard","meta":{"advanced_seo_description":"","jetpack_seo_html_title":"","jetpack_seo_noindex":false,"_jetpack_memberships_contains_paid_content":false,"footnotes":""},"categories":[19],"tags":[],"class_list":["post-100027","post","type-post","status-publish","format-standard","has-post-thumbnail","hentry","category-deportes"],"jetpack_featured_media_url":"https:\/\/i0.wp.com\/eltrabajo.cl\/portal\/wp-content\/uploads\/2020\/06\/rulo-de-alta.jpg?fit=580%2C360&ssl=1","jetpack_sharing_enabled":true,"jetpack_likes_enabled":true,"jetpack-related-posts":[],"_links":{"self":[{"href":"https:\/\/eltrabajo.cl\/portal\/wp-json\/wp\/v2\/posts\/100027","targetHints":{"allow":["GET"]}}],"collection":[{"href":"https:\/\/eltrabajo.cl\/portal\/wp-json\/wp\/v2\/posts"}],"about":[{"href":"https:\/\/eltrabajo.cl\/portal\/wp-json\/wp\/v2\/types\/post"}],"author":[{"embeddable":true,"href":"https:\/\/eltrabajo.cl\/portal\/wp-json\/wp\/v2\/users\/482"}],"replies":[{"embeddable":true,"href":"https:\/\/eltrabajo.cl\/portal\/wp-json\/wp\/v2\/comments?post=100027"}],"version-history":[{"count":0,"href":"https:\/\/eltrabajo.cl\/portal\/wp-json\/wp\/v2\/posts\/100027\/revisions"}],"wp:featuredmedia":[{"embeddable":true,"href":"https:\/\/eltrabajo.cl\/portal\/wp-json\/wp\/v2\/media\/100028"}],"wp:attachment":[{"href":"https:\/\/eltrabajo.cl\/portal\/wp-json\/wp\/v2\/media?parent=100027"}],"wp:term":[{"taxonomy":"category","embeddable":true,"href":"https:\/\/eltrabajo.cl\/portal\/wp-json\/wp\/v2\/categories?post=100027"},{"taxonomy":"post_tag","embeddable":true,"href":"https:\/\/eltrabajo.cl\/portal\/wp-json\/wp\/v2\/tags?post=100027"}],"curies":[{"name":"wp","href":"https:\/\/api.w.org\/{rel}","templated":true}]}}