{"id":100030,"date":"2020-06-24T07:40:53","date_gmt":"2020-06-24T11:40:53","guid":{"rendered":"https:\/\/www.eltrabajo.cl\/portal\/?p=100030"},"modified":"2020-06-23T22:30:49","modified_gmt":"2020-06-24T02:30:49","slug":"medidores-de-departamentos-santa-teresa-explotan-y-prenden-fuego","status":"publish","type":"post","link":"https:\/\/eltrabajo.cl\/portal\/medidores-de-departamentos-santa-teresa-explotan-y-prenden-fuego\/","title":{"rendered":"Medidores de Departamentos Santa Teresa explotan y prenden fuego"},"content":{"rendered":"<p style=\"text-align: justify;\"><span style=\"color: #c81400;\"><strong>Agua en las paredes pudo causar el corto circuito:<\/strong><\/span><\/p>\n<p style=\"text-align: justify;\">Fueron muchas las detonaciones que alertaron a todos los vecinos en Departamentos Santa Teresa, sector Sargento Aldea, al mediod\u00eda de ayer martes, lo que amerit\u00f3 la concurrencia de Carabineros y varias unidades de Bomberos en el lugar.<\/p>\n<p style=\"text-align: justify;\">Se trat\u00f3 de un medidor de electricidad en el tablero principal del edificio, el que entr\u00f3 en corto circuito y prendi\u00f3 llamas.<\/p>\n<p style=\"text-align: justify;\">Se requiri\u00f3 de personal especializado de Bomberos para lograr desconectar la electricidad de todo el edificio, intervino personal de Chilquinta y finalmente el da\u00f1o fue reparado. No se registraron personas afectadas ni electrodom\u00e9sticos o inmueble de los vecinos da\u00f1ados. Se sospecha que el agua bajando por la pared habr\u00eda hecho contacto con los cables el\u00e9ctricos y causado las explosiones.<\/p>\n<p style=\"text-align: justify;\"><strong>Roberto Gonz\u00e1lez Short<\/strong><\/p>\n<figure id=\"attachment_100032\" aria-describedby=\"caption-attachment-100032\" style=\"width: 580px\" class=\"wp-caption aligncenter\"><img data-recalc-dims=\"1\" loading=\"lazy\" decoding=\"async\" class=\"size-full wp-image-100032\" src=\"https:\/\/i0.wp.com\/eltrabajo.cl\/portal\/wp-content\/uploads\/2020\/06\/Explosion2.jpg?resize=580%2C358&#038;ssl=1\" alt=\"MUCHAS EXPLOSIONES.- El peligro fue real, los qu\u00edmicos de los extintores en nada \u00fatil resultaron, pues la lluvia no dejaba de caer.\" width=\"580\" height=\"358\" srcset=\"https:\/\/i0.wp.com\/eltrabajo.cl\/portal\/wp-content\/uploads\/2020\/06\/Explosion2.jpg?w=580&amp;ssl=1 580w, https:\/\/i0.wp.com\/eltrabajo.cl\/portal\/wp-content\/uploads\/2020\/06\/Explosion2.jpg?resize=300%2C185&amp;ssl=1 300w, https:\/\/i0.wp.com\/eltrabajo.cl\/portal\/wp-content\/uploads\/2020\/06\/Explosion2.jpg?resize=200%2C123&amp;ssl=1 200w\" sizes=\"auto, (max-width: 580px) 100vw, 580px\" \/><figcaption id=\"caption-attachment-100032\" class=\"wp-caption-text\">MUCHAS EXPLOSIONES.- El peligro fue real, los qu\u00edmicos de los extintores en nada \u00fatil resultaron, pues la lluvia no dejaba de caer.<\/figcaption><\/figure>\n<figure id=\"attachment_100031\" aria-describedby=\"caption-attachment-100031\" style=\"width: 578px\" class=\"wp-caption aligncenter\"><img data-recalc-dims=\"1\" loading=\"lazy\" decoding=\"async\" class=\"size-full wp-image-100031\" src=\"https:\/\/i0.wp.com\/eltrabajo.cl\/portal\/wp-content\/uploads\/2020\/06\/Explosion1.jpg?resize=578%2C360&#038;ssl=1\" alt=\"TORRE EN PELIGRO.- Gracias a que estos dispositivos est\u00e1n fuera de las viviendas, el da\u00f1o se pudo controlar sin peores consecuencias.\" width=\"578\" height=\"360\" srcset=\"https:\/\/i0.wp.com\/eltrabajo.cl\/portal\/wp-content\/uploads\/2020\/06\/Explosion1.jpg?w=578&amp;ssl=1 578w, https:\/\/i0.wp.com\/eltrabajo.cl\/portal\/wp-content\/uploads\/2020\/06\/Explosion1.jpg?resize=300%2C187&amp;ssl=1 300w, https:\/\/i0.wp.com\/eltrabajo.cl\/portal\/wp-content\/uploads\/2020\/06\/Explosion1.jpg?resize=200%2C125&amp;ssl=1 200w\" sizes=\"auto, (max-width: 578px) 100vw, 578px\" \/><figcaption id=\"caption-attachment-100031\" class=\"wp-caption-text\">TORRE EN PELIGRO.- Gracias a que estos dispositivos est\u00e1n fuera de las viviendas, el da\u00f1o se pudo controlar sin peores consecuencias.<\/figcaption><\/figure>\n<figure id=\"attachment_100033\" aria-describedby=\"caption-attachment-100033\" style=\"width: 580px\" class=\"wp-caption aligncenter\"><img data-recalc-dims=\"1\" loading=\"lazy\" decoding=\"async\" class=\"size-full wp-image-100033\" src=\"https:\/\/i0.wp.com\/eltrabajo.cl\/portal\/wp-content\/uploads\/2020\/06\/Explosion3.jpg?resize=580%2C358&#038;ssl=1\" alt=\"PUDO SER PEOR.- Los bomberos finalmente desconectaron el flujo el\u00e9ctrico y pudieron controlar la escena.\" width=\"580\" height=\"358\" srcset=\"https:\/\/i0.wp.com\/eltrabajo.cl\/portal\/wp-content\/uploads\/2020\/06\/Explosion3.jpg?w=580&amp;ssl=1 580w, https:\/\/i0.wp.com\/eltrabajo.cl\/portal\/wp-content\/uploads\/2020\/06\/Explosion3.jpg?resize=300%2C185&amp;ssl=1 300w, https:\/\/i0.wp.com\/eltrabajo.cl\/portal\/wp-content\/uploads\/2020\/06\/Explosion3.jpg?resize=200%2C123&amp;ssl=1 200w\" sizes=\"auto, (max-width: 580px) 100vw, 580px\" \/><figcaption id=\"caption-attachment-100033\" class=\"wp-caption-text\">PUDO SER PEOR.- Los bomberos finalmente desconectaron el flujo el\u00e9ctrico y pudieron controlar la escena.<\/figcaption><\/figure>\n","protected":false},"excerpt":{"rendered":"<p>Agua en las paredes pudo causar el corto circuito: Fueron muchas las detonaciones que alertaron a todos los vecinos en Departamentos Santa Teresa, sector Sargento Aldea, al mediod\u00eda de ayer martes, lo&#8230;<\/p>\n","protected":false},"author":482,"featured_media":100032,"comment_status":"closed","ping_status":"open","sticky":false,"template":"","format":"standard","meta":{"advanced_seo_description":"","jetpack_seo_html_title":"","jetpack_seo_noindex":false,"_jetpack_memberships_contains_paid_content":false,"footnotes":""},"categories":[21],"tags":[],"class_list":["post-100030","post","type-post","status-publish","format-standard","has-post-thumbnail","hentry","category-policial"],"jetpack_featured_media_url":"https:\/\/i0.wp.com\/eltrabajo.cl\/portal\/wp-content\/uploads\/2020\/06\/Explosion2.jpg?fit=580%2C358&ssl=1","jetpack_sharing_enabled":true,"jetpack_likes_enabled":true,"jetpack-related-posts":[],"_links":{"self":[{"href":"https:\/\/eltrabajo.cl\/portal\/wp-json\/wp\/v2\/posts\/100030","targetHints":{"allow":["GET"]}}],"collection":[{"href":"https:\/\/eltrabajo.cl\/portal\/wp-json\/wp\/v2\/posts"}],"about":[{"href":"https:\/\/eltrabajo.cl\/portal\/wp-json\/wp\/v2\/types\/post"}],"author":[{"embeddable":true,"href":"https:\/\/eltrabajo.cl\/portal\/wp-json\/wp\/v2\/users\/482"}],"replies":[{"embeddable":true,"href":"https:\/\/eltrabajo.cl\/portal\/wp-json\/wp\/v2\/comments?post=100030"}],"version-history":[{"count":0,"href":"https:\/\/eltrabajo.cl\/portal\/wp-json\/wp\/v2\/posts\/100030\/revisions"}],"wp:featuredmedia":[{"embeddable":true,"href":"https:\/\/eltrabajo.cl\/portal\/wp-json\/wp\/v2\/media\/100032"}],"wp:attachment":[{"href":"https:\/\/eltrabajo.cl\/portal\/wp-json\/wp\/v2\/media?parent=100030"}],"wp:term":[{"taxonomy":"category","embeddable":true,"href":"https:\/\/eltrabajo.cl\/portal\/wp-json\/wp\/v2\/categories?post=100030"},{"taxonomy":"post_tag","embeddable":true,"href":"https:\/\/eltrabajo.cl\/portal\/wp-json\/wp\/v2\/tags?post=100030"}],"curies":[{"name":"wp","href":"https:\/\/api.w.org\/{rel}","templated":true}]}}