{"id":100035,"date":"2020-06-24T07:30:37","date_gmt":"2020-06-24T11:30:37","guid":{"rendered":"https:\/\/www.eltrabajo.cl\/portal\/?p=100035"},"modified":"2020-06-23T22:30:36","modified_gmt":"2020-06-24T02:30:36","slug":"bomberos-atendio-varios-anegamientos-producto-de-la-lluvia-caida-en-la-zona","status":"publish","type":"post","link":"https:\/\/eltrabajo.cl\/portal\/bomberos-atendio-varios-anegamientos-producto-de-la-lluvia-caida-en-la-zona\/","title":{"rendered":"Bomberos atendi\u00f3 varios anegamientos producto de la lluvia ca\u00edda en la zona"},"content":{"rendered":"<p style=\"text-align: justify;\"><span style=\"color: #c81400;\"><strong>Consecuencias del sistema frontal:<\/strong><\/span><\/p>\n<p style=\"text-align: justify;\">Emergencias por anegamiento de patios que estuvieron a punto de inundar casas, junto al recalentamiento de un medidor porque le cay\u00f3 agua (ver nota aparte), fueron algunas de las emergencias que debi\u00f3 atender personal del Cuerpo de Bomberos de San Felipe, a ra\u00edz de la intensa lluvia que se dej\u00f3 caer en la ciudad de San Felipe en las \u00faltimas horas; lluvias que seg\u00fan los meteor\u00f3logos continuar\u00edan hasta el d\u00eda medio d\u00eda de hoy.<\/p>\n<p style=\"text-align: justify;\">\u00ab<em>Anoche (martes), salimos como a las cuatro de la madrugada a dos emergencias que eran bastante complejas; dos personas, entre ellas una mujer de avanzada edad que el agua estaba ingresando al patio y de ah\u00ed a su vivienda. El llamado que estaba realizando a la operadora era desesperado, llorando dijo que se hab\u00eda contactado con otras instituciones y nadie contestaba. Nosotros no hacemos ese trabajo mientras el municipio no est\u00e9 sobrepasado, lo podemos apoyar, pero a veces no se pueden dejar cosas de un lado. En este caso parte de la Tercera Compa\u00f1\u00eda concurri\u00f3 al sector de la Poblaci\u00f3n Enc\u00f3n, donde afortunadamente le solucionaron el problema. En la Poblaci\u00f3n San Felipe una persona con tres ni\u00f1os tambi\u00e9n se encontraba sola, tambi\u00e9n el agua se le estaba ingresando a la vivienda; ah\u00ed tambi\u00e9n se despach\u00f3 la tercera porque era jurisdicci\u00f3n de ellos y as\u00ed sucesivamente se ha podido ir atendiendo algunas emergencias de inundaci\u00f3n. Afortunadamente nosotros hace mucho rato que tenemos guardias especiales de siete por siete, as\u00ed es que contamos con personal para concurrir a cualquier tipo de emergencias\u00bb,<\/em> se\u00f1al\u00f3 el comandante de Bomberos, <strong>Juan Carlos Herrera Lillo<\/strong>.<\/p>\n<p style=\"text-align: justify;\">En tanto ayer en la ma\u00f1ana, tipo 06:30 horas, otra emergencia se produjo en la Villa El Esplendor; <em>\u00abah\u00ed se despach\u00f3 la Segunda Compa\u00f1\u00eda, tambi\u00e9n lo mismo, gran cantidad de agua en el patio no ten\u00eda por donde salir y se tuvo que trabajar con motobomba para poder sacar un poco el agua. Anoche la verdad que llov\u00eda bastante fuerte, por la gran cantidad de agua que ca\u00eda, algo que no se ve\u00eda hace mucho tiempo, as\u00ed es que se pudo trabajar y solucionar el problema, pero la due\u00f1a iba a ver alg\u00fan tipo de determinaci\u00f3n durante el d\u00eda\u00bb,<\/em> dijo Herrera.<\/p>\n<p style=\"text-align: justify;\">Al finalizar y teniendo en cuenta que se vienen temperaturas bajas, el comandante Juan Carlos Herrera Lillo llam\u00f3 a la comunidad a tener mucho cuidado con el sistema de calefacci\u00f3n que se va a usar; tanto a le\u00f1a, el\u00e9ctrica, gas. Que tome las medidas correspondientes y mucha precauci\u00f3n.<\/p>\n<p style=\"text-align: justify;\">Hasta ayer en la tarde hab\u00edan ca\u00eddo m\u00e1s de 40 mil\u00edmetros de agua en San Felipe, seg\u00fan @aconcaguaclima.<\/p>\n<figure id=\"attachment_100036\" aria-describedby=\"caption-attachment-100036\" style=\"width: 580px\" class=\"wp-caption aligncenter\"><img data-recalc-dims=\"1\" loading=\"lazy\" decoding=\"async\" class=\"size-full wp-image-100036\" src=\"https:\/\/i0.wp.com\/eltrabajo.cl\/portal\/wp-content\/uploads\/2020\/06\/inundacion.jpg?resize=580%2C360&#038;ssl=1\" alt=\"Voluntarios de Bomberos debieron atender inundaciones en varios sectores de la comuna. (Imagen referencial).\" width=\"580\" height=\"360\" srcset=\"https:\/\/i0.wp.com\/eltrabajo.cl\/portal\/wp-content\/uploads\/2020\/06\/inundacion.jpg?w=580&amp;ssl=1 580w, https:\/\/i0.wp.com\/eltrabajo.cl\/portal\/wp-content\/uploads\/2020\/06\/inundacion.jpg?resize=300%2C186&amp;ssl=1 300w, https:\/\/i0.wp.com\/eltrabajo.cl\/portal\/wp-content\/uploads\/2020\/06\/inundacion.jpg?resize=200%2C124&amp;ssl=1 200w\" sizes=\"auto, (max-width: 580px) 100vw, 580px\" \/><figcaption id=\"caption-attachment-100036\" class=\"wp-caption-text\">Voluntarios de Bomberos debieron atender inundaciones en varios sectores de la comuna. (Imagen referencial).<\/figcaption><\/figure>\n","protected":false},"excerpt":{"rendered":"<p>Consecuencias del sistema frontal: Emergencias por anegamiento de patios que estuvieron a punto de inundar casas, junto al recalentamiento de un medidor porque le cay\u00f3 agua (ver nota aparte), fueron algunas de&#8230;<\/p>\n","protected":false},"author":482,"featured_media":100036,"comment_status":"closed","ping_status":"open","sticky":false,"template":"","format":"standard","meta":{"advanced_seo_description":"","jetpack_seo_html_title":"","jetpack_seo_noindex":false,"_jetpack_memberships_contains_paid_content":false,"footnotes":""},"categories":[21],"tags":[],"class_list":["post-100035","post","type-post","status-publish","format-standard","has-post-thumbnail","hentry","category-policial"],"jetpack_featured_media_url":"https:\/\/i0.wp.com\/eltrabajo.cl\/portal\/wp-content\/uploads\/2020\/06\/inundacion.jpg?fit=580%2C360&ssl=1","jetpack_sharing_enabled":true,"jetpack_likes_enabled":true,"jetpack-related-posts":[],"_links":{"self":[{"href":"https:\/\/eltrabajo.cl\/portal\/wp-json\/wp\/v2\/posts\/100035","targetHints":{"allow":["GET"]}}],"collection":[{"href":"https:\/\/eltrabajo.cl\/portal\/wp-json\/wp\/v2\/posts"}],"about":[{"href":"https:\/\/eltrabajo.cl\/portal\/wp-json\/wp\/v2\/types\/post"}],"author":[{"embeddable":true,"href":"https:\/\/eltrabajo.cl\/portal\/wp-json\/wp\/v2\/users\/482"}],"replies":[{"embeddable":true,"href":"https:\/\/eltrabajo.cl\/portal\/wp-json\/wp\/v2\/comments?post=100035"}],"version-history":[{"count":0,"href":"https:\/\/eltrabajo.cl\/portal\/wp-json\/wp\/v2\/posts\/100035\/revisions"}],"wp:featuredmedia":[{"embeddable":true,"href":"https:\/\/eltrabajo.cl\/portal\/wp-json\/wp\/v2\/media\/100036"}],"wp:attachment":[{"href":"https:\/\/eltrabajo.cl\/portal\/wp-json\/wp\/v2\/media?parent=100035"}],"wp:term":[{"taxonomy":"category","embeddable":true,"href":"https:\/\/eltrabajo.cl\/portal\/wp-json\/wp\/v2\/categories?post=100035"},{"taxonomy":"post_tag","embeddable":true,"href":"https:\/\/eltrabajo.cl\/portal\/wp-json\/wp\/v2\/tags?post=100035"}],"curies":[{"name":"wp","href":"https:\/\/api.w.org\/{rel}","templated":true}]}}