{"id":100045,"date":"2020-06-24T08:00:04","date_gmt":"2020-06-24T12:00:04","guid":{"rendered":"https:\/\/www.eltrabajo.cl\/portal\/?p=100045"},"modified":"2020-06-23T22:36:21","modified_gmt":"2020-06-24T02:36:21","slug":"conductor-salva-de-milagro-tras-impactar-con-poste-del-tendido-electrico","status":"publish","type":"post","link":"https:\/\/eltrabajo.cl\/portal\/conductor-salva-de-milagro-tras-impactar-con-poste-del-tendido-electrico\/","title":{"rendered":"Conductor salva de milagro tras impactar con poste del tendido el\u00e9ctrico"},"content":{"rendered":"<ul style=\"text-align: justify;\">\n<li><strong> \u00abLa saqu\u00e9 barata\u00bb, reconoci\u00f3 el \u00fanico ocupante del veh\u00edculo que sufri\u00f3 da\u00f1os severos tras el violento impacto.<\/strong><\/li>\n<\/ul>\n<p style=\"text-align: justify;\">El conductor de un autom\u00f3vil salv\u00f3 ileso tras impactar con un poste del alumbrado p\u00fablico la ma\u00f1ana de este martes en el camino Troncal, ex ruta 60 CH, sector El Pe\u00f1\u00f3n en Panquehue.<\/p>\n<p style=\"text-align: justify;\">As\u00ed lo inform\u00f3 el comandante de Bomberos, <strong>Juan Carlos Herrera Lillo<\/strong>: <em>\u00abEn la ma\u00f1ana hubo un accidente vehicular en el sector de Panquehue, se despach\u00f3 la Sexta Compa\u00f1\u00eda, fue un choque de alta energ\u00eda donde qued\u00f3 atrapada una persona porque el golpe fue justo para el lado del chofer. Se tuvo que pedir apoyo a San Felipe, la Unidad de Rescate fue despachada al lugar y afortunadamente se pudo rescatar sin ning\u00fan problema. Si hubiera sido un choque de mucha m\u00e1s energ\u00eda de lo que fue, la verdad que el chofer no hubiera estado con vida porque fue un golpe que recibi\u00f3 todo el conductor\u00bb,<\/em> dijo.<\/p>\n<p style=\"text-align: justify;\">Indic\u00f3 que en el momento del accidente se desconoc\u00eda en qu\u00e9 direcci\u00f3n iba porque el veh\u00edculo qued\u00f3 dado vuelta.<\/p>\n<p style=\"text-align: justify;\">Sobre la causa del accidente, el oficial bomberil indic\u00f3 que muy probablemente se deber\u00eda a lo resbaladizo de la calzada producto de la intensa lluvia que se ha dejado caer en las \u00faltimas horas en la zona; <em>\u00aba esa hora la lluvia que ca\u00eda era intensa, muy probable que podr\u00eda haber sido eso\u00bb,<\/em> se\u00f1al\u00f3 Herrera.<\/p>\n<p style=\"text-align: justify;\">&#8211; <strong>\u00bfPero la persona salv\u00f3 ilesa, no tuvo mayores lesiones?<\/strong><\/p>\n<p style=\"text-align: justify;\">&#8211; S\u00ed, efectivamente, lo \u00fanico que estaba atrapada la persona porque donde qued\u00f3, el veh\u00edculo chico qued\u00f3 como presionada, no ten\u00eda ning\u00fan tipo de movimiento, as\u00ed es que bomberos tuvo que trabajar con m\u00e1quinas para poder rescatarlos de entre los fierros.<\/p>\n<p style=\"text-align: justify;\">&#8211; <strong>\u00bfFue el \u00fanico veh\u00edculo, no hab\u00eda otro participante?<\/strong><\/p>\n<p style=\"text-align: justify;\">&#8211; El \u00fanico veh\u00edculo en que se tuvo que trabajar.<\/p>\n<p style=\"text-align: justify;\">&#8211; <strong>\u00bfComentaba algo el conductor?<\/strong><\/p>\n<p style=\"text-align: justify;\">&#8211; Lo \u00fanico que dec\u00eda que la <em>\u00abhab\u00eda sacado barata\u00bb,<\/em> nada m\u00e1s, de todas maneras es muy raro viendo el impacto, que un conductor salga sin lesiones de un choque as\u00ed.<\/p>\n<p style=\"text-align: justify;\">Se\u00f1alar que el autom\u00f3vil corresponde a un veh\u00edculo peque\u00f1o, de los llamados city car, espec\u00edficamente un Chevrolet Spark.<\/p>\n<figure id=\"attachment_100046\" aria-describedby=\"caption-attachment-100046\" style=\"width: 579px\" class=\"wp-caption aligncenter\"><img data-recalc-dims=\"1\" loading=\"lazy\" decoding=\"async\" class=\"size-full wp-image-100046\" src=\"https:\/\/i0.wp.com\/eltrabajo.cl\/portal\/wp-content\/uploads\/2020\/06\/Choque-2.jpg?resize=579%2C700&#038;ssl=1\" alt=\"Incrustado en el poste del alumbrado p\u00fablico termin\u00f3 el autom\u00f3vil, cuyo conductor result\u00f3 milagrosamente ileso.\" width=\"579\" height=\"700\" srcset=\"https:\/\/i0.wp.com\/eltrabajo.cl\/portal\/wp-content\/uploads\/2020\/06\/Choque-2.jpg?w=579&amp;ssl=1 579w, https:\/\/i0.wp.com\/eltrabajo.cl\/portal\/wp-content\/uploads\/2020\/06\/Choque-2.jpg?resize=248%2C300&amp;ssl=1 248w, https:\/\/i0.wp.com\/eltrabajo.cl\/portal\/wp-content\/uploads\/2020\/06\/Choque-2.jpg?resize=124%2C150&amp;ssl=1 124w\" sizes=\"auto, (max-width: 579px) 100vw, 579px\" \/><figcaption id=\"caption-attachment-100046\" class=\"wp-caption-text\">Incrustado en el poste del alumbrado p\u00fablico termin\u00f3 el autom\u00f3vil, cuyo conductor result\u00f3 milagrosamente ileso.<\/figcaption><\/figure>\n<figure id=\"attachment_100047\" aria-describedby=\"caption-attachment-100047\" style=\"width: 580px\" class=\"wp-caption aligncenter\"><img data-recalc-dims=\"1\" loading=\"lazy\" decoding=\"async\" class=\"size-full wp-image-100047\" src=\"https:\/\/i0.wp.com\/eltrabajo.cl\/portal\/wp-content\/uploads\/2020\/06\/Choque-1.jpg?resize=580%2C700&#038;ssl=1\" alt=\"Personal de Bomberos de San Felipe debi\u00f3 concurrir al sitio del suceso para liberar al conductor que qued\u00f3 atrapado en el deformado habit\u00e1culo.\" width=\"580\" height=\"700\" srcset=\"https:\/\/i0.wp.com\/eltrabajo.cl\/portal\/wp-content\/uploads\/2020\/06\/Choque-1.jpg?w=580&amp;ssl=1 580w, https:\/\/i0.wp.com\/eltrabajo.cl\/portal\/wp-content\/uploads\/2020\/06\/Choque-1.jpg?resize=249%2C300&amp;ssl=1 249w, https:\/\/i0.wp.com\/eltrabajo.cl\/portal\/wp-content\/uploads\/2020\/06\/Choque-1.jpg?resize=124%2C150&amp;ssl=1 124w\" sizes=\"auto, (max-width: 580px) 100vw, 580px\" \/><figcaption id=\"caption-attachment-100047\" class=\"wp-caption-text\">Personal de Bomberos de San Felipe debi\u00f3 concurrir al sitio del suceso para liberar al conductor que qued\u00f3 atrapado en el deformado habit\u00e1culo.<\/figcaption><\/figure>\n","protected":false},"excerpt":{"rendered":"<p>\u00abLa saqu\u00e9 barata\u00bb, reconoci\u00f3 el \u00fanico ocupante del veh\u00edculo que sufri\u00f3 da\u00f1os severos tras el violento impacto. El conductor de un autom\u00f3vil salv\u00f3 ileso tras impactar con un poste del alumbrado p\u00fablico&#8230;<\/p>\n","protected":false},"author":482,"featured_media":100048,"comment_status":"closed","ping_status":"open","sticky":false,"template":"","format":"standard","meta":{"advanced_seo_description":"","jetpack_seo_html_title":"","jetpack_seo_noindex":false,"_jetpack_memberships_contains_paid_content":false,"footnotes":""},"categories":[21],"tags":[],"class_list":["post-100045","post","type-post","status-publish","format-standard","has-post-thumbnail","hentry","category-policial"],"jetpack_featured_media_url":"https:\/\/i0.wp.com\/eltrabajo.cl\/portal\/wp-content\/uploads\/2020\/06\/portada.jpg?fit=580%2C360&ssl=1","jetpack_sharing_enabled":true,"jetpack_likes_enabled":true,"jetpack-related-posts":[],"_links":{"self":[{"href":"https:\/\/eltrabajo.cl\/portal\/wp-json\/wp\/v2\/posts\/100045","targetHints":{"allow":["GET"]}}],"collection":[{"href":"https:\/\/eltrabajo.cl\/portal\/wp-json\/wp\/v2\/posts"}],"about":[{"href":"https:\/\/eltrabajo.cl\/portal\/wp-json\/wp\/v2\/types\/post"}],"author":[{"embeddable":true,"href":"https:\/\/eltrabajo.cl\/portal\/wp-json\/wp\/v2\/users\/482"}],"replies":[{"embeddable":true,"href":"https:\/\/eltrabajo.cl\/portal\/wp-json\/wp\/v2\/comments?post=100045"}],"version-history":[{"count":0,"href":"https:\/\/eltrabajo.cl\/portal\/wp-json\/wp\/v2\/posts\/100045\/revisions"}],"wp:featuredmedia":[{"embeddable":true,"href":"https:\/\/eltrabajo.cl\/portal\/wp-json\/wp\/v2\/media\/100048"}],"wp:attachment":[{"href":"https:\/\/eltrabajo.cl\/portal\/wp-json\/wp\/v2\/media?parent=100045"}],"wp:term":[{"taxonomy":"category","embeddable":true,"href":"https:\/\/eltrabajo.cl\/portal\/wp-json\/wp\/v2\/categories?post=100045"},{"taxonomy":"post_tag","embeddable":true,"href":"https:\/\/eltrabajo.cl\/portal\/wp-json\/wp\/v2\/tags?post=100045"}],"curies":[{"name":"wp","href":"https:\/\/api.w.org\/{rel}","templated":true}]}}