{"id":100054,"date":"2020-06-24T20:41:46","date_gmt":"2020-06-25T00:41:46","guid":{"rendered":"https:\/\/www.eltrabajo.cl\/portal\/?p=100054"},"modified":"2020-06-24T20:41:46","modified_gmt":"2020-06-25T00:41:46","slug":"pequenos-aconcaguinos-fueron-protagonistas-del-torneo-virtual-de-mini-basquet","status":"publish","type":"post","link":"https:\/\/eltrabajo.cl\/portal\/pequenos-aconcaguinos-fueron-protagonistas-del-torneo-virtual-de-mini-basquet\/","title":{"rendered":"Peque\u00f1os aconcag\u00fcinos fueron protagonistas del torneo virtual de Mini B\u00e1squet"},"content":{"rendered":"<p style=\"text-align: justify;\">Todo un \u00e9xito result\u00f3 la novedosa competencia virtual de Mini B\u00e1squet que durante el fin de semana pasado organiz\u00f3 el comit\u00e9 de esa categor\u00eda de la Febachile. Fueron cientos los ni\u00f1os(as) de todo el pa\u00eds que compitieron. <em>\u00abQuedamos muy contentos con la convocatoria. Con esto los chicos siguen motivados y se mantienen en movimiento durante este periodo\u00bb,<\/em> declar\u00f3 a <strong>El Trabajo Deportivo<\/strong>, uno de los organizadores de la competencia que tuvo como protagonista a Trasandino de Los Andes, <strong>Juan Carlos Acu\u00f1a<\/strong>.<\/p>\n<p style=\"text-align: justify;\">En el encuentro virtual los equipos debieron ir quemando etapas previas hasta llegar a la culminaci\u00f3n del evento que era de car\u00e1cter l\u00fadico. Se parti\u00f3 con una activaci\u00f3n muscular y posterior control del bal\u00f3n. En el segundo tiempo hubo una rueda de preguntas de cultura general y la selecci\u00f3n chilena de b\u00e1squetbol; para finalizar con ejercicios f\u00edsicos de fuerza en la parte superior del cuerpo. <em>\u00abTodo esto v\u00eda Zoom, y la verdad fue muy entretenido porque se not\u00f3 que todos los participaron se entretuvieron mucho, por lo que se cumpli\u00f3 con creces el objetivo que era generar lazos\u00bb,<\/em> agreg\u00f3 Acu\u00f1a.<\/p>\n<p style=\"text-align: justify;\">En la ronda final de preguntas los integrantes de Trasandino debieron \u2018enfrentarse\u2019 al equipo del Club Deportivo Osorno.<\/p>\n<figure id=\"attachment_100057\" aria-describedby=\"caption-attachment-100057\" style=\"width: 580px\" class=\"wp-caption aligncenter\"><img data-recalc-dims=\"1\" loading=\"lazy\" decoding=\"async\" class=\"size-full wp-image-100057\" src=\"https:\/\/i0.wp.com\/eltrabajo.cl\/portal\/wp-content\/uploads\/2020\/06\/competncia-virtual-copia.jpg?resize=580%2C360&#038;ssl=1\" alt=\"Ni\u00f1os (as) del valle de Aconcagua participaron en la competencia virtual de Mini B\u00e1squet. \" width=\"580\" height=\"360\" srcset=\"https:\/\/i0.wp.com\/eltrabajo.cl\/portal\/wp-content\/uploads\/2020\/06\/competncia-virtual-copia.jpg?w=580&amp;ssl=1 580w, https:\/\/i0.wp.com\/eltrabajo.cl\/portal\/wp-content\/uploads\/2020\/06\/competncia-virtual-copia.jpg?resize=300%2C186&amp;ssl=1 300w, https:\/\/i0.wp.com\/eltrabajo.cl\/portal\/wp-content\/uploads\/2020\/06\/competncia-virtual-copia.jpg?resize=200%2C124&amp;ssl=1 200w\" sizes=\"auto, (max-width: 580px) 100vw, 580px\" \/><figcaption id=\"caption-attachment-100057\" class=\"wp-caption-text\">Ni\u00f1os (as) del valle de Aconcagua participaron en la competencia virtual de Mini B\u00e1squet.<\/figcaption><\/figure>\n","protected":false},"excerpt":{"rendered":"<p>Todo un \u00e9xito result\u00f3 la novedosa competencia virtual de Mini B\u00e1squet que durante el fin de semana pasado organiz\u00f3 el comit\u00e9 de esa categor\u00eda de la Febachile. Fueron cientos los ni\u00f1os(as) de&#8230;<\/p>\n","protected":false},"author":482,"featured_media":100057,"comment_status":"closed","ping_status":"open","sticky":false,"template":"","format":"standard","meta":{"advanced_seo_description":"","jetpack_seo_html_title":"","jetpack_seo_noindex":false,"_jetpack_memberships_contains_paid_content":false,"footnotes":""},"categories":[19],"tags":[],"class_list":["post-100054","post","type-post","status-publish","format-standard","has-post-thumbnail","hentry","category-deportes"],"jetpack_featured_media_url":"https:\/\/i0.wp.com\/eltrabajo.cl\/portal\/wp-content\/uploads\/2020\/06\/competncia-virtual-copia.jpg?fit=580%2C360&ssl=1","jetpack_sharing_enabled":true,"jetpack_likes_enabled":true,"jetpack-related-posts":[],"_links":{"self":[{"href":"https:\/\/eltrabajo.cl\/portal\/wp-json\/wp\/v2\/posts\/100054","targetHints":{"allow":["GET"]}}],"collection":[{"href":"https:\/\/eltrabajo.cl\/portal\/wp-json\/wp\/v2\/posts"}],"about":[{"href":"https:\/\/eltrabajo.cl\/portal\/wp-json\/wp\/v2\/types\/post"}],"author":[{"embeddable":true,"href":"https:\/\/eltrabajo.cl\/portal\/wp-json\/wp\/v2\/users\/482"}],"replies":[{"embeddable":true,"href":"https:\/\/eltrabajo.cl\/portal\/wp-json\/wp\/v2\/comments?post=100054"}],"version-history":[{"count":0,"href":"https:\/\/eltrabajo.cl\/portal\/wp-json\/wp\/v2\/posts\/100054\/revisions"}],"wp:featuredmedia":[{"embeddable":true,"href":"https:\/\/eltrabajo.cl\/portal\/wp-json\/wp\/v2\/media\/100057"}],"wp:attachment":[{"href":"https:\/\/eltrabajo.cl\/portal\/wp-json\/wp\/v2\/media?parent=100054"}],"wp:term":[{"taxonomy":"category","embeddable":true,"href":"https:\/\/eltrabajo.cl\/portal\/wp-json\/wp\/v2\/categories?post=100054"},{"taxonomy":"post_tag","embeddable":true,"href":"https:\/\/eltrabajo.cl\/portal\/wp-json\/wp\/v2\/tags?post=100054"}],"curies":[{"name":"wp","href":"https:\/\/api.w.org\/{rel}","templated":true}]}}