{"id":100063,"date":"2020-06-25T07:30:44","date_gmt":"2020-06-25T11:30:44","guid":{"rendered":"https:\/\/www.eltrabajo.cl\/portal\/?p=100063"},"modified":"2020-06-24T20:52:21","modified_gmt":"2020-06-25T00:52:21","slug":"las-hermanas-videla-destacan-por-su-comedor-solidario-en-el-esfuerzo","status":"publish","type":"post","link":"https:\/\/eltrabajo.cl\/portal\/las-hermanas-videla-destacan-por-su-comedor-solidario-en-el-esfuerzo\/","title":{"rendered":"Las Hermanas Videla destacan por su Comedor Solidario en El Esfuerzo"},"content":{"rendered":"<p style=\"text-align: justify;\"><span style=\"color: #c81400;\"><strong>Desde ni\u00f1as, Tania y Lissette en obras solidarias:<\/strong><\/span><\/p>\n<p style=\"text-align: justify;\">Siempre que en <strong>Diario El Trabajo<\/strong> destacamos la labor social que desarrollan varios grupos de voluntarios en nuestra comuna, puntualmente quienes realizan obras sociales para apoyar con Bingos Solidarios, plato \u00fanico y ahora tambi\u00e9n que est\u00e1n activos los comedores solidarios, es normal a veces que debamos mencionar a dos personas muy conocidas en San Felipe, pero a quienes nunca hemos logrado destacar.<\/p>\n<p style=\"text-align: justify;\">Han sido a\u00f1os de labor silenciosa de las hermanas <strong>Lissette<\/strong> y <strong>Tania<\/strong> <strong>Videla Silva<\/strong>, quienes desde que eran muy chicas aprendieron a entregarse a la labor del voluntariado en las poblaciones donde han vivido, ahora son mujeres adultas y con mayor alegr\u00eda contin\u00faan haciendo su trabajo en nuestra ciudad.<\/p>\n<p style=\"text-align: justify;\">\n<p style=\"text-align: justify;\"><span style=\"color: #c81400;\"><strong>\u00abA LAS DOS NOS ENCANTA AYUDAR\u00bb<\/strong><\/span><\/p>\n<p style=\"text-align: justify;\">Lissette vive en Quebrada Herrera, no logramos hablar con ella ayer mi\u00e9rcoles, pero s\u00ed fuimos atendidos por Tania Videla en Poblaci\u00f3n El Esfuerzo, as\u00ed, nos explic\u00f3 c\u00f3mo se las ingenian para funcionar con comedores y otras iniciativas sin tener que pedir dinero a los dem\u00e1s.<\/p>\n<p style=\"text-align: justify;\">\u00ab<em>Nosotras, Lissette y yo desde muy chicas que nos gust\u00f3 participar y apoyar en las poblaciones donde vivimos en actividades solidarias, es algo con lo que nacimos creo, siempre nos ha gustado apoyar y mientras tengamos fuerza y salud lo seguiremos haciendo<\/em>\u00bb, dijo Tania a nuestro medio.<\/p>\n<p style=\"text-align: justify;\">&#8211; <strong>\u00bfC\u00f3mo logran reunir los alimentos para estas actividades?<\/strong><\/p>\n<p style=\"text-align: justify;\">&#8211; Muy simple, los mismos vecinos son quienes nos tienen mucha confianza y donan la mercader\u00eda; si una caja de leche nos donan, al tiro lo subimos a redes sociales y ah\u00ed dejamos patentado lo que se recibe o lo que se entrega.<\/p>\n<p style=\"text-align: justify;\">&#8211; <strong>\u00bfEs verdad que ustedes no aceptan dinero en efectivo para mantener el Comedor Solidario que desarrollan?<\/strong><\/p>\n<p style=\"text-align: justify;\">&#8211; As\u00ed es, aceptar dinero para este tipo de cosas es complicado, buscamos que si hay alguna persona con c\u00e1ncer o familias a las que se les quem\u00f3 su casa, y si alguien desea dar dinero, que se lo den a la familia afectada directamente.<\/p>\n<p style=\"text-align: justify;\">&#8211; <strong>\u00bfC\u00f3mo est\u00e1n trabajando ahora con la Pandemia?<\/strong><\/p>\n<p style=\"text-align: justify;\">&#8211; Son muchas las donaciones las que nos llegan, la mayor\u00eda las usamos para el Comedor Solidario de la sede de El Esfuerzo, pero como es bastante la mercader\u00eda, tambi\u00e9n repartimos a familias con Covid, y en algunos casos entregamos cajas, las llenamos bien y las entregamos a estas familias; en cuanto al comedor, varias son las agrupaciones que se unen a nuestro comedor, el Municipio nos ha entregado a quienes manejamos comedores, ollas, gas y cocinas de gas para poder funcionar, aqu\u00ed hambre nadie tiene que pasar si estamos nosotras y otras personas trabajando con mucho cari\u00f1o para todos.<\/p>\n<p style=\"text-align: justify;\">&#8211; <strong>\u00bfC\u00f3mo pueden nuestros lectores seguir ayudando a estas iniciativas solidarias que ustedes desarrollan en nuestra ciudad?<\/strong><\/p>\n<p style=\"text-align: justify;\">&#8211; Pueden preguntar por nosotras en Poblaci\u00f3n El Esfuerzo, y tambi\u00e9n pueden llamar al <strong>+56 9 8794 6671<\/strong>, con mi hermana Lissette.<\/p>\n<p style=\"text-align: justify;\"><strong>Roberto Gonz\u00e1lez Short<\/strong><\/p>\n<figure id=\"attachment_100064\" aria-describedby=\"caption-attachment-100064\" style=\"width: 580px\" class=\"wp-caption aligncenter\"><img data-recalc-dims=\"1\" loading=\"lazy\" decoding=\"async\" class=\"size-full wp-image-100064\" src=\"https:\/\/i0.wp.com\/eltrabajo.cl\/portal\/wp-content\/uploads\/2020\/06\/Hermanas1.jpg?resize=580%2C360&#038;ssl=1\" alt=\"FUERZA CHIQUILLAS.- Aqu\u00ed vemos a las Hermanas Videla Silva, en plenas labores en su Comedor Solidario de Poblaci\u00f3n El Esfuerzo.\" width=\"580\" height=\"360\" srcset=\"https:\/\/i0.wp.com\/eltrabajo.cl\/portal\/wp-content\/uploads\/2020\/06\/Hermanas1.jpg?w=580&amp;ssl=1 580w, https:\/\/i0.wp.com\/eltrabajo.cl\/portal\/wp-content\/uploads\/2020\/06\/Hermanas1.jpg?resize=300%2C186&amp;ssl=1 300w, https:\/\/i0.wp.com\/eltrabajo.cl\/portal\/wp-content\/uploads\/2020\/06\/Hermanas1.jpg?resize=200%2C124&amp;ssl=1 200w\" sizes=\"auto, (max-width: 580px) 100vw, 580px\" \/><figcaption id=\"caption-attachment-100064\" class=\"wp-caption-text\">FUERZA CHIQUILLAS.- Aqu\u00ed vemos a las Hermanas Videla Silva, en plenas labores en su Comedor Solidario de Poblaci\u00f3n El Esfuerzo.<\/figcaption><\/figure>\n<figure id=\"attachment_100065\" aria-describedby=\"caption-attachment-100065\" style=\"width: 580px\" class=\"wp-caption aligncenter\"><img data-recalc-dims=\"1\" loading=\"lazy\" decoding=\"async\" class=\"size-full wp-image-100065\" src=\"https:\/\/i0.wp.com\/eltrabajo.cl\/portal\/wp-content\/uploads\/2020\/06\/Hermanas_Lissette-Videla-Silva.jpg?resize=580%2C598&#038;ssl=1\" alt=\"Lissette Videla, siempre lista para ayudar a sus vecinos.\" width=\"580\" height=\"598\" srcset=\"https:\/\/i0.wp.com\/eltrabajo.cl\/portal\/wp-content\/uploads\/2020\/06\/Hermanas_Lissette-Videla-Silva.jpg?w=580&amp;ssl=1 580w, https:\/\/i0.wp.com\/eltrabajo.cl\/portal\/wp-content\/uploads\/2020\/06\/Hermanas_Lissette-Videla-Silva.jpg?resize=291%2C300&amp;ssl=1 291w, https:\/\/i0.wp.com\/eltrabajo.cl\/portal\/wp-content\/uploads\/2020\/06\/Hermanas_Lissette-Videla-Silva.jpg?resize=145%2C150&amp;ssl=1 145w\" sizes=\"auto, (max-width: 580px) 100vw, 580px\" \/><figcaption id=\"caption-attachment-100065\" class=\"wp-caption-text\">Lissette Videla, siempre lista para ayudar a sus vecinos.<\/figcaption><\/figure>\n<figure id=\"attachment_100066\" aria-describedby=\"caption-attachment-100066\" style=\"width: 580px\" class=\"wp-caption aligncenter\"><img data-recalc-dims=\"1\" loading=\"lazy\" decoding=\"async\" class=\"size-full wp-image-100066\" src=\"https:\/\/i0.wp.com\/eltrabajo.cl\/portal\/wp-content\/uploads\/2020\/06\/Hermanas_Tania-Videla-Silva.jpg?resize=580%2C600&#038;ssl=1\" alt=\"Tania Videla habl\u00f3 ayer con Diario El Trabajo en su casa de habitaci\u00f3n.\" width=\"580\" height=\"600\" srcset=\"https:\/\/i0.wp.com\/eltrabajo.cl\/portal\/wp-content\/uploads\/2020\/06\/Hermanas_Tania-Videla-Silva.jpg?w=580&amp;ssl=1 580w, https:\/\/i0.wp.com\/eltrabajo.cl\/portal\/wp-content\/uploads\/2020\/06\/Hermanas_Tania-Videla-Silva.jpg?resize=290%2C300&amp;ssl=1 290w, https:\/\/i0.wp.com\/eltrabajo.cl\/portal\/wp-content\/uploads\/2020\/06\/Hermanas_Tania-Videla-Silva.jpg?resize=145%2C150&amp;ssl=1 145w\" sizes=\"auto, (max-width: 580px) 100vw, 580px\" \/><figcaption id=\"caption-attachment-100066\" class=\"wp-caption-text\">Tania Videla habl\u00f3 ayer con Diario El Trabajo en su casa de habitaci\u00f3n.<\/figcaption><\/figure>\n","protected":false},"excerpt":{"rendered":"<p>Desde ni\u00f1as, Tania y Lissette en obras solidarias: Siempre que en Diario El Trabajo destacamos la labor social que desarrollan varios grupos de voluntarios en nuestra comuna, puntualmente quienes realizan obras sociales&#8230;<\/p>\n","protected":false},"author":482,"featured_media":100064,"comment_status":"closed","ping_status":"open","sticky":false,"template":"","format":"standard","meta":{"advanced_seo_description":"","jetpack_seo_html_title":"","jetpack_seo_noindex":false,"_jetpack_memberships_contains_paid_content":false,"footnotes":""},"categories":[15],"tags":[],"class_list":["post-100063","post","type-post","status-publish","format-standard","has-post-thumbnail","hentry","category-comunidad"],"jetpack_featured_media_url":"https:\/\/i0.wp.com\/eltrabajo.cl\/portal\/wp-content\/uploads\/2020\/06\/Hermanas1.jpg?fit=580%2C360&ssl=1","jetpack_sharing_enabled":true,"jetpack_likes_enabled":true,"jetpack-related-posts":[],"_links":{"self":[{"href":"https:\/\/eltrabajo.cl\/portal\/wp-json\/wp\/v2\/posts\/100063","targetHints":{"allow":["GET"]}}],"collection":[{"href":"https:\/\/eltrabajo.cl\/portal\/wp-json\/wp\/v2\/posts"}],"about":[{"href":"https:\/\/eltrabajo.cl\/portal\/wp-json\/wp\/v2\/types\/post"}],"author":[{"embeddable":true,"href":"https:\/\/eltrabajo.cl\/portal\/wp-json\/wp\/v2\/users\/482"}],"replies":[{"embeddable":true,"href":"https:\/\/eltrabajo.cl\/portal\/wp-json\/wp\/v2\/comments?post=100063"}],"version-history":[{"count":0,"href":"https:\/\/eltrabajo.cl\/portal\/wp-json\/wp\/v2\/posts\/100063\/revisions"}],"wp:featuredmedia":[{"embeddable":true,"href":"https:\/\/eltrabajo.cl\/portal\/wp-json\/wp\/v2\/media\/100064"}],"wp:attachment":[{"href":"https:\/\/eltrabajo.cl\/portal\/wp-json\/wp\/v2\/media?parent=100063"}],"wp:term":[{"taxonomy":"category","embeddable":true,"href":"https:\/\/eltrabajo.cl\/portal\/wp-json\/wp\/v2\/categories?post=100063"},{"taxonomy":"post_tag","embeddable":true,"href":"https:\/\/eltrabajo.cl\/portal\/wp-json\/wp\/v2\/tags?post=100063"}],"curies":[{"name":"wp","href":"https:\/\/api.w.org\/{rel}","templated":true}]}}