{"id":100073,"date":"2020-06-25T07:50:31","date_gmt":"2020-06-25T11:50:31","guid":{"rendered":"https:\/\/www.eltrabajo.cl\/portal\/?p=100073"},"modified":"2020-06-24T20:59:51","modified_gmt":"2020-06-25T00:59:51","slug":"doctor-lolas-entrega-en-comodato-vitalicio-terreno-a-bomberos-de-santa-maria","status":"publish","type":"post","link":"https:\/\/eltrabajo.cl\/portal\/doctor-lolas-entrega-en-comodato-vitalicio-terreno-a-bomberos-de-santa-maria\/","title":{"rendered":"Doctor Lolas entrega en comodato vitalicio terreno a Bomberos de Santa Mar\u00eda"},"content":{"rendered":"<p style=\"text-align: justify;\"><span style=\"color: #c81400;\"><strong>Para instalar antena que les robaron:<\/strong><\/span><\/p>\n<p style=\"text-align: justify;\">Felices est\u00e1n los Bomberos de Santa Mar\u00eda porque luego de sufrir hace unas semanas el robo de equipos de transmisi\u00f3n y provocar da\u00f1os a una antena -lo que les imposibilita tener mejor comunicaci\u00f3n entre ellos ante una emergencia-, este d\u00eda martes y tras una gesti\u00f3n realizada por el alcalde <strong>Claudio Zurita Ibarra<\/strong>, un vecino del sector, el doctor <strong>Alejandro Lolas<\/strong>, les va a entregar en comodato de por vida un pedazo de terreno en el cerro Las Herreras para que se instalen ah\u00ed y puedan comunicarse como corresponde como as\u00ed tambi\u00e9n con mayor seguridad.<\/p>\n<p style=\"text-align: justify;\">\u00ab<em>Hoy tras una grata reuni\u00f3n gestionada por el se\u00f1or alcalde Claudio Patricio Zurita Ibarra, donde particip\u00f3 nuestro Superintendente se\u00f1or Humberto Cuevas junto al relacionador p\u00fablico de nuestra instituci\u00f3n, el se\u00f1or Diego Arancibia, recibimos una muy buena noticia de parte del se\u00f1or Alejandro Lolas, quien enterado por el robo de nuestra antena repetidora ceder\u00e1 en calidad de comodato, un sector de terreno en Cerro Las Herrera para que podamos reconstruir nuestra antena, mucho m\u00e1s cerca y a mejor resguardo. Agradecemos enormemente al se\u00f1or Lolas este enorme gesto\u00bb,<\/em> finaliza la publicaci\u00f3n en Facebook.<\/p>\n<p style=\"text-align: justify;\">Al respecto el RR.PP Diego Arancibia, dijo que estaban muy felices, ahora viene la parte legal para recibir como corresponde el terreno en comodato de por vida. Para eso est\u00e1n trabajando abogados.<\/p>\n<p style=\"text-align: justify;\">\u00ab<em>La comuna de Santa Mar\u00eda es tan peque\u00f1a, pero por los cerros la comunicaci\u00f3n se ve imposibilitada. Esto nos llena de alegr\u00eda. Ahora don Alejandro Lolas est\u00e1 viendo con su abogado la forma de hacer la escritura, va a ser un comodato para siempre. Una vez solucionado eso vamos a postular a un proyecto con la ayuda de nuestro presidente provincial Julio Hardoy, y sacar adelante el asunto. Tambi\u00e9n hab\u00edan unos ofrecimientos de algunas antenas que hay ya en el cerro y que transitoriamente podamos tener algunos equipos prestados e instalarlos para solucionar algo moment\u00e1neo que no va a ser la soluci\u00f3n, pero algo para salir del paso\u00bb,<\/em> se\u00f1al\u00f3.<\/p>\n<p style=\"text-align: justify;\">El Cerro Las Herreras se encuentra en el centro de la comuna de Santa Mar\u00eda.<\/p>\n<figure id=\"attachment_100055\" aria-describedby=\"caption-attachment-100055\" style=\"width: 577px\" class=\"wp-caption aligncenter\"><img data-recalc-dims=\"1\" loading=\"lazy\" decoding=\"async\" class=\"size-full wp-image-100055\" src=\"https:\/\/i0.wp.com\/eltrabajo.cl\/portal\/wp-content\/uploads\/2020\/06\/Bomberos..jpg?resize=577%2C600&#038;ssl=1\" alt=\"Todos los participantes en la conversaci\u00f3n donde se encontr\u00f3 una soluci\u00f3n. Diego Arancibia, Humberto Cuevas, Claudio Zurita y Alejandro Lolas hablando por Zoom.\" width=\"577\" height=\"600\" srcset=\"https:\/\/i0.wp.com\/eltrabajo.cl\/portal\/wp-content\/uploads\/2020\/06\/Bomberos..jpg?w=577&amp;ssl=1 577w, https:\/\/i0.wp.com\/eltrabajo.cl\/portal\/wp-content\/uploads\/2020\/06\/Bomberos..jpg?resize=289%2C300&amp;ssl=1 289w, https:\/\/i0.wp.com\/eltrabajo.cl\/portal\/wp-content\/uploads\/2020\/06\/Bomberos..jpg?resize=144%2C150&amp;ssl=1 144w\" sizes=\"auto, (max-width: 577px) 100vw, 577px\" \/><figcaption id=\"caption-attachment-100055\" class=\"wp-caption-text\">Todos los participantes en la conversaci\u00f3n donde se encontr\u00f3 una soluci\u00f3n. Diego Arancibia, Humberto Cuevas, Claudio Zurita y Alejandro Lolas hablando por Zoom.<\/figcaption><\/figure>\n","protected":false},"excerpt":{"rendered":"<p>Para instalar antena que les robaron: Felices est\u00e1n los Bomberos de Santa Mar\u00eda porque luego de sufrir hace unas semanas el robo de equipos de transmisi\u00f3n y provocar da\u00f1os a una antena&#8230;<\/p>\n","protected":false},"author":482,"featured_media":100056,"comment_status":"closed","ping_status":"open","sticky":false,"template":"","format":"standard","meta":{"advanced_seo_description":"","jetpack_seo_html_title":"","jetpack_seo_noindex":false,"_jetpack_memberships_contains_paid_content":false,"footnotes":""},"categories":[15],"tags":[],"class_list":["post-100073","post","type-post","status-publish","format-standard","has-post-thumbnail","hentry","category-comunidad"],"jetpack_featured_media_url":"https:\/\/i0.wp.com\/eltrabajo.cl\/portal\/wp-content\/uploads\/2020\/06\/Bomberos.-copia.jpg?fit=580%2C360&ssl=1","jetpack_sharing_enabled":true,"jetpack_likes_enabled":true,"jetpack-related-posts":[],"_links":{"self":[{"href":"https:\/\/eltrabajo.cl\/portal\/wp-json\/wp\/v2\/posts\/100073","targetHints":{"allow":["GET"]}}],"collection":[{"href":"https:\/\/eltrabajo.cl\/portal\/wp-json\/wp\/v2\/posts"}],"about":[{"href":"https:\/\/eltrabajo.cl\/portal\/wp-json\/wp\/v2\/types\/post"}],"author":[{"embeddable":true,"href":"https:\/\/eltrabajo.cl\/portal\/wp-json\/wp\/v2\/users\/482"}],"replies":[{"embeddable":true,"href":"https:\/\/eltrabajo.cl\/portal\/wp-json\/wp\/v2\/comments?post=100073"}],"version-history":[{"count":0,"href":"https:\/\/eltrabajo.cl\/portal\/wp-json\/wp\/v2\/posts\/100073\/revisions"}],"wp:featuredmedia":[{"embeddable":true,"href":"https:\/\/eltrabajo.cl\/portal\/wp-json\/wp\/v2\/media\/100056"}],"wp:attachment":[{"href":"https:\/\/eltrabajo.cl\/portal\/wp-json\/wp\/v2\/media?parent=100073"}],"wp:term":[{"taxonomy":"category","embeddable":true,"href":"https:\/\/eltrabajo.cl\/portal\/wp-json\/wp\/v2\/categories?post=100073"},{"taxonomy":"post_tag","embeddable":true,"href":"https:\/\/eltrabajo.cl\/portal\/wp-json\/wp\/v2\/tags?post=100073"}],"curies":[{"name":"wp","href":"https:\/\/api.w.org\/{rel}","templated":true}]}}