{"id":100075,"date":"2020-06-25T08:00:33","date_gmt":"2020-06-25T12:00:33","guid":{"rendered":"https:\/\/www.eltrabajo.cl\/portal\/?p=100075"},"modified":"2020-06-24T21:06:57","modified_gmt":"2020-06-25T01:06:57","slug":"otra-vez-en-algunas-viviendas-del-condominio-peumayen-se-filtro-la-lluvia","status":"publish","type":"post","link":"https:\/\/eltrabajo.cl\/portal\/otra-vez-en-algunas-viviendas-del-condominio-peumayen-se-filtro-la-lluvia\/","title":{"rendered":"Otra vez en algunas viviendas del Condominio Peumay\u00e9n se filtr\u00f3 la lluvia"},"content":{"rendered":"<p style=\"text-align: justify;\"><span style=\"color: #c81400;\"><strong>\u00a1No da para m\u00e1s!:<\/strong><\/span><\/p>\n<ul>\n<li style=\"text-align: justify;\"><strong>Vecina afectada debi\u00f3 subirse al entretecho a sacar con balde el agua que ingres\u00f3 a su casa.<\/strong><\/li>\n<\/ul>\n<p style=\"text-align: justify;\">Una historia de nunca acabar es la que est\u00e1 viviendo una vecina de calle 13 de Agosto en el Condominio Peumay\u00e9n de San Felipe. Ello porque nuevamente y por segundo a\u00f1o consecutivo, la lluvia caus\u00f3 estragos en su casa nueva entregada hace dos a\u00f1os aproximadamente. Es la misma falla y en el mismo lugar, en el entretecho.<\/p>\n<p style=\"text-align: justify;\">Fue la propia afectada, <strong>Angie Sa\u00e1<\/strong>, quien convers\u00f3 con nuestro medio se\u00f1alando lo siguiente.<\/p>\n<p style=\"text-align: justify;\">\u00ab<em>La verdad que la situaci\u00f3n es bastante dif\u00edcil, penosa e inc\u00f3moda, desagradable,\u00a0 porque me cost\u00f3 muchos a\u00f1os adquirir mi casa. Yo vivo aqu\u00ed en el Condominio Peumay\u00e9n y se me vuelve a repetir la historia, vengo a vivir a una casa nueva y me lluevo por el techo; mis piezas quedan en un tercer piso, no puedo subir porque la casa tiene m\u00e1s de 13 metros. Solicit\u00e9 ayuda esa vez a la constructora, mand\u00f3 un maestro, no hizo nada. Yo tuve que subirme a mi entretecho a hacer una soluci\u00f3n parche con los vecinos. Quedaron de venir a reparar y nunca vinieron, solamente me sellaron con un poco de silicona, nunca solucionaron nada\u00bb,<\/em> se\u00f1ala Sa\u00e1.<\/p>\n<p style=\"text-align: justify;\">Prosigue se\u00f1alando que <em>\u00abeste a\u00f1o las lluvias han sido fuertes, me vuelvo a llover, vuelvo a estar en peligro porque el agua, como me sellaron las planchas del techo, el agua sali\u00f3 por la ampolleta, por el cableado el\u00e9ctrico, es algo peligroso. El agua se me apoz\u00f3 y volvi\u00f3 a correr por la escalera, se me moj\u00f3 todo, tuve que subirme al entretecho a sacar el agua con balde; el entretecho lo tuve que secar con toallas, estuve desde las nueve de la ma\u00f1ana hasta casi las tres de la tarde controlando eso y necesito que la constructora se haga cargo porque mi casa es nueva, yo llevo dos a\u00f1os. Yo necesito que la constructora Noval o la Consultora Carlos Carrillo, que estaban a cargo de todo esto, vengan y me den una soluci\u00f3n porque no es posible, tengo ni\u00f1os chicos, yo tengo una enfermedad cr\u00f3nica pulmonar y mi hijo tambi\u00e9n, tuve que estar toda la ma\u00f1ana y parte de la noche vigilando mi techo, sacando baldes con agua. Eso no es justo, es una casa nueva, yo pagu\u00e9 por mi casa, no me la regalaron\u2026 Yo pagu\u00e9 y no lo encuentro justo que tengamos que estar viviendo en estas condiciones; no soy la \u00fanica vecina, hay otra, que en este minuto est\u00e1 trabajando, entonces es desagradable que cada lluvia fuerte que haya en San Felipe, nosotros despertemos llenos de agua&#8230; Es una casa nueva\u00bb,<\/em> indica la vecina afectada.<\/p>\n<p style=\"text-align: justify;\">Dice que hab\u00eda una garant\u00eda de un a\u00f1o, <em>\u00abpero tambi\u00e9n s\u00e9 que hab\u00eda una extendida por cinco a\u00f1os. Yo quiero que mi garant\u00eda se haga v\u00e1lida, quiero que vengan a mi casa y traigan gente que sepa, alguien que se pueda subir al techo que tiene m\u00e1s de trece metros, que lo arregle porque yo pagu\u00e9 por mi casa\u00bb,<\/em> agreg\u00f3 Angie Sa\u00e1.<\/p>\n<p style=\"text-align: justify;\">Al terminar se\u00f1ala que se contact\u00f3 con Serviu, porque no le respondieron los llamados en la consultora, donde le indicaron que por el momento con lo \u00fanico que la pod\u00edan ayudar era con el cl\u00e1sico nylon, <em>\u00abpero como le digo mi casa mide m\u00e1s de 13 metros, no me puedo subir a un techo empinado como es \u00e9ste, entonces yo le pido a la se\u00f1ora Patricia Boffa que ha sido la \u00fanica que nos ha ayudado, nos ha tendido una mano, ya que ella puede tener un contacto y se puede comunicar con la constructora o con las personas que puedan ayudarnos y venir a reparar mi techo, no puedo seguir viviendo esto, tengo un ni\u00f1o peque\u00f1o con enfermedad cr\u00f3nica pulmonar; ahora si se me enferma, no lo puedo llevar al hospital por la situaci\u00f3n que estamos viviendo. Yo le pido a ella encarecidamente si puede hacer el contacto con la constructora, que me venga a responder porque a m\u00ed no me van a escuchar\u2026 Yo soy una persona m\u00e1s, a m\u00ed no me van a tomar en cuenta, en cambio como ella es autoridad yo le pido a ella podr\u00eda ayudarme, no es la primera vez que me pasa, entonces le pido a ella auxilio, si puede contactarse con la constructora, que venga, me mande un maestro a que me arregle\u00bb,<\/em> finaliz\u00f3.<\/p>\n<p style=\"text-align: justify;\">Cabe se\u00f1alar que como medio de comunicaci\u00f3n no pudimos conversar con la otra vecina porque se encuentra trabajando todo el d\u00eda, pero nos envi\u00f3 una fotograf\u00eda donde se aprecia lo mojado que estaba la pared con la lluvia.<\/p>\n<p style=\"text-align: justify;\">El condominio Peumay\u00e9n re\u00fane a unas 90 familias, gran parte que fueron estafadas por la ex Egis Daniela, quienes todav\u00eda no reciben su escritura de casa.<\/p>\n<figure id=\"attachment_100077\" aria-describedby=\"caption-attachment-100077\" style=\"width: 580px\" class=\"wp-caption aligncenter\"><img data-recalc-dims=\"1\" loading=\"lazy\" decoding=\"async\" class=\"size-full wp-image-100077\" src=\"https:\/\/i0.wp.com\/eltrabajo.cl\/portal\/wp-content\/uploads\/2020\/06\/angie-saa.jpg?resize=580%2C358&#038;ssl=1\" alt=\"Angie Sa\u00e1, vecina afectada por la lluvia, pide una soluci\u00f3n a la constructora para que reparen su casa nueva.\" width=\"580\" height=\"358\" srcset=\"https:\/\/i0.wp.com\/eltrabajo.cl\/portal\/wp-content\/uploads\/2020\/06\/angie-saa.jpg?w=580&amp;ssl=1 580w, https:\/\/i0.wp.com\/eltrabajo.cl\/portal\/wp-content\/uploads\/2020\/06\/angie-saa.jpg?resize=300%2C185&amp;ssl=1 300w, https:\/\/i0.wp.com\/eltrabajo.cl\/portal\/wp-content\/uploads\/2020\/06\/angie-saa.jpg?resize=200%2C123&amp;ssl=1 200w\" sizes=\"auto, (max-width: 580px) 100vw, 580px\" \/><figcaption id=\"caption-attachment-100077\" class=\"wp-caption-text\">Angie Sa\u00e1, vecina afectada por la lluvia, pide una soluci\u00f3n a la constructora para que reparen su casa nueva.<\/figcaption><\/figure>\n<figure id=\"attachment_100078\" aria-describedby=\"caption-attachment-100078\" style=\"width: 579px\" class=\"wp-caption aligncenter\"><img data-recalc-dims=\"1\" loading=\"lazy\" decoding=\"async\" class=\"size-full wp-image-100078\" src=\"https:\/\/i0.wp.com\/eltrabajo.cl\/portal\/wp-content\/uploads\/2020\/06\/angie-saa-Ampolleta.jpg?resize=579%2C700&#038;ssl=1\" alt=\"Esta es la ampolleta, a\u00fan goteando, por donde ingres\u00f3 agua a trav\u00e9s del cableado.\" width=\"579\" height=\"700\" srcset=\"https:\/\/i0.wp.com\/eltrabajo.cl\/portal\/wp-content\/uploads\/2020\/06\/angie-saa-Ampolleta.jpg?w=579&amp;ssl=1 579w, https:\/\/i0.wp.com\/eltrabajo.cl\/portal\/wp-content\/uploads\/2020\/06\/angie-saa-Ampolleta.jpg?resize=248%2C300&amp;ssl=1 248w, https:\/\/i0.wp.com\/eltrabajo.cl\/portal\/wp-content\/uploads\/2020\/06\/angie-saa-Ampolleta.jpg?resize=124%2C150&amp;ssl=1 124w\" sizes=\"auto, (max-width: 579px) 100vw, 579px\" \/><figcaption id=\"caption-attachment-100078\" class=\"wp-caption-text\">Esta es la ampolleta, a\u00fan goteando, por donde ingres\u00f3 agua a trav\u00e9s del cableado.<\/figcaption><\/figure>\n<figure id=\"attachment_100079\" aria-describedby=\"caption-attachment-100079\" style=\"width: 580px\" class=\"wp-caption aligncenter\"><img data-recalc-dims=\"1\" loading=\"lazy\" decoding=\"async\" class=\"size-full wp-image-100079\" src=\"https:\/\/i0.wp.com\/eltrabajo.cl\/portal\/wp-content\/uploads\/2020\/06\/angie-saa-Pared.jpg?resize=580%2C871&#038;ssl=1\" alt=\"Otra vecina, de nombre Silvia, nos envi\u00f3 esta fotograf\u00eda donde se aprecia que tambi\u00e9n fue afectada por filtraciones.\" width=\"580\" height=\"871\" srcset=\"https:\/\/i0.wp.com\/eltrabajo.cl\/portal\/wp-content\/uploads\/2020\/06\/angie-saa-Pared.jpg?w=580&amp;ssl=1 580w, https:\/\/i0.wp.com\/eltrabajo.cl\/portal\/wp-content\/uploads\/2020\/06\/angie-saa-Pared.jpg?resize=200%2C300&amp;ssl=1 200w, https:\/\/i0.wp.com\/eltrabajo.cl\/portal\/wp-content\/uploads\/2020\/06\/angie-saa-Pared.jpg?resize=100%2C150&amp;ssl=1 100w\" sizes=\"auto, (max-width: 580px) 100vw, 580px\" \/><figcaption id=\"caption-attachment-100079\" class=\"wp-caption-text\">Otra vecina, de nombre Silvia, nos envi\u00f3 esta fotograf\u00eda donde se aprecia que tambi\u00e9n fue afectada por filtraciones.<\/figcaption><\/figure>\n<figure id=\"attachment_100080\" aria-describedby=\"caption-attachment-100080\" style=\"width: 580px\" class=\"wp-caption aligncenter\"><img data-recalc-dims=\"1\" loading=\"lazy\" decoding=\"async\" class=\"size-full wp-image-100080\" src=\"https:\/\/i0.wp.com\/eltrabajo.cl\/portal\/wp-content\/uploads\/2020\/06\/angie-saa-Techo.jpg?resize=580%2C698&#038;ssl=1\" alt=\"En la imagen se aprecia lo mojado que est\u00e1 el entretecho producto de la filtraci\u00f3n de aguas lluvias.\" width=\"580\" height=\"698\" srcset=\"https:\/\/i0.wp.com\/eltrabajo.cl\/portal\/wp-content\/uploads\/2020\/06\/angie-saa-Techo.jpg?w=580&amp;ssl=1 580w, https:\/\/i0.wp.com\/eltrabajo.cl\/portal\/wp-content\/uploads\/2020\/06\/angie-saa-Techo.jpg?resize=249%2C300&amp;ssl=1 249w, https:\/\/i0.wp.com\/eltrabajo.cl\/portal\/wp-content\/uploads\/2020\/06\/angie-saa-Techo.jpg?resize=125%2C150&amp;ssl=1 125w\" sizes=\"auto, (max-width: 580px) 100vw, 580px\" \/><figcaption id=\"caption-attachment-100080\" class=\"wp-caption-text\">En la imagen se aprecia lo mojado que est\u00e1 el entretecho producto de la filtraci\u00f3n de aguas lluvias.<\/figcaption><\/figure>\n","protected":false},"excerpt":{"rendered":"<p>\u00a1No da para m\u00e1s!: Vecina afectada debi\u00f3 subirse al entretecho a sacar con balde el agua que ingres\u00f3 a su casa. Una historia de nunca acabar es la que est\u00e1 viviendo una&#8230;<\/p>\n","protected":false},"author":482,"featured_media":100076,"comment_status":"closed","ping_status":"open","sticky":false,"template":"","format":"standard","meta":{"advanced_seo_description":"","jetpack_seo_html_title":"","jetpack_seo_noindex":false,"_jetpack_memberships_contains_paid_content":false,"footnotes":""},"categories":[15],"tags":[],"class_list":["post-100075","post","type-post","status-publish","format-standard","has-post-thumbnail","hentry","category-comunidad"],"jetpack_featured_media_url":"https:\/\/i0.wp.com\/eltrabajo.cl\/portal\/wp-content\/uploads\/2020\/06\/angie-codominio.jpg?fit=580%2C359&ssl=1","jetpack_sharing_enabled":true,"jetpack_likes_enabled":true,"jetpack-related-posts":[],"_links":{"self":[{"href":"https:\/\/eltrabajo.cl\/portal\/wp-json\/wp\/v2\/posts\/100075","targetHints":{"allow":["GET"]}}],"collection":[{"href":"https:\/\/eltrabajo.cl\/portal\/wp-json\/wp\/v2\/posts"}],"about":[{"href":"https:\/\/eltrabajo.cl\/portal\/wp-json\/wp\/v2\/types\/post"}],"author":[{"embeddable":true,"href":"https:\/\/eltrabajo.cl\/portal\/wp-json\/wp\/v2\/users\/482"}],"replies":[{"embeddable":true,"href":"https:\/\/eltrabajo.cl\/portal\/wp-json\/wp\/v2\/comments?post=100075"}],"version-history":[{"count":0,"href":"https:\/\/eltrabajo.cl\/portal\/wp-json\/wp\/v2\/posts\/100075\/revisions"}],"wp:featuredmedia":[{"embeddable":true,"href":"https:\/\/eltrabajo.cl\/portal\/wp-json\/wp\/v2\/media\/100076"}],"wp:attachment":[{"href":"https:\/\/eltrabajo.cl\/portal\/wp-json\/wp\/v2\/media?parent=100075"}],"wp:term":[{"taxonomy":"category","embeddable":true,"href":"https:\/\/eltrabajo.cl\/portal\/wp-json\/wp\/v2\/categories?post=100075"},{"taxonomy":"post_tag","embeddable":true,"href":"https:\/\/eltrabajo.cl\/portal\/wp-json\/wp\/v2\/tags?post=100075"}],"curies":[{"name":"wp","href":"https:\/\/api.w.org\/{rel}","templated":true}]}}