{"id":100091,"date":"2020-06-26T07:30:15","date_gmt":"2020-06-26T11:30:15","guid":{"rendered":"https:\/\/www.eltrabajo.cl\/portal\/?p=100091"},"modified":"2020-06-25T19:46:58","modified_gmt":"2020-06-25T23:46:58","slug":"anuncian-mas-lluvias-para-la-proxima-semana-en-el-valle-de-aconcagua","status":"publish","type":"post","link":"https:\/\/eltrabajo.cl\/portal\/anuncian-mas-lluvias-para-la-proxima-semana-en-el-valle-de-aconcagua\/","title":{"rendered":"Anuncian m\u00e1s lluvias para la pr\u00f3xima semana en el Valle de Aconcagua"},"content":{"rendered":"<p style=\"text-align: justify;\"><span style=\"color: #c81400;\"><strong>D\u00e9ficit h\u00eddrico es de solamente un 33%:<\/strong><\/span><\/p>\n<p style=\"text-align: justify;\">Cerramos esta primera semana invernal con una importante cifra de aguas lluvias ca\u00eddas en todo el Valle de Aconcagua, situaci\u00f3n que tiene muy contentos y esperanzados a muchos agricultores, crianceros y hasta a los mismos animalitos que viven del forraje que pronto veremos verdear en nuestros cerros.<\/p>\n<p style=\"text-align: justify;\">\n<p style=\"text-align: justify;\"><span style=\"color: #c81400;\"><strong>CASI EMPATAMOS<\/strong><\/span><\/p>\n<p style=\"text-align: justify;\"><strong>Diario El Trabajo<\/strong> habl\u00f3 ayer jueves con la encargada de la Estaci\u00f3n Meteorol\u00f3gica de la Escuela Agr\u00edcola de San Felipe, <strong>Valentina R\u00edos Serrano<\/strong>, quien nos present\u00f3 un resumen de la jornada lluviosa y tambi\u00e9n nos habl\u00f3 de las cifras actuales comparadas con el comportamiento clim\u00e1tico del a\u00f1o pasado a la misma fecha.<\/p>\n<p style=\"text-align: justify;\">&#8211; <strong>\u00bfC\u00f3mo ve usted el comportamiento del clima en esta primera semana de invierno?<\/strong><\/p>\n<p style=\"text-align: justify;\">&#8211; Muy bueno. Con una ma\u00f1ana muy fr\u00eda comenz\u00f3 este jueves, luego de las precipitaciones de esta semana, registr\u00e1ndose una temperatura m\u00ednima de -2\u00b0C. Esta semana tuvimos precipitaciones como no se observaban desde hace mucho tiempo, durante la tarde del martes 22 de junio, aproximadamente desde las 19:30 horas y la ma\u00f1ana del 23 de junio, lo registrado a las 8:00 horas era 25,8 mm de agua ca\u00edda. Las precipitaciones continuaron durante el martes y mi\u00e9rcoles sumando un total de 42 mm. Eso es muy bueno para todo el Valle de Aconcagua y la Cordillera de Los Andes, pues hay m\u00e1s nieve acumulada para los meses que vienen.<\/p>\n<p style=\"text-align: justify;\">&#8211; <strong>\u00bfEn total entonces a la fecha cu\u00e1nto llevamos de aguas lluvias ca\u00eddas?<\/strong><\/p>\n<p style=\"text-align: justify;\">&#8211; Con estas \u00faltimas precipitaciones, se han acumulado 66,3 mm. de agua ca\u00edda a la fecha (el a\u00f1o 2019 a la misma fecha s\u00f3lo se hab\u00edan acumulado 9.2 mm.). Lo normal a la fecha de precipitaciones es de 98.4 mm., lo que nos indica que a\u00fan estamos con un d\u00e9ficit de un 33% (equivalente a 32,1 mm.).<\/p>\n<p style=\"text-align: justify;\">&#8211; <strong>\u00bfQu\u00e9 pron\u00f3sticos manejan ustedes para la pr\u00f3xima semana?<\/strong><\/p>\n<p style=\"text-align: justify;\">&#8211; Se espera que con las precipitaciones que se pronostican para el inicio de la pr\u00f3xima semana se pueda disminuir a\u00fan m\u00e1s el d\u00e9ficit y, en el mejor de los casos, si las precipitaciones dejan un total de agua ca\u00edda similar al de esta semana (superior a los 40 mm) es posible que alcancemos precipitaciones cercanas a lo normal a la fecha.<\/p>\n<p style=\"text-align: justify;\">&#8211; <strong>\u00bfSe espera un mes de julio lluvioso?<\/strong><\/p>\n<p style=\"text-align: justify;\">&#8211; El pron\u00f3stico para los pr\u00f3ximos d\u00edas nos se\u00f1ala que las nubes no se ir\u00e1n totalmente. Se esperan nuevas precipitaciones para el lunes 29 de junio y para los primeros d\u00edas de julio. Las temperaturas que se pronostican para los pr\u00f3ximos d\u00edas oscilar\u00e1n entre los 3\u00b0C y 12\u00b0C.<\/p>\n<p style=\"text-align: justify;\"><strong>Roberto Gonz\u00e1lez Short<\/strong><\/p>\n<figure id=\"attachment_100092\" aria-describedby=\"caption-attachment-100092\" style=\"width: 580px\" class=\"wp-caption aligncenter\"><img data-recalc-dims=\"1\" loading=\"lazy\" decoding=\"async\" class=\"size-full wp-image-100092\" src=\"https:\/\/i0.wp.com\/eltrabajo.cl\/portal\/wp-content\/uploads\/2020\/06\/Lluvias1-1.jpg?resize=580%2C360&#038;ssl=1\" alt=\"VIENEN M\u00c1S LLUVIAS.- Las lluvias fueron recibidas esta semana con agradecimiento en todo el Valle de Aconcagua, los expertos anuncian m\u00e1s agua para la pr\u00f3xima semana.\" width=\"580\" height=\"360\" srcset=\"https:\/\/i0.wp.com\/eltrabajo.cl\/portal\/wp-content\/uploads\/2020\/06\/Lluvias1-1.jpg?w=580&amp;ssl=1 580w, https:\/\/i0.wp.com\/eltrabajo.cl\/portal\/wp-content\/uploads\/2020\/06\/Lluvias1-1.jpg?resize=300%2C186&amp;ssl=1 300w, https:\/\/i0.wp.com\/eltrabajo.cl\/portal\/wp-content\/uploads\/2020\/06\/Lluvias1-1.jpg?resize=200%2C124&amp;ssl=1 200w\" sizes=\"auto, (max-width: 580px) 100vw, 580px\" \/><figcaption id=\"caption-attachment-100092\" class=\"wp-caption-text\">VIENEN M\u00c1S LLUVIAS.- Las lluvias fueron recibidas esta semana con agradecimiento en todo el Valle de Aconcagua, los expertos anuncian m\u00e1s agua para la pr\u00f3xima semana.<\/figcaption><\/figure>\n<figure id=\"attachment_100093\" aria-describedby=\"caption-attachment-100093\" style=\"width: 578px\" class=\"wp-caption aligncenter\"><img data-recalc-dims=\"1\" loading=\"lazy\" decoding=\"async\" class=\"size-full wp-image-100093\" src=\"https:\/\/i0.wp.com\/eltrabajo.cl\/portal\/wp-content\/uploads\/2020\/06\/Lluvias2-1.jpg?resize=578%2C307&#038;ssl=1\" alt=\"FALTA POCO.- En este recuadro Valentina R\u00edos nos muestra el balance comparativo entre 2019 y las actuales cifras. Todas estas cifras registradas en la Estaci\u00f3n de la Escuela Agr\u00edcola.\" width=\"578\" height=\"307\" srcset=\"https:\/\/i0.wp.com\/eltrabajo.cl\/portal\/wp-content\/uploads\/2020\/06\/Lluvias2-1.jpg?w=578&amp;ssl=1 578w, https:\/\/i0.wp.com\/eltrabajo.cl\/portal\/wp-content\/uploads\/2020\/06\/Lluvias2-1.jpg?resize=300%2C159&amp;ssl=1 300w, https:\/\/i0.wp.com\/eltrabajo.cl\/portal\/wp-content\/uploads\/2020\/06\/Lluvias2-1.jpg?resize=200%2C106&amp;ssl=1 200w\" sizes=\"auto, (max-width: 578px) 100vw, 578px\" \/><figcaption id=\"caption-attachment-100093\" class=\"wp-caption-text\">FALTA POCO.- En este recuadro Valentina R\u00edos nos muestra el balance comparativo entre 2019 y las actuales cifras. Todas estas cifras registradas en la Estaci\u00f3n de la Escuela Agr\u00edcola.<\/figcaption><\/figure>\n<figure id=\"attachment_100094\" aria-describedby=\"caption-attachment-100094\" style=\"width: 580px\" class=\"wp-caption aligncenter\"><img data-recalc-dims=\"1\" loading=\"lazy\" decoding=\"async\" class=\"size-full wp-image-100094\" src=\"https:\/\/i0.wp.com\/eltrabajo.cl\/portal\/wp-content\/uploads\/2020\/06\/Lluvias_Valentina-Rios-Serrano.jpg?resize=580%2C600&#038;ssl=1\" alt=\"Encargada de la Estaci\u00f3n Meteorol\u00f3gica de la Escuela Agr\u00edcola de San Felipe, Valentina R\u00edos Serrano.\" width=\"580\" height=\"600\" srcset=\"https:\/\/i0.wp.com\/eltrabajo.cl\/portal\/wp-content\/uploads\/2020\/06\/Lluvias_Valentina-Rios-Serrano.jpg?w=580&amp;ssl=1 580w, https:\/\/i0.wp.com\/eltrabajo.cl\/portal\/wp-content\/uploads\/2020\/06\/Lluvias_Valentina-Rios-Serrano.jpg?resize=290%2C300&amp;ssl=1 290w, https:\/\/i0.wp.com\/eltrabajo.cl\/portal\/wp-content\/uploads\/2020\/06\/Lluvias_Valentina-Rios-Serrano.jpg?resize=145%2C150&amp;ssl=1 145w\" sizes=\"auto, (max-width: 580px) 100vw, 580px\" \/><figcaption id=\"caption-attachment-100094\" class=\"wp-caption-text\">Encargada de la Estaci\u00f3n Meteorol\u00f3gica de la Escuela Agr\u00edcola de San Felipe, Valentina R\u00edos Serrano.<\/figcaption><\/figure>\n","protected":false},"excerpt":{"rendered":"<p>D\u00e9ficit h\u00eddrico es de solamente un 33%: Cerramos esta primera semana invernal con una importante cifra de aguas lluvias ca\u00eddas en todo el Valle de Aconcagua, situaci\u00f3n que tiene muy contentos y&#8230;<\/p>\n","protected":false},"author":482,"featured_media":100092,"comment_status":"closed","ping_status":"open","sticky":false,"template":"","format":"standard","meta":{"advanced_seo_description":"","jetpack_seo_html_title":"","jetpack_seo_noindex":false,"_jetpack_memberships_contains_paid_content":false,"footnotes":""},"categories":[103],"tags":[],"class_list":["post-100091","post","type-post","status-publish","format-standard","has-post-thumbnail","hentry","category-cronica-2"],"jetpack_featured_media_url":"https:\/\/i0.wp.com\/eltrabajo.cl\/portal\/wp-content\/uploads\/2020\/06\/Lluvias1-1.jpg?fit=580%2C360&ssl=1","jetpack_sharing_enabled":true,"jetpack_likes_enabled":true,"jetpack-related-posts":[],"_links":{"self":[{"href":"https:\/\/eltrabajo.cl\/portal\/wp-json\/wp\/v2\/posts\/100091","targetHints":{"allow":["GET"]}}],"collection":[{"href":"https:\/\/eltrabajo.cl\/portal\/wp-json\/wp\/v2\/posts"}],"about":[{"href":"https:\/\/eltrabajo.cl\/portal\/wp-json\/wp\/v2\/types\/post"}],"author":[{"embeddable":true,"href":"https:\/\/eltrabajo.cl\/portal\/wp-json\/wp\/v2\/users\/482"}],"replies":[{"embeddable":true,"href":"https:\/\/eltrabajo.cl\/portal\/wp-json\/wp\/v2\/comments?post=100091"}],"version-history":[{"count":0,"href":"https:\/\/eltrabajo.cl\/portal\/wp-json\/wp\/v2\/posts\/100091\/revisions"}],"wp:featuredmedia":[{"embeddable":true,"href":"https:\/\/eltrabajo.cl\/portal\/wp-json\/wp\/v2\/media\/100092"}],"wp:attachment":[{"href":"https:\/\/eltrabajo.cl\/portal\/wp-json\/wp\/v2\/media?parent=100091"}],"wp:term":[{"taxonomy":"category","embeddable":true,"href":"https:\/\/eltrabajo.cl\/portal\/wp-json\/wp\/v2\/categories?post=100091"},{"taxonomy":"post_tag","embeddable":true,"href":"https:\/\/eltrabajo.cl\/portal\/wp-json\/wp\/v2\/tags?post=100091"}],"curies":[{"name":"wp","href":"https:\/\/api.w.org\/{rel}","templated":true}]}}