{"id":100096,"date":"2020-06-26T07:40:12","date_gmt":"2020-06-26T11:40:12","guid":{"rendered":"https:\/\/www.eltrabajo.cl\/portal\/?p=100096"},"modified":"2020-06-25T19:49:52","modified_gmt":"2020-06-25T23:49:52","slug":"nivel-del-agua-de-pozo-principal-del-apr-la-troya-desciende-medio-metro-al-mes","status":"publish","type":"post","link":"https:\/\/eltrabajo.cl\/portal\/nivel-del-agua-de-pozo-principal-del-apr-la-troya-desciende-medio-metro-al-mes\/","title":{"rendered":"Nivel del agua de pozo principal del APR La Troya desciende medio metro al mes"},"content":{"rendered":"<p style=\"text-align: justify;\"><span style=\"color: #c81400;\"><strong>Humberto Gonz\u00e1lez advierte que en 4 a\u00f1os podr\u00eda secarse:<\/strong><\/span><\/p>\n<p style=\"text-align: justify;\">Muchos de nuestros lectores supondr\u00edan que con los 66.3 mm. de aguas lluvias ca\u00eddas a la fecha, de seguro las napas subterr\u00e1neas de la olla hidrogr\u00e1fica 307 del Valle de Aconcagua que contempla los APR de El Asiento, La Troya, Las Cabras de Santa Mar\u00eda, San Roque de Panquehue, Algarrobal, Barrancas y El Asiento, estas ya estuvieran subiendo de nivel por las filtraciones subterr\u00e1neas, sin embargo esta informaci\u00f3n es incorrecta. Lo anterior se desprende de la informaci\u00f3n suministrada a <strong>Diario El Trabajo<\/strong> por el presidente de la Cooperativa de Agua Potable La Troya, <strong>Humberto Gonz\u00e1lez Mondaca<\/strong>.<\/p>\n<p style=\"text-align: justify;\">Nuestro medio solicit\u00f3 a dicho funcionario una entrevista para poder conocer el nivel de agua en el pozo principal de este APR, lo que nos permiti\u00f3 confirmar en terreno que este pozo en lugar de llenarse, m\u00e1s bien se seca 50 cm. cada mes, una tendencia que se viene dando desde hace casi ocho a\u00f1os.<\/p>\n<p style=\"text-align: justify;\">\u00ab<em>Este jueves hicimos una medici\u00f3n del nivel del agua ac\u00e1 en el pozo principal de nuestro APR, la medici\u00f3n nos report\u00f3 49.80 metros; la medici\u00f3n anterior hecha en febrero nos dio 47.90 metros, o sea, en menos de cuatro meses ha bajado el nivel unos 2 metros, lo que nos da 50 cm. al mes menos de agua lo que tenemos, un panorama poco alentador<\/em>\u00bb, coment\u00f3 Gonz\u00e1lez a nuestro medio.<\/p>\n<p style=\"text-align: justify;\">&#8211; <strong>\u00bfPero con estas lluvias no se presume que el nivel debe subir?<\/strong><\/p>\n<p style=\"text-align: justify;\">&#8211; No es as\u00ed. Si hacemos un hoyo en la tierra, yo le aseguro que al metro de profundidad ya la tierra est\u00e1 seca. No es tan f\u00e1cil que se llenen las napas, se llenan por los canales internos en las profundidades y la cordillera, es la nieve derretida la que llena estos acu\u00edferos subterr\u00e1neos, o sea, que hasta los meses calientes, septiembre, octubre, ser\u00e1 cuando podremos ver que suba el nivel del agua, si contin\u00faan las lluvias.<\/p>\n<p style=\"text-align: justify;\">&#8211; <strong>\u00bfC\u00f3mo nos beneficiar\u00e1n entonces estas lluvias?<\/strong><\/p>\n<p style=\"text-align: justify;\">&#8211; Estas lluvias son muy importantes, ahora con estas aguas ca\u00eddas los agricultores podr\u00e1n empezar sus periodos de riego hasta un mes despu\u00e9s, lo que har\u00e1 que no echen a andar las bater\u00edas de pozos del valle, esa agua no se gastar\u00e1 en riego y ah\u00ed se ver\u00e1 entonces las ganancias en cuanto al recurso h\u00eddrico.<\/p>\n<p style=\"text-align: justify;\">&#8211; <strong>\u00bfQu\u00e9 pasa si estos pozos siguen bajando de nivel del agua?<\/strong><\/p>\n<p style=\"text-align: justify;\">&#8211; Si el comportamiento sigue siendo el mismo, este pozo estar\u00eda sentenciado a quedar seco en tan s\u00f3lo cuatro a\u00f1os, o sea, en cuatro a\u00f1os ya no habr\u00eda agua de este pozo. Sin embargo, con estas lluvias y las que ya est\u00e1n siendo anunciadas, el panorama cambiar\u00e1 para bien este mismo a\u00f1o, apenas entremos a la primavera.<\/p>\n<p style=\"text-align: justify;\"><strong>Roberto Gonz\u00e1lez Short<\/strong><\/p>\n<figure id=\"attachment_100097\" aria-describedby=\"caption-attachment-100097\" style=\"width: 580px\" class=\"wp-caption aligncenter\"><img data-recalc-dims=\"1\" loading=\"lazy\" decoding=\"async\" class=\"size-full wp-image-100097\" src=\"https:\/\/i0.wp.com\/eltrabajo.cl\/portal\/wp-content\/uploads\/2020\/06\/Pozos1.jpg?resize=580%2C359&#038;ssl=1\" alt=\"EL POZO SE SECA.- Caterina Araya Pino, la operadora del APR La Troya y Humberto Gonz\u00e1lez, hicieron una medici\u00f3n del agua del pozo para apoyarnos con esta nota period\u00edstica.\" width=\"580\" height=\"359\" srcset=\"https:\/\/i0.wp.com\/eltrabajo.cl\/portal\/wp-content\/uploads\/2020\/06\/Pozos1.jpg?w=580&amp;ssl=1 580w, https:\/\/i0.wp.com\/eltrabajo.cl\/portal\/wp-content\/uploads\/2020\/06\/Pozos1.jpg?resize=300%2C186&amp;ssl=1 300w, https:\/\/i0.wp.com\/eltrabajo.cl\/portal\/wp-content\/uploads\/2020\/06\/Pozos1.jpg?resize=200%2C124&amp;ssl=1 200w\" sizes=\"auto, (max-width: 580px) 100vw, 580px\" \/><figcaption id=\"caption-attachment-100097\" class=\"wp-caption-text\">EL POZO SE SECA.- Caterina Araya Pino, la operadora del APR La Troya y Humberto Gonz\u00e1lez, hicieron una medici\u00f3n del agua del pozo para apoyarnos con esta nota period\u00edstica.<\/figcaption><\/figure>\n<figure id=\"attachment_100099\" aria-describedby=\"caption-attachment-100099\" style=\"width: 580px\" class=\"wp-caption aligncenter\"><img data-recalc-dims=\"1\" loading=\"lazy\" decoding=\"async\" class=\"size-full wp-image-100099\" src=\"https:\/\/i0.wp.com\/eltrabajo.cl\/portal\/wp-content\/uploads\/2020\/06\/Pozos_Humberto-Gonzalez-Mondaca.jpg?resize=580%2C600&#038;ssl=1\" alt=\"Presidente de la Cooperativa de Agua Potable La Troya, Humberto Gonz\u00e1lez Mondaca.\" width=\"580\" height=\"600\" srcset=\"https:\/\/i0.wp.com\/eltrabajo.cl\/portal\/wp-content\/uploads\/2020\/06\/Pozos_Humberto-Gonzalez-Mondaca.jpg?w=580&amp;ssl=1 580w, https:\/\/i0.wp.com\/eltrabajo.cl\/portal\/wp-content\/uploads\/2020\/06\/Pozos_Humberto-Gonzalez-Mondaca.jpg?resize=290%2C300&amp;ssl=1 290w, https:\/\/i0.wp.com\/eltrabajo.cl\/portal\/wp-content\/uploads\/2020\/06\/Pozos_Humberto-Gonzalez-Mondaca.jpg?resize=145%2C150&amp;ssl=1 145w\" sizes=\"auto, (max-width: 580px) 100vw, 580px\" \/><figcaption id=\"caption-attachment-100099\" class=\"wp-caption-text\">Presidente de la Cooperativa de Agua Potable La Troya, Humberto Gonz\u00e1lez Mondaca.<\/figcaption><\/figure>\n<figure id=\"attachment_100098\" aria-describedby=\"caption-attachment-100098\" style=\"width: 580px\" class=\"wp-caption aligncenter\"><img data-recalc-dims=\"1\" loading=\"lazy\" decoding=\"async\" class=\"size-full wp-image-100098\" src=\"https:\/\/i0.wp.com\/eltrabajo.cl\/portal\/wp-content\/uploads\/2020\/06\/Pozos2.jpg?resize=580%2C657&#038;ssl=1\" alt=\"MEDICI\u00d3N ACTUALIZADA.- La flecha nos indica la cifra registrada, 49.80 metros, casi dos metros menos de lo registrado hace dos meses.\" width=\"580\" height=\"657\" srcset=\"https:\/\/i0.wp.com\/eltrabajo.cl\/portal\/wp-content\/uploads\/2020\/06\/Pozos2.jpg?w=580&amp;ssl=1 580w, https:\/\/i0.wp.com\/eltrabajo.cl\/portal\/wp-content\/uploads\/2020\/06\/Pozos2.jpg?resize=265%2C300&amp;ssl=1 265w, https:\/\/i0.wp.com\/eltrabajo.cl\/portal\/wp-content\/uploads\/2020\/06\/Pozos2.jpg?resize=132%2C150&amp;ssl=1 132w\" sizes=\"auto, (max-width: 580px) 100vw, 580px\" \/><figcaption id=\"caption-attachment-100098\" class=\"wp-caption-text\">MEDICI\u00d3N ACTUALIZADA.- La flecha nos indica la cifra registrada, 49.80 metros, casi dos metros menos de lo registrado hace dos meses.<\/figcaption><\/figure>\n","protected":false},"excerpt":{"rendered":"<p>Humberto Gonz\u00e1lez advierte que en 4 a\u00f1os podr\u00eda secarse: Muchos de nuestros lectores supondr\u00edan que con los 66.3 mm. de aguas lluvias ca\u00eddas a la fecha, de seguro las napas subterr\u00e1neas de&#8230;<\/p>\n","protected":false},"author":482,"featured_media":100097,"comment_status":"closed","ping_status":"open","sticky":false,"template":"","format":"standard","meta":{"advanced_seo_description":"","jetpack_seo_html_title":"","jetpack_seo_noindex":false,"_jetpack_memberships_contains_paid_content":false,"footnotes":""},"categories":[15],"tags":[],"class_list":["post-100096","post","type-post","status-publish","format-standard","has-post-thumbnail","hentry","category-comunidad"],"jetpack_featured_media_url":"https:\/\/i0.wp.com\/eltrabajo.cl\/portal\/wp-content\/uploads\/2020\/06\/Pozos1.jpg?fit=580%2C359&ssl=1","jetpack_sharing_enabled":true,"jetpack_likes_enabled":true,"jetpack-related-posts":[],"_links":{"self":[{"href":"https:\/\/eltrabajo.cl\/portal\/wp-json\/wp\/v2\/posts\/100096","targetHints":{"allow":["GET"]}}],"collection":[{"href":"https:\/\/eltrabajo.cl\/portal\/wp-json\/wp\/v2\/posts"}],"about":[{"href":"https:\/\/eltrabajo.cl\/portal\/wp-json\/wp\/v2\/types\/post"}],"author":[{"embeddable":true,"href":"https:\/\/eltrabajo.cl\/portal\/wp-json\/wp\/v2\/users\/482"}],"replies":[{"embeddable":true,"href":"https:\/\/eltrabajo.cl\/portal\/wp-json\/wp\/v2\/comments?post=100096"}],"version-history":[{"count":0,"href":"https:\/\/eltrabajo.cl\/portal\/wp-json\/wp\/v2\/posts\/100096\/revisions"}],"wp:featuredmedia":[{"embeddable":true,"href":"https:\/\/eltrabajo.cl\/portal\/wp-json\/wp\/v2\/media\/100097"}],"wp:attachment":[{"href":"https:\/\/eltrabajo.cl\/portal\/wp-json\/wp\/v2\/media?parent=100096"}],"wp:term":[{"taxonomy":"category","embeddable":true,"href":"https:\/\/eltrabajo.cl\/portal\/wp-json\/wp\/v2\/categories?post=100096"},{"taxonomy":"post_tag","embeddable":true,"href":"https:\/\/eltrabajo.cl\/portal\/wp-json\/wp\/v2\/tags?post=100096"}],"curies":[{"name":"wp","href":"https:\/\/api.w.org\/{rel}","templated":true}]}}