{"id":100101,"date":"2020-06-26T07:50:07","date_gmt":"2020-06-26T11:50:07","guid":{"rendered":"https:\/\/www.eltrabajo.cl\/portal\/?p=100101"},"modified":"2020-06-25T19:53:31","modified_gmt":"2020-06-25T23:53:31","slug":"por-cuarta-vez-delincuentes-entran-a-robar-a-empresa-megaquim-de-san-rafael","status":"publish","type":"post","link":"https:\/\/eltrabajo.cl\/portal\/por-cuarta-vez-delincuentes-entran-a-robar-a-empresa-megaquim-de-san-rafael\/","title":{"rendered":"Por cuarta vez delincuentes entran a robar a empresa Megaquim de San Rafael"},"content":{"rendered":"<p style=\"text-align: justify;\"><span style=\"color: #c81400;\"><strong>Ahora se llevaron m\u00e1s de 20 millones de pesos:<\/strong><\/span><\/p>\n<p style=\"text-align: justify;\">En plena cuarentena y toque de queda delincuentes roban sobre los 20 millones de pesos en productos qu\u00edmicos y otros desde las dependencias de la empresa Megaquim ubicada en el sector San Rafael en Curim\u00f3n, entre San Felipe y Los Andes.<\/p>\n<p style=\"text-align: justify;\">El robo qued\u00f3 al descubierto este d\u00eda mi\u00e9rcoles a eso de las 08:30 horas, cuando lleg\u00f3 personal a trabajar.<\/p>\n<p style=\"text-align: justify;\">El gerente de la empresa afectada, <strong>Manuel Mu\u00f1oz<\/strong>, dice que fueron expertos los que se metieron a robar: <em>\u00abEs gente que se dedica claramente a esto, no son aficionados por decirlo de alguna forma. Si ocuparan su inteligencia para hacer cosas provechosas ser\u00edan m\u00e1s exitosos que anduvieran delinquiendo. Claramente sab\u00edan todo lo que ten\u00edan que hacer: cortar los cables precisos, porque no dieron la alerta las alarmas; ingresaron por el techo, bajaron por donde estaban los monitores, desconectaron y tuvieron todo el tiempo del mundo para robar todo lo que pudieron. Una p\u00e9rdida lamentable para nosotros, esto tambi\u00e9n significa que nosotros tenemos que tomar medidas para poder seguir funcionando. Es una p\u00e9rdida sobre los veinte millones de pesos que a cualquier persona, empresa del tama\u00f1o de nosotros, que somos una empresa peque\u00f1a, nos somos grandes empresas, y aunque fuera una gran empresa tambi\u00e9n afecta. Estos productos son importantes para seguir funcionando, nosotros realmente estamos afectados aunque esta es la cuarta vez que nos entran a robar, entonces es una pena enorme porque directamente va a repercutir en nuestros colaboradores, porque tenemos que tomar medidas m\u00e1s extremas porque no podemos seguir con los mismos costos fijos, entonces hay que tratar de seguir funcionando. Es lo que m\u00e1s nos afecta porque nosotros funcionamos con 18 personas desde que empez\u00f3 la pandemia, las ventas igual no han sido las m\u00ednimas, pero igual hemos mantenido los puestos de trabajo; igual como empresa social tambi\u00e9n hemos hecho algunos aportes, cooperando con la comunidad, pero esto ahora nos deja de brazos cruzados pensando en el futuro incierto\u00bb,<\/em> dijo.<\/p>\n<p style=\"text-align: justify;\">&#8211; <strong>\u00bfQu\u00e9 les robaron en esta ocasi\u00f3n?<\/strong><\/p>\n<p style=\"text-align: justify;\">&#8211; Nosotros ten\u00edamos monitoreo con c\u00e1maras, todo el cuento, nos robaron cuatro televisores, cuatro notebook, se llevaron m\u00e1s cosas el\u00e9ctricas, tenemos un taller de servicio t\u00e9cnico de laboratorio con herramientas m\u00e1s especializadas, se las robaron todas. Esta gente debe saber lo que estaba haciendo porque nos robaron productos que son demasiado escasos en el mercado\u2026 pr\u00e1cticamente no hay\u2026 car\u00edsimos, y se los llevaron tambi\u00e9n; eso nos implica en nuestra producci\u00f3n, derechamente nos afecta en la producci\u00f3n porque fecha de llegada de esos productos son para fines de julio.<\/p>\n<p style=\"text-align: justify;\">&#8211; <strong>\u00bfSon productos qu\u00edmicos en el fondo?<\/strong><\/p>\n<p style=\"text-align: justify;\">&#8211; Claro, son productos qu\u00edmicos.<\/p>\n<p style=\"text-align: justify;\">&#8211; <strong>\u00bfSon usados para qu\u00e9?<\/strong><\/p>\n<p style=\"text-align: justify;\">&#8211; Son bases como por ejemplo alcohol gel, no quiero dar montos porque pueden estar escuchando los ladrones, no son productos f\u00e1ciles de conseguir porque la pandemia ha afectado a todos y este tipo de productos se ha vuelto escaso de poder conseguir.<\/p>\n<p style=\"text-align: justify;\">&#8211; <strong>\u00bfCu\u00e1ndo queda al descubierto este robo?<\/strong><\/p>\n<p style=\"text-align: justify;\">&#8211; Ayer (mi\u00e9rcoles), cuando llegan los trabajadores se dan cuenta que est\u00e1 todo desordenado, puertas rotas, candados tirados en el piso. Claramente esta gente sab\u00eda a lo que ven\u00eda porque nosotros tenemos detergentes, lava lozas, limpia pisos, esos no los tocaron, yo creo que los mandaron a buscar esos productos. Estamos tratando de superar este impasse que ocurre justo en un momento de crisis total que estamos viviendo, con esta pandemia todos nos hemos visto afectados, aqu\u00ed no se salva nadie, gente que est\u00e1 sin trabajo, otros que tratamos de seguir navegando, tratando de mantener los puestos de la gente, pero estas cosas son un balazo en las piernas, entonces todo se pone m\u00e1s dif\u00edcil desgraciadamente.<\/p>\n<p style=\"text-align: justify;\">Cabe destacar que seg\u00fan indic\u00f3 Manuel Mu\u00f1oz, no hay seguros comprometidos por lo que deber\u00e1n asumir las p\u00e9rdidas completamente.<\/p>\n<p style=\"text-align: justify;\">La empresa cuenta con otro local de ventas al detalle en la ciudad de Los Andes.<\/p>\n<p style=\"text-align: justify;\">Al parecer ni la cuarentena, ni el toque de queda paran la delincuencia.<\/p>\n<p style=\"text-align: justify;\">Realizaron la denuncia ante Carabineros, fue personal de la SIP para sacar huellas.<\/p>\n<figure id=\"attachment_100102\" aria-describedby=\"caption-attachment-100102\" style=\"width: 580px\" class=\"wp-caption aligncenter\"><img data-recalc-dims=\"1\" loading=\"lazy\" decoding=\"async\" class=\"size-full wp-image-100102\" src=\"https:\/\/i0.wp.com\/eltrabajo.cl\/portal\/wp-content\/uploads\/2020\/06\/Megaquim1.jpg?resize=580%2C360&#038;ssl=1\" alt=\"Dos de los sujetos en plena faena captado por las c\u00e1maras del sistema de vigilancia de la empresa. (Foto @losandeshoy).\" width=\"580\" height=\"360\" srcset=\"https:\/\/i0.wp.com\/eltrabajo.cl\/portal\/wp-content\/uploads\/2020\/06\/Megaquim1.jpg?w=580&amp;ssl=1 580w, https:\/\/i0.wp.com\/eltrabajo.cl\/portal\/wp-content\/uploads\/2020\/06\/Megaquim1.jpg?resize=300%2C186&amp;ssl=1 300w, https:\/\/i0.wp.com\/eltrabajo.cl\/portal\/wp-content\/uploads\/2020\/06\/Megaquim1.jpg?resize=200%2C124&amp;ssl=1 200w\" sizes=\"auto, (max-width: 580px) 100vw, 580px\" \/><figcaption id=\"caption-attachment-100102\" class=\"wp-caption-text\">Dos de los sujetos en plena faena captado por las c\u00e1maras del sistema de vigilancia de la empresa. (Foto @losandeshoy).<\/figcaption><\/figure>\n<figure id=\"attachment_100103\" aria-describedby=\"caption-attachment-100103\" style=\"width: 580px\" class=\"wp-caption aligncenter\"><img data-recalc-dims=\"1\" loading=\"lazy\" decoding=\"async\" class=\"size-full wp-image-100103\" src=\"https:\/\/i0.wp.com\/eltrabajo.cl\/portal\/wp-content\/uploads\/2020\/06\/Megaquim2.jpg?resize=580%2C358&#038;ssl=1\" alt=\"Los delincuentes revisaron el lugar y se llevaron solamente los art\u00edculos de mayor valor para la empresa. (Foto @losandeshoy).\" width=\"580\" height=\"358\" srcset=\"https:\/\/i0.wp.com\/eltrabajo.cl\/portal\/wp-content\/uploads\/2020\/06\/Megaquim2.jpg?w=580&amp;ssl=1 580w, https:\/\/i0.wp.com\/eltrabajo.cl\/portal\/wp-content\/uploads\/2020\/06\/Megaquim2.jpg?resize=300%2C185&amp;ssl=1 300w, https:\/\/i0.wp.com\/eltrabajo.cl\/portal\/wp-content\/uploads\/2020\/06\/Megaquim2.jpg?resize=200%2C123&amp;ssl=1 200w\" sizes=\"auto, (max-width: 580px) 100vw, 580px\" \/><figcaption id=\"caption-attachment-100103\" class=\"wp-caption-text\">Los delincuentes revisaron el lugar y se llevaron solamente los art\u00edculos de mayor valor para la empresa. (Foto @losandeshoy).<\/figcaption><\/figure>\n","protected":false},"excerpt":{"rendered":"<p>Ahora se llevaron m\u00e1s de 20 millones de pesos: En plena cuarentena y toque de queda delincuentes roban sobre los 20 millones de pesos en productos qu\u00edmicos y otros desde las dependencias&#8230;<\/p>\n","protected":false},"author":482,"featured_media":100102,"comment_status":"closed","ping_status":"open","sticky":false,"template":"","format":"standard","meta":{"advanced_seo_description":"","jetpack_seo_html_title":"","jetpack_seo_noindex":false,"_jetpack_memberships_contains_paid_content":false,"footnotes":""},"categories":[21],"tags":[],"class_list":["post-100101","post","type-post","status-publish","format-standard","has-post-thumbnail","hentry","category-policial"],"jetpack_featured_media_url":"https:\/\/i0.wp.com\/eltrabajo.cl\/portal\/wp-content\/uploads\/2020\/06\/Megaquim1.jpg?fit=580%2C360&ssl=1","jetpack_sharing_enabled":true,"jetpack_likes_enabled":true,"jetpack-related-posts":[],"_links":{"self":[{"href":"https:\/\/eltrabajo.cl\/portal\/wp-json\/wp\/v2\/posts\/100101","targetHints":{"allow":["GET"]}}],"collection":[{"href":"https:\/\/eltrabajo.cl\/portal\/wp-json\/wp\/v2\/posts"}],"about":[{"href":"https:\/\/eltrabajo.cl\/portal\/wp-json\/wp\/v2\/types\/post"}],"author":[{"embeddable":true,"href":"https:\/\/eltrabajo.cl\/portal\/wp-json\/wp\/v2\/users\/482"}],"replies":[{"embeddable":true,"href":"https:\/\/eltrabajo.cl\/portal\/wp-json\/wp\/v2\/comments?post=100101"}],"version-history":[{"count":0,"href":"https:\/\/eltrabajo.cl\/portal\/wp-json\/wp\/v2\/posts\/100101\/revisions"}],"wp:featuredmedia":[{"embeddable":true,"href":"https:\/\/eltrabajo.cl\/portal\/wp-json\/wp\/v2\/media\/100102"}],"wp:attachment":[{"href":"https:\/\/eltrabajo.cl\/portal\/wp-json\/wp\/v2\/media?parent=100101"}],"wp:term":[{"taxonomy":"category","embeddable":true,"href":"https:\/\/eltrabajo.cl\/portal\/wp-json\/wp\/v2\/categories?post=100101"},{"taxonomy":"post_tag","embeddable":true,"href":"https:\/\/eltrabajo.cl\/portal\/wp-json\/wp\/v2\/tags?post=100101"}],"curies":[{"name":"wp","href":"https:\/\/api.w.org\/{rel}","templated":true}]}}