{"id":100105,"date":"2020-06-26T08:00:50","date_gmt":"2020-06-26T12:00:50","guid":{"rendered":"https:\/\/www.eltrabajo.cl\/portal\/?p=100105"},"modified":"2020-06-25T21:47:26","modified_gmt":"2020-06-26T01:47:26","slug":"ex-concejal-muere-al-caer-de-unos-7-metros-de-altura-cuando-podaba-arboles","status":"publish","type":"post","link":"https:\/\/eltrabajo.cl\/portal\/ex-concejal-muere-al-caer-de-unos-7-metros-de-altura-cuando-podaba-arboles\/","title":{"rendered":"Ex concejal muere al caer de unos 7 metros de altura cuando podaba \u00e1rboles"},"content":{"rendered":"<p style=\"text-align: justify;\">Alrededor de las 20 horas de ayer falleci\u00f3 finalmente <strong>Juan Arturo Far\u00edas D\u00edaz<\/strong>, de 52 a\u00f1os de edad, ex concejal de la comuna de Panquehue, quien poco antes sufri\u00f3 un grave accidente al caer de una altura de seis a siete metros cuando efectuaba labores de poda de \u00e1rboles al interior de una casa patronal ubicada en el sector de Vi\u00f1a Err\u00e1zuriz en dicha comuna.<\/p>\n<p style=\"text-align: justify;\">Al lugar debi\u00f3 concurrir en primera instancia personal de Bomberos de Panquehue, al igual que dos unidades del SAMU, siendo atendido en el lugar y derivado en estado grave al Hospital San Camilo, donde qued\u00f3 internado con TEC grave complicado por ca\u00edda de altura.<\/p>\n<p style=\"text-align: justify;\">Respecto al accidente que finalmente le cost\u00f3 la vida al ex concejal, fue el comandante de Bomberos de San Felipe, <strong>Juan Carlos Herrera Lillo<\/strong>, quien se refiri\u00f3 a este lamentable hecho: <em>\u00abUn trabajador en el sector de Vi\u00f1a Err\u00e1zuriz estaba haciendo poda de unos \u00e1rboles a unos seis, siete metros de altura, perdi\u00f3 el equilibrio y cay\u00f3 al piso que es de adoquines. A la llegada de bomberos de Panquehue presentaba bastantes problemas, ya que en ese momento se viv\u00eda una situaci\u00f3n complicada porque, reitero, la persona cay\u00f3 de un altura de aproximadamente seis a siete metros. Llegaron dos ambulancias del SAMU al lugar\u00bb,<\/em> se\u00f1al\u00f3.<\/p>\n<p style=\"text-align: justify;\">&#8211; <strong>\u00bfEstaba consciente la persona?<\/strong><\/p>\n<p style=\"text-align: justify;\">&#8211; La verdad que no estaba consciente.<\/p>\n<p style=\"text-align: justify;\">&#8211; <strong>\u00bf\u00c9l estaba realizando una poda en el lugar?<\/strong><\/p>\n<p style=\"text-align: justify;\">&#8211; Una poda correspondiente en unos \u00e1rboles al interior de una casa patronal.<\/p>\n<p style=\"text-align: justify;\">&#8211; <strong>\u00bfSector de Vi\u00f1a Err\u00e1zuriz?<\/strong><\/p>\n<p style=\"text-align: justify;\">&#8211; As\u00ed es.<\/p>\n<p style=\"text-align: justify;\">&#8211; <strong>\u00bfC\u00f3mo lo ve\u00edan ustedes a simple vista?<\/strong><\/p>\n<p style=\"text-align: justify;\">&#8211; Bueno, los bomberos de la primera m\u00e1quina que lleg\u00f3 trabajaron con \u00e9l, lo vieron bastante complicado, de hecho le hicieron todo tipo de primeros auxilios, se necesitaba la ambulancia r\u00e1pidamente para hacerle un trabajo completo para poder estabilizar como corresponde. La verdad que era una situaci\u00f3n muy complicada.<\/p>\n<p style=\"text-align: justify;\"><strong>Juan Arturo Far\u00edas D\u00edaz<\/strong> se desempe\u00f1\u00f3 como concejal de Panquehue durante el periodo 2012-2016.<\/p>\n<figure id=\"attachment_100110\" aria-describedby=\"caption-attachment-100110\" style=\"width: 580px\" class=\"wp-caption aligncenter\"><img data-recalc-dims=\"1\" loading=\"lazy\" decoding=\"async\" class=\"size-full wp-image-100110\" src=\"https:\/\/i0.wp.com\/eltrabajo.cl\/portal\/wp-content\/uploads\/2020\/06\/Juan-Arturo-Farias-Diaz-2.jpg?resize=580%2C360&#038;ssl=1\" alt=\"La v\u00edctima de este lamentable accidente (primero de izquierda a derecha), en una fotograf\u00eda tomada cuando era concejal entre los a\u00f1os 2012 a 2016.\" width=\"580\" height=\"360\" srcset=\"https:\/\/i0.wp.com\/eltrabajo.cl\/portal\/wp-content\/uploads\/2020\/06\/Juan-Arturo-Farias-Diaz-2.jpg?w=580&amp;ssl=1 580w, https:\/\/i0.wp.com\/eltrabajo.cl\/portal\/wp-content\/uploads\/2020\/06\/Juan-Arturo-Farias-Diaz-2.jpg?resize=300%2C186&amp;ssl=1 300w, https:\/\/i0.wp.com\/eltrabajo.cl\/portal\/wp-content\/uploads\/2020\/06\/Juan-Arturo-Farias-Diaz-2.jpg?resize=200%2C124&amp;ssl=1 200w\" sizes=\"auto, (max-width: 580px) 100vw, 580px\" \/><figcaption id=\"caption-attachment-100110\" class=\"wp-caption-text\">La v\u00edctima de este lamentable accidente (primero de izquierda a derecha), en una fotograf\u00eda tomada cuando era concejal entre los a\u00f1os 2012 a 2016.<\/figcaption><\/figure>\n<figure id=\"attachment_100109\" aria-describedby=\"caption-attachment-100109\" style=\"width: 580px\" class=\"wp-caption aligncenter\"><img data-recalc-dims=\"1\" loading=\"lazy\" decoding=\"async\" class=\"size-full wp-image-100109\" src=\"https:\/\/i0.wp.com\/eltrabajo.cl\/portal\/wp-content\/uploads\/2020\/06\/Juan-Arturo-Farias-Diaz-copia.jpg?resize=580%2C600&#038;ssl=1\" alt=\"Juan Arturo Far\u00edas D\u00edaz, ex concejal de Panquehue, cay\u00f3 de gran altura cuando podaba un \u00e1rbol.\" width=\"580\" height=\"600\" srcset=\"https:\/\/i0.wp.com\/eltrabajo.cl\/portal\/wp-content\/uploads\/2020\/06\/Juan-Arturo-Farias-Diaz-copia.jpg?w=580&amp;ssl=1 580w, https:\/\/i0.wp.com\/eltrabajo.cl\/portal\/wp-content\/uploads\/2020\/06\/Juan-Arturo-Farias-Diaz-copia.jpg?resize=290%2C300&amp;ssl=1 290w, https:\/\/i0.wp.com\/eltrabajo.cl\/portal\/wp-content\/uploads\/2020\/06\/Juan-Arturo-Farias-Diaz-copia.jpg?resize=145%2C150&amp;ssl=1 145w\" sizes=\"auto, (max-width: 580px) 100vw, 580px\" \/><figcaption id=\"caption-attachment-100109\" class=\"wp-caption-text\">Juan Arturo Far\u00edas D\u00edaz, ex concejal de Panquehue, cay\u00f3 de gran altura cuando podaba un \u00e1rbol.<\/figcaption><\/figure>\n","protected":false},"excerpt":{"rendered":"<p>Alrededor de las 20 horas de ayer falleci\u00f3 finalmente Juan Arturo Far\u00edas D\u00edaz, de 52 a\u00f1os de edad, ex concejal de la comuna de Panquehue, quien poco antes sufri\u00f3 un grave accidente&#8230;<\/p>\n","protected":false},"author":482,"featured_media":100111,"comment_status":"closed","ping_status":"open","sticky":false,"template":"","format":"standard","meta":{"advanced_seo_description":"","jetpack_seo_html_title":"","jetpack_seo_noindex":false,"_jetpack_memberships_contains_paid_content":false,"footnotes":""},"categories":[21],"tags":[],"class_list":["post-100105","post","type-post","status-publish","format-standard","has-post-thumbnail","hentry","category-policial"],"jetpack_featured_media_url":"https:\/\/i0.wp.com\/eltrabajo.cl\/portal\/wp-content\/uploads\/2020\/06\/Juan-Arturo-Farias-Diaz.jpg?fit=580%2C357&ssl=1","jetpack_sharing_enabled":true,"jetpack_likes_enabled":true,"jetpack-related-posts":[],"_links":{"self":[{"href":"https:\/\/eltrabajo.cl\/portal\/wp-json\/wp\/v2\/posts\/100105","targetHints":{"allow":["GET"]}}],"collection":[{"href":"https:\/\/eltrabajo.cl\/portal\/wp-json\/wp\/v2\/posts"}],"about":[{"href":"https:\/\/eltrabajo.cl\/portal\/wp-json\/wp\/v2\/types\/post"}],"author":[{"embeddable":true,"href":"https:\/\/eltrabajo.cl\/portal\/wp-json\/wp\/v2\/users\/482"}],"replies":[{"embeddable":true,"href":"https:\/\/eltrabajo.cl\/portal\/wp-json\/wp\/v2\/comments?post=100105"}],"version-history":[{"count":0,"href":"https:\/\/eltrabajo.cl\/portal\/wp-json\/wp\/v2\/posts\/100105\/revisions"}],"wp:featuredmedia":[{"embeddable":true,"href":"https:\/\/eltrabajo.cl\/portal\/wp-json\/wp\/v2\/media\/100111"}],"wp:attachment":[{"href":"https:\/\/eltrabajo.cl\/portal\/wp-json\/wp\/v2\/media?parent=100105"}],"wp:term":[{"taxonomy":"category","embeddable":true,"href":"https:\/\/eltrabajo.cl\/portal\/wp-json\/wp\/v2\/categories?post=100105"},{"taxonomy":"post_tag","embeddable":true,"href":"https:\/\/eltrabajo.cl\/portal\/wp-json\/wp\/v2\/tags?post=100105"}],"curies":[{"name":"wp","href":"https:\/\/api.w.org\/{rel}","templated":true}]}}