{"id":100131,"date":"2020-06-30T07:35:23","date_gmt":"2020-06-30T11:35:23","guid":{"rendered":"https:\/\/www.eltrabajo.cl\/portal\/?p=100131"},"modified":"2020-06-29T20:41:31","modified_gmt":"2020-06-30T00:41:31","slug":"familia-lo-pierde-todo-tras-quemarse-su-casa-en-las-cabras","status":"publish","type":"post","link":"https:\/\/eltrabajo.cl\/portal\/familia-lo-pierde-todo-tras-quemarse-su-casa-en-las-cabras\/","title":{"rendered":"Familia lo pierde todo tras quemarse su casa en Las Cabras"},"content":{"rendered":"<p style=\"text-align: justify;\"><strong>SANTA MAR\u00cdA.- <\/strong>Un incendio de medianas proporciones es el que dej\u00f3 hecho cenizas un inmueble en el sector Las Cabras, el siniestro inici\u00f3 a las 17:58 horas del viernes, acudiendo al lugar unidades de las tres Compa\u00f1\u00edas del Cuerpo de Bomberos de Santa Mar\u00eda con apoyo de un cami\u00f3n aljibe municipal ya que en ese sector no hay grifos instalados.<\/p>\n<p style=\"text-align: justify;\">\n<p style=\"text-align: justify;\"><span style=\"color: #c81400;\"><strong>TODOS A SALVO<\/strong><\/span><\/p>\n<p style=\"text-align: justify;\">La informaci\u00f3n la confirm\u00f3 a <strong>Diario El Trabajo<\/strong> el relacionador p\u00fablico de Bomberos, <strong>Diego Arancibia<\/strong> <strong>Rodr\u00edguez<\/strong>, \u00ab<em>al llegar la primera unidad al lugar se declar\u00f3 la Primera Alarma de Incendio y las labores se enfocaron en la sofocaci\u00f3n del siniestro, lo que se quem\u00f3 fue una casa de material ligero completa afectando a un matrimonio joven con un menor de edad, no se registraron civiles ni bomberos en el lugar, los bomberos lograron rescatar con vida a dos perros de la casa incendiada propiedad de los habitantes afectados, las causas de este incendio est\u00e1n ya siendo investigadas por el Departamento de Investigaciones del Cuerpo de Bomberos de Santa Mar\u00eda<\/em>\u00bb, inform\u00f3 Arancibia.<\/p>\n<p style=\"text-align: justify;\">Los interesados en ayudar a esta conocida familia de Las Cabras, pueden hacer llegar las ayudas a Radio Orolonco, en Santa Mar\u00eda.<\/p>\n<p style=\"text-align: justify;\"><strong>Roberto Gonz\u00e1lez Short<br \/>\n<\/strong><strong>Fotos: Emergencias Santa Mar\u00eda<\/strong><\/p>\n<figure id=\"attachment_100132\" aria-describedby=\"caption-attachment-100132\" style=\"width: 580px\" class=\"wp-caption aligncenter\"><img data-recalc-dims=\"1\" loading=\"lazy\" decoding=\"async\" class=\"size-full wp-image-100132\" src=\"https:\/\/i0.wp.com\/eltrabajo.cl\/portal\/wp-content\/uploads\/2020\/06\/Incendio1.jpg?resize=580%2C358&#038;ssl=1\" alt=\"INFERNAL ESCENARIO.- En pocos minutos la casa de habitaci\u00f3n fue destruida por las llamas que consumieron por completo el inmueble.\" width=\"580\" height=\"358\" srcset=\"https:\/\/i0.wp.com\/eltrabajo.cl\/portal\/wp-content\/uploads\/2020\/06\/Incendio1.jpg?w=580&amp;ssl=1 580w, https:\/\/i0.wp.com\/eltrabajo.cl\/portal\/wp-content\/uploads\/2020\/06\/Incendio1.jpg?resize=300%2C185&amp;ssl=1 300w, https:\/\/i0.wp.com\/eltrabajo.cl\/portal\/wp-content\/uploads\/2020\/06\/Incendio1.jpg?resize=200%2C123&amp;ssl=1 200w\" sizes=\"auto, (max-width: 580px) 100vw, 580px\" \/><figcaption id=\"caption-attachment-100132\" class=\"wp-caption-text\">INFERNAL ESCENARIO.- En pocos minutos la casa de habitaci\u00f3n fue destruida por las llamas que consumieron por completo el inmueble.<\/figcaption><\/figure>\n<figure id=\"attachment_100133\" aria-describedby=\"caption-attachment-100133\" style=\"width: 580px\" class=\"wp-caption aligncenter\"><img data-recalc-dims=\"1\" loading=\"lazy\" decoding=\"async\" class=\"size-full wp-image-100133\" src=\"https:\/\/i0.wp.com\/eltrabajo.cl\/portal\/wp-content\/uploads\/2020\/06\/Incendio2.jpg?resize=580%2C360&#038;ssl=1\" alt=\"TODO LO PERDIERON.- Esta familia ahora depender\u00e1n de la ayuda que vecinos, autoridades y amigos quieran aportar para empezar de nuevo y continuar con sus vidas.\" width=\"580\" height=\"360\" srcset=\"https:\/\/i0.wp.com\/eltrabajo.cl\/portal\/wp-content\/uploads\/2020\/06\/Incendio2.jpg?w=580&amp;ssl=1 580w, https:\/\/i0.wp.com\/eltrabajo.cl\/portal\/wp-content\/uploads\/2020\/06\/Incendio2.jpg?resize=300%2C186&amp;ssl=1 300w, https:\/\/i0.wp.com\/eltrabajo.cl\/portal\/wp-content\/uploads\/2020\/06\/Incendio2.jpg?resize=200%2C124&amp;ssl=1 200w\" sizes=\"auto, (max-width: 580px) 100vw, 580px\" \/><figcaption id=\"caption-attachment-100133\" class=\"wp-caption-text\">TODO LO PERDIERON.- Esta familia ahora depender\u00e1n de la ayuda que vecinos, autoridades y amigos quieran aportar para empezar de nuevo y continuar con sus vidas.<\/figcaption><\/figure>\n<figure id=\"attachment_100134\" aria-describedby=\"caption-attachment-100134\" style=\"width: 580px\" class=\"wp-caption aligncenter\"><img data-recalc-dims=\"1\" loading=\"lazy\" decoding=\"async\" class=\"size-full wp-image-100134\" src=\"https:\/\/i0.wp.com\/eltrabajo.cl\/portal\/wp-content\/uploads\/2020\/06\/Incendio_Diego-Arancibia-Rodriguez.jpg?resize=580%2C600&#038;ssl=1\" alt=\"Relacionador p\u00fablico de Bomberos, Diego Arancibia Rodr\u00edguez.\" width=\"580\" height=\"600\" srcset=\"https:\/\/i0.wp.com\/eltrabajo.cl\/portal\/wp-content\/uploads\/2020\/06\/Incendio_Diego-Arancibia-Rodriguez.jpg?w=580&amp;ssl=1 580w, https:\/\/i0.wp.com\/eltrabajo.cl\/portal\/wp-content\/uploads\/2020\/06\/Incendio_Diego-Arancibia-Rodriguez.jpg?resize=290%2C300&amp;ssl=1 290w, https:\/\/i0.wp.com\/eltrabajo.cl\/portal\/wp-content\/uploads\/2020\/06\/Incendio_Diego-Arancibia-Rodriguez.jpg?resize=145%2C150&amp;ssl=1 145w\" sizes=\"auto, (max-width: 580px) 100vw, 580px\" \/><figcaption id=\"caption-attachment-100134\" class=\"wp-caption-text\">Relacionador p\u00fablico de Bomberos, Diego Arancibia Rodr\u00edguez.<\/figcaption><\/figure>\n","protected":false},"excerpt":{"rendered":"<p>SANTA MAR\u00cdA.- Un incendio de medianas proporciones es el que dej\u00f3 hecho cenizas un inmueble en el sector Las Cabras, el siniestro inici\u00f3 a las 17:58 horas del viernes, acudiendo al lugar&#8230;<\/p>\n","protected":false},"author":482,"featured_media":100132,"comment_status":"closed","ping_status":"open","sticky":false,"template":"","format":"standard","meta":{"advanced_seo_description":"","jetpack_seo_html_title":"","jetpack_seo_noindex":false,"_jetpack_memberships_contains_paid_content":false,"footnotes":""},"categories":[21],"tags":[],"class_list":["post-100131","post","type-post","status-publish","format-standard","has-post-thumbnail","hentry","category-policial"],"jetpack_featured_media_url":"https:\/\/i0.wp.com\/eltrabajo.cl\/portal\/wp-content\/uploads\/2020\/06\/Incendio1.jpg?fit=580%2C358&ssl=1","jetpack_sharing_enabled":true,"jetpack_likes_enabled":true,"jetpack-related-posts":[],"_links":{"self":[{"href":"https:\/\/eltrabajo.cl\/portal\/wp-json\/wp\/v2\/posts\/100131","targetHints":{"allow":["GET"]}}],"collection":[{"href":"https:\/\/eltrabajo.cl\/portal\/wp-json\/wp\/v2\/posts"}],"about":[{"href":"https:\/\/eltrabajo.cl\/portal\/wp-json\/wp\/v2\/types\/post"}],"author":[{"embeddable":true,"href":"https:\/\/eltrabajo.cl\/portal\/wp-json\/wp\/v2\/users\/482"}],"replies":[{"embeddable":true,"href":"https:\/\/eltrabajo.cl\/portal\/wp-json\/wp\/v2\/comments?post=100131"}],"version-history":[{"count":0,"href":"https:\/\/eltrabajo.cl\/portal\/wp-json\/wp\/v2\/posts\/100131\/revisions"}],"wp:featuredmedia":[{"embeddable":true,"href":"https:\/\/eltrabajo.cl\/portal\/wp-json\/wp\/v2\/media\/100132"}],"wp:attachment":[{"href":"https:\/\/eltrabajo.cl\/portal\/wp-json\/wp\/v2\/media?parent=100131"}],"wp:term":[{"taxonomy":"category","embeddable":true,"href":"https:\/\/eltrabajo.cl\/portal\/wp-json\/wp\/v2\/categories?post=100131"},{"taxonomy":"post_tag","embeddable":true,"href":"https:\/\/eltrabajo.cl\/portal\/wp-json\/wp\/v2\/tags?post=100131"}],"curies":[{"name":"wp","href":"https:\/\/api.w.org\/{rel}","templated":true}]}}