{"id":100136,"date":"2020-06-30T07:40:43","date_gmt":"2020-06-30T11:40:43","guid":{"rendered":"https:\/\/www.eltrabajo.cl\/portal\/?p=100136"},"modified":"2020-06-29T20:49:40","modified_gmt":"2020-06-30T00:49:40","slug":"comedor-parroquia-andacollo-cambia-forma-de-cooperar-a-cuenta-corriente","status":"publish","type":"post","link":"https:\/\/eltrabajo.cl\/portal\/comedor-parroquia-andacollo-cambia-forma-de-cooperar-a-cuenta-corriente\/","title":{"rendered":"Comedor Parroquia Andacollo cambia forma de cooperar a cuenta corriente"},"content":{"rendered":"<p style=\"text-align: justify;\">Muy bien les ha ido a los encargados del comedor de la Parroquia Andacollo de San Felipe, pese a la pandemia y a la cuarentena. De todas maneras, debido a esto han debido de dejar de ir a buscar la ayuda a las casas y recibirla en la misma parroquia por las restricciones. Por eso mismo han decidido usar la cuenta corriente que tienen en un banco. Para que de este modo la gente que desee cooperar lo haga a trav\u00e9s de esta instancia.<\/p>\n<p style=\"text-align: justify;\">Conversamos con <strong>Guillermo Brito<\/strong>, coordinador del comedor, quien nos dijo que \u00ab<em>la verdad que ha andado bien, gracias a Dios hemos conseguido los permisos, la ayuda hoy d\u00eda estamos cocinando m\u00e1s almuerzos porque lleg\u00f3 m\u00e1s gente, son 270 m\u00e1s o menos y hemos hecho una bonita campa\u00f1a, sacamos la Virgen para que la gente la vea, la tenemos adentro ahora no afuera por el tema de la humedad todo eso<\/em>\u00bb, dice Guillermo Brito coordinador del comedor.<\/p>\n<p style=\"text-align: justify;\">&#8211;<strong> Pedir a la comunidad seguir cooperando porque este comedor es todo el a\u00f1o<\/strong><\/p>\n<p style=\"text-align: justify;\">&#8211; Mira este comedor hoy en d\u00eda lo estamos proyectando por el tema de la pandemia m\u00e1s que nada, pero, as\u00ed como se ve la cosa hay mucha necesidad de la gente hoy en d\u00eda, hay mucho cesante gente que no ha podido recibir ingresos. Como la gente no puede venir y estamos complicados en tema de tiempo de poder ir a buscar ayuda a los domicilios o que la gente venga a buscar, hemos decidido ocupar la cuenta corriente y as\u00ed poder ir nosotros mismos a comprar lo que estamos necesitando.<\/p>\n<p style=\"text-align: justify;\">&#8211;<strong> \u00bfC\u00f3mo les ha afectado la pandemia con lo de la cuarentena, tienen los permisos correspondientes?<\/strong><\/p>\n<p style=\"text-align: justify;\">&#8211; Mira, nosotros estamos actuando de buena fe con Carabineros ah\u00ed es solamente el criterio de ellos por as\u00ed decirlo, no existe un permiso legal que diga s\u00ed est\u00e1n autorizados, pero gracias a Dios nosotros como parroquia entregamos un documento con el timbre donde certifica que la persona con nombre, Rut y direcci\u00f3n viene a buscar almuerzo a la parroquia, hablamos el tema con el Gobernador est\u00e1n gestionando ah\u00ed con Carabineros entonces han tenido un poco m\u00e1s de flexibilidad al respecto y ha funcionado bien.<\/p>\n<p style=\"text-align: justify;\">&#8211; <strong>Reiterar la solicitud a la gente sobre la ayuda <\/strong><\/p>\n<p style=\"text-align: justify;\">&#8211; Solamente reiterar a la gente que nos quiera cooperar y ayudar sino tiene permiso para venir, nos complica a nosotros ir, mejor que lo haga directamente a la cuenta mejor para as\u00ed nosotros ir viendo lo que necesitamos.<\/p>\n<p style=\"text-align: justify;\">&#8211; <strong>\u00bfQu\u00e9 n\u00famero es la cuenta?<\/strong><\/p>\n<p style=\"text-align: justify;\">&#8211; La cuenta es la <strong>972584355 <\/strong>Parroquia Andacollo del Banco Scotiabank del Rut <strong>73.700.600-K<\/strong>, esa es la cuenta de la parroquia, ah\u00ed usted le coloca que es ayuda al comedor as\u00ed es m\u00e1s transparente para explicar y decir esto lo est\u00e1n donando del comedor para poder ir a gestionar para ir viendo todo lo que vamos necesitando, pero gracias a Dios agradecerle a la gente a los que nos han ido cooperando, hay mucha gente an\u00f3nima\u00a0 que est\u00e1 detr\u00e1s de esto hay muchos grupos que est\u00e1n atr\u00e1s tambi\u00e9n que nos est\u00e1n cooperando bastante y tambi\u00e9n quiero reiterar y dar las gracias a toda la gente que un granito de arena ha tra\u00eddo, ha ido ayudando porque eso tambi\u00e9n ha permitido ayudar a otras ollas comunes, nosotros estamos hoy en d\u00eda ayudando a otras ollas comunes del sector que tambi\u00e9n funcionan los d\u00edas s\u00e1bados entonces para que tambi\u00e9n se sepa que la ayuda no es solamente para nosotros.<\/p>\n<p style=\"text-align: justify;\">El comedor de la Parroquia Andacollo funciona hace siete a\u00f1os. En Avenida Diego de Almagro en San Felipe. Cuenta Corriente 972584355 Parroquia Andacollo del Banco Scotiabank del Rut 73.700.600-K.<\/p>\n<figure id=\"attachment_100142\" aria-describedby=\"caption-attachment-100142\" style=\"width: 580px\" class=\"wp-caption aligncenter\"><img data-recalc-dims=\"1\" loading=\"lazy\" decoding=\"async\" class=\"size-full wp-image-100142\" src=\"https:\/\/i0.wp.com\/eltrabajo.cl\/portal\/wp-content\/uploads\/2020\/06\/Usuarios.jpg?resize=580%2C360&#038;ssl=1\" alt=\"Los usuarios haciendo fila para recibir su comida en el comedor de la Parroquia Andacollo.\" width=\"580\" height=\"360\" srcset=\"https:\/\/i0.wp.com\/eltrabajo.cl\/portal\/wp-content\/uploads\/2020\/06\/Usuarios.jpg?w=580&amp;ssl=1 580w, https:\/\/i0.wp.com\/eltrabajo.cl\/portal\/wp-content\/uploads\/2020\/06\/Usuarios.jpg?resize=300%2C186&amp;ssl=1 300w, https:\/\/i0.wp.com\/eltrabajo.cl\/portal\/wp-content\/uploads\/2020\/06\/Usuarios.jpg?resize=200%2C124&amp;ssl=1 200w\" sizes=\"auto, (max-width: 580px) 100vw, 580px\" \/><figcaption id=\"caption-attachment-100142\" class=\"wp-caption-text\">Los usuarios haciendo fila para recibir su comida en el comedor de la Parroquia Andacollo.<\/figcaption><\/figure>\n<figure id=\"attachment_100141\" aria-describedby=\"caption-attachment-100141\" style=\"width: 580px\" class=\"wp-caption aligncenter\"><img data-recalc-dims=\"1\" loading=\"lazy\" decoding=\"async\" class=\"size-full wp-image-100141\" src=\"https:\/\/i0.wp.com\/eltrabajo.cl\/portal\/wp-content\/uploads\/2020\/06\/Personal.jpg?resize=580%2C360&#038;ssl=1\" alt=\"Los voluntarios que preparan la comida para los usuarios trabajan religiosamente en esta iniciativa social desde hace 7 a\u00f1os.\" width=\"580\" height=\"360\" srcset=\"https:\/\/i0.wp.com\/eltrabajo.cl\/portal\/wp-content\/uploads\/2020\/06\/Personal.jpg?w=580&amp;ssl=1 580w, https:\/\/i0.wp.com\/eltrabajo.cl\/portal\/wp-content\/uploads\/2020\/06\/Personal.jpg?resize=300%2C186&amp;ssl=1 300w, https:\/\/i0.wp.com\/eltrabajo.cl\/portal\/wp-content\/uploads\/2020\/06\/Personal.jpg?resize=200%2C124&amp;ssl=1 200w\" sizes=\"auto, (max-width: 580px) 100vw, 580px\" \/><figcaption id=\"caption-attachment-100141\" class=\"wp-caption-text\">Los voluntarios que preparan la comida para los usuarios trabajan religiosamente en esta iniciativa social desde hace 7 a\u00f1os.<\/figcaption><\/figure>\n<figure id=\"attachment_100137\" aria-describedby=\"caption-attachment-100137\" style=\"width: 580px\" class=\"wp-caption aligncenter\"><img data-recalc-dims=\"1\" loading=\"lazy\" decoding=\"async\" class=\"size-full wp-image-100137\" src=\"https:\/\/i0.wp.com\/eltrabajo.cl\/portal\/wp-content\/uploads\/2020\/06\/Comida.jpg?resize=580%2C358&#038;ssl=1\" alt=\"La comida lista para ser repartida junto a los voluntarios del comedor de la Parroquia de Andacollo.\" width=\"580\" height=\"358\" srcset=\"https:\/\/i0.wp.com\/eltrabajo.cl\/portal\/wp-content\/uploads\/2020\/06\/Comida.jpg?w=580&amp;ssl=1 580w, https:\/\/i0.wp.com\/eltrabajo.cl\/portal\/wp-content\/uploads\/2020\/06\/Comida.jpg?resize=300%2C185&amp;ssl=1 300w, https:\/\/i0.wp.com\/eltrabajo.cl\/portal\/wp-content\/uploads\/2020\/06\/Comida.jpg?resize=200%2C123&amp;ssl=1 200w\" sizes=\"auto, (max-width: 580px) 100vw, 580px\" \/><figcaption id=\"caption-attachment-100137\" class=\"wp-caption-text\">La comida lista para ser repartida junto a los voluntarios del comedor de la Parroquia de Andacollo.<\/figcaption><\/figure>\n<figure id=\"attachment_100138\" aria-describedby=\"caption-attachment-100138\" style=\"width: 580px\" class=\"wp-caption aligncenter\"><img data-recalc-dims=\"1\" loading=\"lazy\" decoding=\"async\" class=\"size-full wp-image-100138\" src=\"https:\/\/i0.wp.com\/eltrabajo.cl\/portal\/wp-content\/uploads\/2020\/06\/Comedor_Guillermo-Brito.jpg?resize=580%2C598&#038;ssl=1\" alt=\"Guillermo Brito, voluntario del Comedor Solidario de la Parroquia Andacollo. (Foto Archivo)\" width=\"580\" height=\"598\" srcset=\"https:\/\/i0.wp.com\/eltrabajo.cl\/portal\/wp-content\/uploads\/2020\/06\/Comedor_Guillermo-Brito.jpg?w=580&amp;ssl=1 580w, https:\/\/i0.wp.com\/eltrabajo.cl\/portal\/wp-content\/uploads\/2020\/06\/Comedor_Guillermo-Brito.jpg?resize=291%2C300&amp;ssl=1 291w, https:\/\/i0.wp.com\/eltrabajo.cl\/portal\/wp-content\/uploads\/2020\/06\/Comedor_Guillermo-Brito.jpg?resize=145%2C150&amp;ssl=1 145w\" sizes=\"auto, (max-width: 580px) 100vw, 580px\" \/><figcaption id=\"caption-attachment-100138\" class=\"wp-caption-text\">Guillermo Brito, voluntario del Comedor Solidario de la Parroquia Andacollo. (Foto Archivo)<\/figcaption><\/figure>\n<p style=\"text-align: justify;\">\n","protected":false},"excerpt":{"rendered":"<p>Muy bien les ha ido a los encargados del comedor de la Parroquia Andacollo de San Felipe, pese a la pandemia y a la cuarentena. De todas maneras, debido a esto han&#8230;<\/p>\n","protected":false},"author":482,"featured_media":100142,"comment_status":"closed","ping_status":"open","sticky":false,"template":"","format":"standard","meta":{"advanced_seo_description":"","jetpack_seo_html_title":"","jetpack_seo_noindex":false,"_jetpack_memberships_contains_paid_content":false,"footnotes":""},"categories":[15],"tags":[],"class_list":["post-100136","post","type-post","status-publish","format-standard","has-post-thumbnail","hentry","category-comunidad"],"jetpack_featured_media_url":"https:\/\/i0.wp.com\/eltrabajo.cl\/portal\/wp-content\/uploads\/2020\/06\/Usuarios.jpg?fit=580%2C360&ssl=1","jetpack_sharing_enabled":true,"jetpack_likes_enabled":true,"jetpack-related-posts":[],"_links":{"self":[{"href":"https:\/\/eltrabajo.cl\/portal\/wp-json\/wp\/v2\/posts\/100136","targetHints":{"allow":["GET"]}}],"collection":[{"href":"https:\/\/eltrabajo.cl\/portal\/wp-json\/wp\/v2\/posts"}],"about":[{"href":"https:\/\/eltrabajo.cl\/portal\/wp-json\/wp\/v2\/types\/post"}],"author":[{"embeddable":true,"href":"https:\/\/eltrabajo.cl\/portal\/wp-json\/wp\/v2\/users\/482"}],"replies":[{"embeddable":true,"href":"https:\/\/eltrabajo.cl\/portal\/wp-json\/wp\/v2\/comments?post=100136"}],"version-history":[{"count":0,"href":"https:\/\/eltrabajo.cl\/portal\/wp-json\/wp\/v2\/posts\/100136\/revisions"}],"wp:featuredmedia":[{"embeddable":true,"href":"https:\/\/eltrabajo.cl\/portal\/wp-json\/wp\/v2\/media\/100142"}],"wp:attachment":[{"href":"https:\/\/eltrabajo.cl\/portal\/wp-json\/wp\/v2\/media?parent=100136"}],"wp:term":[{"taxonomy":"category","embeddable":true,"href":"https:\/\/eltrabajo.cl\/portal\/wp-json\/wp\/v2\/categories?post=100136"},{"taxonomy":"post_tag","embeddable":true,"href":"https:\/\/eltrabajo.cl\/portal\/wp-json\/wp\/v2\/tags?post=100136"}],"curies":[{"name":"wp","href":"https:\/\/api.w.org\/{rel}","templated":true}]}}