{"id":100144,"date":"2020-06-30T07:45:18","date_gmt":"2020-06-30T11:45:18","guid":{"rendered":"https:\/\/www.eltrabajo.cl\/portal\/?p=100144"},"modified":"2020-06-29T20:54:18","modified_gmt":"2020-06-30T00:54:18","slug":"joven-cae-de-un-cerro-en-curimon-se-desconocen-las-causas","status":"publish","type":"post","link":"https:\/\/eltrabajo.cl\/portal\/joven-cae-de-un-cerro-en-curimon-se-desconocen-las-causas\/","title":{"rendered":"Joven cae de un cerro en Curim\u00f3n, se desconocen las causas"},"content":{"rendered":"<p style=\"text-align: justify;\">Un joven de aproximadamente 20 a\u00f1os de edad cay\u00f3 desde una altura de cuatro metros en un cerro de Curim\u00f3n donde hay una especie de copa de agua. La causas se ignoran, pero debieron concurrir organismos de emergencia al lugar para posteriormente trasladarlo hasta el Hospital San Camilo. Este hecho ocurri\u00f3 el d\u00eda s\u00e1bado en la tarde.<\/p>\n<p style=\"text-align: justify;\">\u00ab<em>S\u00ed, efectivamente una persona joven, aproximadamente de 20 a\u00f1os cay\u00f3 de una altura de unos 4 metros en estos momentos est\u00e1 siendo estabilizado por personal de Bomberos y del SAMU, la persona tiene da\u00f1os en el cr\u00e1neo,\u00a0 tiene unos cortes en su cabeza se est\u00e1 inmovilizando para ser trasladado al Hospital San Camilo<\/em>\u00bb, dijo el Comandante Juan Carlos Herrera Lillo a <strong>Diario El Trabajo<\/strong>.<\/p>\n<p style=\"text-align: justify;\">&#8211; <strong>\u00bfLogr\u00f3 conversar algo?<\/strong><\/p>\n<p style=\"text-align: justify;\">&#8211; S\u00ed, algo convers\u00f3 con el personal de Bomberos de la Quinta Compa\u00f1\u00eda en primera instancia y ahora est\u00e1 trabajando personal del SAMU lo est\u00e1n inmovilizando para poder ser trasladado, la persona est\u00e1 consciente, a ratos conversa le hacen preguntas y la verdad que le cuesta contestar, as\u00ed es que la verdad es una situaci\u00f3n en la que se est\u00e1 trabajando en este momento.<\/p>\n<p style=\"text-align: justify;\">El Comandante Juan Carlos Herrera indic\u00f3 que este hecho ocurri\u00f3 en un cerro en Curim\u00f3n donde hay una especie de copa de agua. Consultado Herrera Lillo si se trata de una persona que viva en el sector, \u00e9ste indic\u00f3 que \u00ab<em>s\u00ed hay personas que dicen que es del sector fueron a buscar a los familiares, una persona que ingres\u00f3 junto con Bomberos dice que es de ac\u00e1 y fueron a buscar a los familiares<\/em>\u00bb, se\u00f1al\u00f3<\/p>\n<p style=\"text-align: justify;\">&#8211; <strong>\u00bfSer\u00eda alg\u00fan intento de suicidio o no?<\/strong><\/p>\n<p style=\"text-align: justify;\">&#8211; La verdad que no, lo ignoro, en ese sentido s\u00f3lo sabemos que se cay\u00f3.<\/p>\n<p style=\"text-align: justify;\">Este hecho ocurri\u00f3 el d\u00eda s\u00e1bado en horas de la tarde. La persona fue trasladada ese mismo d\u00eda al Hospital San Camilo. A prop\u00f3sito de ca\u00eddas, d\u00edas atr\u00e1s todav\u00eda se lamenta la situaci\u00f3n vivida por el exconcejal de Panquehue Juan Arturo Far\u00edas D\u00edas, quien cay\u00f3 de una altura aproximada de siete metros que a la larga le cost\u00f3 la vida.<\/p>\n<figure id=\"attachment_100145\" aria-describedby=\"caption-attachment-100145\" style=\"width: 580px\" class=\"wp-caption aligncenter\"><img data-recalc-dims=\"1\" loading=\"lazy\" decoding=\"async\" class=\"size-full wp-image-100145\" src=\"https:\/\/i0.wp.com\/eltrabajo.cl\/portal\/wp-content\/uploads\/2020\/06\/ca%C3%ADda-2.jpg?resize=580%2C360&#038;ssl=1\" alt=\"Personas del sector observan el trabajo de emergencia.\" width=\"580\" height=\"360\" srcset=\"https:\/\/i0.wp.com\/eltrabajo.cl\/portal\/wp-content\/uploads\/2020\/06\/ca%C3%ADda-2.jpg?w=580&amp;ssl=1 580w, https:\/\/i0.wp.com\/eltrabajo.cl\/portal\/wp-content\/uploads\/2020\/06\/ca%C3%ADda-2.jpg?resize=300%2C186&amp;ssl=1 300w, https:\/\/i0.wp.com\/eltrabajo.cl\/portal\/wp-content\/uploads\/2020\/06\/ca%C3%ADda-2.jpg?resize=200%2C124&amp;ssl=1 200w\" sizes=\"auto, (max-width: 580px) 100vw, 580px\" \/><figcaption id=\"caption-attachment-100145\" class=\"wp-caption-text\">Personas del sector observan el trabajo de emergencia.<\/figcaption><\/figure>\n<figure id=\"attachment_100146\" aria-describedby=\"caption-attachment-100146\" style=\"width: 580px\" class=\"wp-caption aligncenter\"><img data-recalc-dims=\"1\" loading=\"lazy\" decoding=\"async\" class=\"size-full wp-image-100146\" src=\"https:\/\/i0.wp.com\/eltrabajo.cl\/portal\/wp-content\/uploads\/2020\/06\/ca%C3%ADda.jpg?resize=580%2C359&#038;ssl=1\" alt=\"Personal del SAMU y de Bomberos trabajando en el lugar.\" width=\"580\" height=\"359\" srcset=\"https:\/\/i0.wp.com\/eltrabajo.cl\/portal\/wp-content\/uploads\/2020\/06\/ca%C3%ADda.jpg?w=580&amp;ssl=1 580w, https:\/\/i0.wp.com\/eltrabajo.cl\/portal\/wp-content\/uploads\/2020\/06\/ca%C3%ADda.jpg?resize=300%2C186&amp;ssl=1 300w, https:\/\/i0.wp.com\/eltrabajo.cl\/portal\/wp-content\/uploads\/2020\/06\/ca%C3%ADda.jpg?resize=200%2C124&amp;ssl=1 200w\" sizes=\"auto, (max-width: 580px) 100vw, 580px\" \/><figcaption id=\"caption-attachment-100146\" class=\"wp-caption-text\">Personal del SAMU y de Bomberos trabajando en el lugar.<\/figcaption><\/figure>\n","protected":false},"excerpt":{"rendered":"<p>Un joven de aproximadamente 20 a\u00f1os de edad cay\u00f3 desde una altura de cuatro metros en un cerro de Curim\u00f3n donde hay una especie de copa de agua. La causas se ignoran,&#8230;<\/p>\n","protected":false},"author":482,"featured_media":100146,"comment_status":"closed","ping_status":"open","sticky":false,"template":"","format":"standard","meta":{"advanced_seo_description":"","jetpack_seo_html_title":"","jetpack_seo_noindex":false,"_jetpack_memberships_contains_paid_content":false,"footnotes":""},"categories":[21],"tags":[],"class_list":["post-100144","post","type-post","status-publish","format-standard","has-post-thumbnail","hentry","category-policial"],"jetpack_featured_media_url":"https:\/\/i0.wp.com\/eltrabajo.cl\/portal\/wp-content\/uploads\/2020\/06\/ca%C3%ADda.jpg?fit=580%2C359&ssl=1","jetpack_sharing_enabled":true,"jetpack_likes_enabled":true,"jetpack-related-posts":[],"_links":{"self":[{"href":"https:\/\/eltrabajo.cl\/portal\/wp-json\/wp\/v2\/posts\/100144","targetHints":{"allow":["GET"]}}],"collection":[{"href":"https:\/\/eltrabajo.cl\/portal\/wp-json\/wp\/v2\/posts"}],"about":[{"href":"https:\/\/eltrabajo.cl\/portal\/wp-json\/wp\/v2\/types\/post"}],"author":[{"embeddable":true,"href":"https:\/\/eltrabajo.cl\/portal\/wp-json\/wp\/v2\/users\/482"}],"replies":[{"embeddable":true,"href":"https:\/\/eltrabajo.cl\/portal\/wp-json\/wp\/v2\/comments?post=100144"}],"version-history":[{"count":0,"href":"https:\/\/eltrabajo.cl\/portal\/wp-json\/wp\/v2\/posts\/100144\/revisions"}],"wp:featuredmedia":[{"embeddable":true,"href":"https:\/\/eltrabajo.cl\/portal\/wp-json\/wp\/v2\/media\/100146"}],"wp:attachment":[{"href":"https:\/\/eltrabajo.cl\/portal\/wp-json\/wp\/v2\/media?parent=100144"}],"wp:term":[{"taxonomy":"category","embeddable":true,"href":"https:\/\/eltrabajo.cl\/portal\/wp-json\/wp\/v2\/categories?post=100144"},{"taxonomy":"post_tag","embeddable":true,"href":"https:\/\/eltrabajo.cl\/portal\/wp-json\/wp\/v2\/tags?post=100144"}],"curies":[{"name":"wp","href":"https:\/\/api.w.org\/{rel}","templated":true}]}}