{"id":100148,"date":"2020-06-30T07:50:28","date_gmt":"2020-06-30T11:50:28","guid":{"rendered":"https:\/\/www.eltrabajo.cl\/portal\/?p=100148"},"modified":"2020-07-01T15:20:53","modified_gmt":"2020-07-01T19:20:53","slug":"propietaria-lleva-diez-meses-esperando-que-inquilino-le-pague-arriendo","status":"publish","type":"post","link":"https:\/\/eltrabajo.cl\/portal\/propietaria-lleva-diez-meses-esperando-que-inquilino-le-pague-arriendo\/","title":{"rendered":"Propietaria lleva diez meses esperando que inquilino le pague arriendo"},"content":{"rendered":"<p style=\"text-align: justify;\"><span style=\"color: #c81400;\"><strong>Inquilino al parecer subarrend\u00f3 piezas de la casa:<\/strong><\/span><\/p>\n<p style=\"text-align: justify;\">Un inc\u00f3modo drama familiar es el que asegura estar viviendo una vecina de Villa El Se\u00f1orial, desde que en 2018 arrendara su vivienda ubicada en Villa Juan Pablo II a un sanfelipe\u00f1o llamado Juan Mauricio Fuentes Guti\u00e9rrez, quien pasado el tiempo tuvo dificultades para pagar al d\u00eda el arriendo, llegando el d\u00eda en que definitivamente no pag\u00f3 m\u00e1s a la due\u00f1a.<\/p>\n<p style=\"text-align: justify;\">La afectada habl\u00f3 con <strong>Diario El Trabajo<\/strong> a fin de dar a conocer su historia, as\u00ed, <strong>Mar\u00eda Alejandra Olivares Olivares<\/strong> nos explic\u00f3 que \u00ab<em>hace ya un a\u00f1o que no es posible que los arrendatarios de mi casa me cancelen el arriendo, he recurrido a todo sin ninguna soluci\u00f3n con abogado, estoy desesperada porque yo arriendo una casa y en estos momento me encuentro sin trabajo, por tema personal tuve que salir de mi casa<\/em>\u00bb, dijo la vecina a nuestro medio.<\/p>\n<p style=\"text-align: justify;\">&#8211; <strong>\u00bfCu\u00e1ndo arrend\u00f3 usted su casa a este caballero?<\/strong><\/p>\n<p style=\"text-align: justify;\">&#8211; Yo mi casa la empec\u00e9 arrendar el 20 de noviembre de 2018, por seis meses a don <strong>Juan Mauricio Fuentes Guti\u00e9rrez<\/strong>, en la suma de $220.000 con contrato notarial, lo cual la primera falta que cometi\u00f3 al contrato fue subarrendar piezas a terceras personas, que la propia pareja de don Juan, ella misma me llam\u00f3 para decirme que ten\u00eda problema con las personas que les arrendaba las piezas, al tercer mes don Juan empez\u00f3 a tener atrasos con las fechas de pago del arriendo. Adem\u00e1s, este caballero me he enterado, arrend\u00f3 piezas de mi casa a terceras personas y ni a\u00fan as\u00ed se digna pagarme.<\/p>\n<p style=\"text-align: justify;\">&#8211; <strong>\u00bfQu\u00e9 tr\u00e1mites legales hizo para poder recuperar entonces su vivienda?<\/strong><\/p>\n<p style=\"text-align: justify;\">&#8211; En 2019 en el mes de mayo Juan Mauricio no cancel\u00f3 arriendo, su \u00faltima cancelaci\u00f3n de arriendo fue junio del 2019, en julio del mismo a\u00f1o yo le puse t\u00e9rmino del contrato y solicit\u00e9 entrega de mi casa con carta certificada. En agosto yo empec\u00e9 los tr\u00e1mites con los abogados de la Corporaci\u00f3n, en el cual s\u00f3lo fueron tr\u00e1mite y papeleos sin resultados, y lamentablemente por el estallido social todo qued\u00f3 en nada, yo personalmente fui al Juzgado de Riquelme, por intermedio de la Municipalidad, por lo que me asignaron un abogado de turno Carlos Acu\u00f1a, este abogado me pidi\u00f3 nuevamente documentaci\u00f3n y de las veces que me cit\u00f3, me mencion\u00f3 que lo hab\u00edan notificado en el cual la se\u00f1ora Claudia lo neg\u00f3, que \u00e9l no llegaba a la casa y lamentablemente con el tema de la pandemia qued\u00f3 todo estancado, he ido a pedir ayuda en varias partes, Carabineros, asistente, municipalidad, pero nadie me ha dado una mano y por tantos permisos que tuve que pedir en mi trabajo, fui despedida.<\/p>\n<p style=\"text-align: justify;\">&#8211; <strong>\u00bfFinalmente qu\u00e9 es lo que usted solicita a Juan Mauricio Fuentes y los dem\u00e1s ocupantes de su casa?<\/strong><\/p>\n<p style=\"text-align: justify;\">&#8211; Yo s\u00f3lo pido que me entregue mi casa lo antes posible, a m\u00e1s tardar a fines de julio no m\u00e1s tiempo, si \u00e9l me entrega la casa en la fecha que le estoy dando, ni un mes m\u00e1s, \u00e9l me tiene que avisar con tiempo para ver las condiciones en que est\u00e1 mi casa, antes que se vaya, y si \u00e9l como hombre cumple alguna vez su palabra de entregar en la fecha que le di, que me entregue entonces mi casa, yo levanto la demanda apenas se vaya lo antes posible, de lo contrario estoy viendo un abogado particular y ah\u00ed no podr\u00e1 sacar nada de la casa, s\u00f3lo quiero que me entregue mi casa, no me importa la deuda s\u00f3lo quiero mi casa.<\/p>\n<p style=\"text-align: justify;\"><span style=\"color: #c81400;\"><strong>VERSI\u00d3N INQUILINO<\/strong><\/span><\/p>\n<p style=\"text-align: justify;\">Buscando conocer la versi\u00f3n que nos pudiera dar el propio <strong>Juan Mauricio Fuentes Guti\u00e9rrez <\/strong>es que logramos abordarlo y conocer su versi\u00f3n.<\/p>\n<p style=\"text-align: justify;\">\u00ab<em>Efectivamente hay un problema con esta se\u00f1ora por el tema del arriendo efectivamente no se le ha cancelado yo estoy claro que no se le ha cancelado el arriendo a la se\u00f1ora desde hace bastante tiempo<\/em> (\u2026) <em>yo no tengo problema en entregar la casa, y no me he ido anteriormente porque la se\u00f1ora me tiene una demanda en la cual me tiene estipulado que si yo me voy de la casa sin pagarle el arriendo sin pagarle, yo tengo que dejarle todos mis bienes dentro de la casa, y si yo me voy y saco mis cosas sin una orden del juez yo no puedo retirar mis cosas yo no me puedo ir, o sea, la se\u00f1ora quiere que me vaya al fin estamos ya pasando los meses y la deuda a\u00fan sigue creciendo<\/em>\u00bb, dijo Fuentes.<\/p>\n<p style=\"text-align: justify;\"><strong>Roberto Gonz\u00e1lez Short<\/strong><\/p>\n<figure id=\"attachment_100151\" aria-describedby=\"caption-attachment-100151\" style=\"width: 580px\" class=\"wp-caption aligncenter\"><img data-recalc-dims=\"1\" loading=\"lazy\" decoding=\"async\" class=\"size-full wp-image-100151\" src=\"https:\/\/i0.wp.com\/eltrabajo.cl\/portal\/wp-content\/uploads\/2020\/06\/Inquilino_Maria-Alejandra-Olivares.jpg?resize=580%2C598&#038;ssl=1\" alt=\"Mar\u00eda Alejandra Olivares, lleva diez meses esperando que su arrendatario se ponga al d\u00eda o desocupe su casa en Villa Juan Pablo II.\" width=\"580\" height=\"598\" srcset=\"https:\/\/i0.wp.com\/eltrabajo.cl\/portal\/wp-content\/uploads\/2020\/06\/Inquilino_Maria-Alejandra-Olivares.jpg?w=580&amp;ssl=1 580w, https:\/\/i0.wp.com\/eltrabajo.cl\/portal\/wp-content\/uploads\/2020\/06\/Inquilino_Maria-Alejandra-Olivares.jpg?resize=291%2C300&amp;ssl=1 291w, https:\/\/i0.wp.com\/eltrabajo.cl\/portal\/wp-content\/uploads\/2020\/06\/Inquilino_Maria-Alejandra-Olivares.jpg?resize=145%2C150&amp;ssl=1 145w\" sizes=\"auto, (max-width: 580px) 100vw, 580px\" \/><figcaption id=\"caption-attachment-100151\" class=\"wp-caption-text\">Mar\u00eda Alejandra Olivares, lleva diez meses esperando que su arrendatario se ponga al d\u00eda o desocupe su casa en Villa Juan Pablo II.<\/figcaption><\/figure>\n<figure id=\"attachment_100149\" aria-describedby=\"caption-attachment-100149\" style=\"width: 580px\" class=\"wp-caption aligncenter\"><img data-recalc-dims=\"1\" loading=\"lazy\" decoding=\"async\" class=\"size-full wp-image-100149\" src=\"https:\/\/i0.wp.com\/eltrabajo.cl\/portal\/wp-content\/uploads\/2020\/06\/Inquilino2.jpg?resize=580%2C358&#038;ssl=1\" alt=\"NI CON DEMANDAS.- Seg\u00fan relata en los documentos Mar\u00eda Alejandra, el inquilino subarrend\u00f3 piezas de su casa.\" width=\"580\" height=\"358\" srcset=\"https:\/\/i0.wp.com\/eltrabajo.cl\/portal\/wp-content\/uploads\/2020\/06\/Inquilino2.jpg?w=580&amp;ssl=1 580w, https:\/\/i0.wp.com\/eltrabajo.cl\/portal\/wp-content\/uploads\/2020\/06\/Inquilino2.jpg?resize=300%2C185&amp;ssl=1 300w, https:\/\/i0.wp.com\/eltrabajo.cl\/portal\/wp-content\/uploads\/2020\/06\/Inquilino2.jpg?resize=200%2C123&amp;ssl=1 200w\" sizes=\"auto, (max-width: 580px) 100vw, 580px\" \/><figcaption id=\"caption-attachment-100149\" class=\"wp-caption-text\">NI CON DEMANDAS.- Seg\u00fan relata en los documentos Mar\u00eda Alejandra, el inquilino subarrend\u00f3 piezas de su casa.<\/figcaption><\/figure>\n<figure id=\"attachment_100152\" aria-describedby=\"caption-attachment-100152\" style=\"width: 364px\" class=\"wp-caption aligncenter\"><img data-recalc-dims=\"1\" loading=\"lazy\" decoding=\"async\" class=\"size-full wp-image-100152\" src=\"https:\/\/i0.wp.com\/eltrabajo.cl\/portal\/wp-content\/uploads\/2020\/06\/Inquilino1.jpg?resize=364%2C600&#038;ssl=1\" alt=\"NO LA ENTREGAR\u00c1.- En este chat, el inquilino le asegura a la propietaria que su pareja no le entregar\u00e1 la casa.\" width=\"364\" height=\"600\" srcset=\"https:\/\/i0.wp.com\/eltrabajo.cl\/portal\/wp-content\/uploads\/2020\/06\/Inquilino1.jpg?w=364&amp;ssl=1 364w, https:\/\/i0.wp.com\/eltrabajo.cl\/portal\/wp-content\/uploads\/2020\/06\/Inquilino1.jpg?resize=182%2C300&amp;ssl=1 182w, https:\/\/i0.wp.com\/eltrabajo.cl\/portal\/wp-content\/uploads\/2020\/06\/Inquilino1.jpg?resize=91%2C150&amp;ssl=1 91w\" sizes=\"auto, (max-width: 364px) 100vw, 364px\" \/><figcaption id=\"caption-attachment-100152\" class=\"wp-caption-text\">NO LA ENTREGAR\u00c1.- En este chat, el inquilino le asegura a la propietaria que su pareja no le entregar\u00e1 la casa.<\/figcaption><\/figure>\n","protected":false},"excerpt":{"rendered":"<p>Inquilino al parecer subarrend\u00f3 piezas de la casa: Un inc\u00f3modo drama familiar es el que asegura estar viviendo una vecina de Villa El Se\u00f1orial, desde que en 2018 arrendara su vivienda ubicada&#8230;<\/p>\n","protected":false},"author":482,"featured_media":100150,"comment_status":"closed","ping_status":"open","sticky":false,"template":"","format":"standard","meta":{"advanced_seo_description":"","jetpack_seo_html_title":"","jetpack_seo_noindex":false,"_jetpack_memberships_contains_paid_content":false,"footnotes":""},"categories":[15],"tags":[],"class_list":["post-100148","post","type-post","status-publish","format-standard","has-post-thumbnail","hentry","category-comunidad"],"jetpack_featured_media_url":"https:\/\/i0.wp.com\/eltrabajo.cl\/portal\/wp-content\/uploads\/2020\/06\/Inquilino_Maria-Alejandra-Olivares-copia.jpg?fit=580%2C360&ssl=1","jetpack_sharing_enabled":true,"jetpack_likes_enabled":true,"jetpack-related-posts":[],"_links":{"self":[{"href":"https:\/\/eltrabajo.cl\/portal\/wp-json\/wp\/v2\/posts\/100148","targetHints":{"allow":["GET"]}}],"collection":[{"href":"https:\/\/eltrabajo.cl\/portal\/wp-json\/wp\/v2\/posts"}],"about":[{"href":"https:\/\/eltrabajo.cl\/portal\/wp-json\/wp\/v2\/types\/post"}],"author":[{"embeddable":true,"href":"https:\/\/eltrabajo.cl\/portal\/wp-json\/wp\/v2\/users\/482"}],"replies":[{"embeddable":true,"href":"https:\/\/eltrabajo.cl\/portal\/wp-json\/wp\/v2\/comments?post=100148"}],"version-history":[{"count":0,"href":"https:\/\/eltrabajo.cl\/portal\/wp-json\/wp\/v2\/posts\/100148\/revisions"}],"wp:featuredmedia":[{"embeddable":true,"href":"https:\/\/eltrabajo.cl\/portal\/wp-json\/wp\/v2\/media\/100150"}],"wp:attachment":[{"href":"https:\/\/eltrabajo.cl\/portal\/wp-json\/wp\/v2\/media?parent=100148"}],"wp:term":[{"taxonomy":"category","embeddable":true,"href":"https:\/\/eltrabajo.cl\/portal\/wp-json\/wp\/v2\/categories?post=100148"},{"taxonomy":"post_tag","embeddable":true,"href":"https:\/\/eltrabajo.cl\/portal\/wp-json\/wp\/v2\/tags?post=100148"}],"curies":[{"name":"wp","href":"https:\/\/api.w.org\/{rel}","templated":true}]}}