{"id":100154,"date":"2020-06-30T07:55:20","date_gmt":"2020-06-30T11:55:20","guid":{"rendered":"https:\/\/www.eltrabajo.cl\/portal\/?p=100154"},"modified":"2020-06-29T21:01:55","modified_gmt":"2020-06-30T01:01:55","slug":"denuncian-muerte-de-ganado-por-ataques-de-jaurias-de-perros-silvestres","status":"publish","type":"post","link":"https:\/\/eltrabajo.cl\/portal\/denuncian-muerte-de-ganado-por-ataques-de-jaurias-de-perros-silvestres\/","title":{"rendered":"Denuncian muerte de ganado por ataques de jaur\u00edas de perros silvestres"},"content":{"rendered":"<p style=\"text-align: justify;\">Una nueva oleada de ataques de perros silvestres se registr\u00f3 en la localidad de Jahuel en la comuna de Santa Mar\u00eda, lo que tiene a los ganaderos bastante preocupados.<\/p>\n<p style=\"text-align: justify;\">Uno de los crianceros, <strong>Fabi\u00e1n Herrera Fern\u00e1ndez<\/strong>, se\u00f1al\u00f3 que en dos d\u00edas perdi\u00f3 dos vacunos a manos de perros silvestres, mientras un tercero se debate entre la vida y la muerte.<\/p>\n<p style=\"text-align: justify;\">Los ganaderos dicen sentirse totalmente indefensos ante esta situaci\u00f3n, ya que los animalistas reclaman de inmediato si se elimina un perro, pero, seg\u00fan los crianceros, nada dicen por la gran cantidad de cabezas de ganado que se pierden a\u00f1o a a\u00f1o ante el ataque de estas jaur\u00edas.<\/p>\n<p style=\"text-align: justify;\">Cabe se\u00f1alar que mientras cubr\u00edamos esta nota, pudimos apreciar que varios perros rondaban el \u00e1rea, a la espera de seguir con su carnicer\u00eda. Incluso pudimos contar a m\u00e1s de 7 perros con una camada que se escond\u00edan entre la vegetaci\u00f3n del campo abierto.<\/p>\n<figure id=\"attachment_100155\" aria-describedby=\"caption-attachment-100155\" style=\"width: 580px\" class=\"wp-caption aligncenter\"><img data-recalc-dims=\"1\" loading=\"lazy\" decoding=\"async\" class=\"size-full wp-image-100155\" src=\"https:\/\/i0.wp.com\/eltrabajo.cl\/portal\/wp-content\/uploads\/2020\/06\/ataque-perros-silvestres.jpg?resize=580%2C360&#038;ssl=1\" alt=\"Fabi\u00e1n Herrera perdi\u00f3 dos vacunos en dos d\u00edas, mientras un tercero fue gravemente herido y podr\u00eda morir tambi\u00e9n.\" width=\"580\" height=\"360\" srcset=\"https:\/\/i0.wp.com\/eltrabajo.cl\/portal\/wp-content\/uploads\/2020\/06\/ataque-perros-silvestres.jpg?w=580&amp;ssl=1 580w, https:\/\/i0.wp.com\/eltrabajo.cl\/portal\/wp-content\/uploads\/2020\/06\/ataque-perros-silvestres.jpg?resize=300%2C186&amp;ssl=1 300w, https:\/\/i0.wp.com\/eltrabajo.cl\/portal\/wp-content\/uploads\/2020\/06\/ataque-perros-silvestres.jpg?resize=200%2C124&amp;ssl=1 200w\" sizes=\"auto, (max-width: 580px) 100vw, 580px\" \/><figcaption id=\"caption-attachment-100155\" class=\"wp-caption-text\">Fabi\u00e1n Herrera perdi\u00f3 dos vacunos en dos d\u00edas, mientras un tercero fue gravemente herido y podr\u00eda morir tambi\u00e9n.<\/figcaption><\/figure>\n","protected":false},"excerpt":{"rendered":"<p>Una nueva oleada de ataques de perros silvestres se registr\u00f3 en la localidad de Jahuel en la comuna de Santa Mar\u00eda, lo que tiene a los ganaderos bastante preocupados. Uno de los&#8230;<\/p>\n","protected":false},"author":482,"featured_media":100155,"comment_status":"closed","ping_status":"open","sticky":false,"template":"","format":"standard","meta":{"advanced_seo_description":"","jetpack_seo_html_title":"","jetpack_seo_noindex":false,"_jetpack_memberships_contains_paid_content":false,"footnotes":""},"categories":[15],"tags":[],"class_list":["post-100154","post","type-post","status-publish","format-standard","has-post-thumbnail","hentry","category-comunidad"],"jetpack_featured_media_url":"https:\/\/i0.wp.com\/eltrabajo.cl\/portal\/wp-content\/uploads\/2020\/06\/ataque-perros-silvestres.jpg?fit=580%2C360&ssl=1","jetpack_sharing_enabled":true,"jetpack_likes_enabled":true,"jetpack-related-posts":[],"_links":{"self":[{"href":"https:\/\/eltrabajo.cl\/portal\/wp-json\/wp\/v2\/posts\/100154","targetHints":{"allow":["GET"]}}],"collection":[{"href":"https:\/\/eltrabajo.cl\/portal\/wp-json\/wp\/v2\/posts"}],"about":[{"href":"https:\/\/eltrabajo.cl\/portal\/wp-json\/wp\/v2\/types\/post"}],"author":[{"embeddable":true,"href":"https:\/\/eltrabajo.cl\/portal\/wp-json\/wp\/v2\/users\/482"}],"replies":[{"embeddable":true,"href":"https:\/\/eltrabajo.cl\/portal\/wp-json\/wp\/v2\/comments?post=100154"}],"version-history":[{"count":0,"href":"https:\/\/eltrabajo.cl\/portal\/wp-json\/wp\/v2\/posts\/100154\/revisions"}],"wp:featuredmedia":[{"embeddable":true,"href":"https:\/\/eltrabajo.cl\/portal\/wp-json\/wp\/v2\/media\/100155"}],"wp:attachment":[{"href":"https:\/\/eltrabajo.cl\/portal\/wp-json\/wp\/v2\/media?parent=100154"}],"wp:term":[{"taxonomy":"category","embeddable":true,"href":"https:\/\/eltrabajo.cl\/portal\/wp-json\/wp\/v2\/categories?post=100154"},{"taxonomy":"post_tag","embeddable":true,"href":"https:\/\/eltrabajo.cl\/portal\/wp-json\/wp\/v2\/tags?post=100154"}],"curies":[{"name":"wp","href":"https:\/\/api.w.org\/{rel}","templated":true}]}}