{"id":100176,"date":"2020-07-01T07:50:00","date_gmt":"2020-07-01T11:50:00","guid":{"rendered":"https:\/\/www.eltrabajo.cl\/portal\/?p=100176"},"modified":"2020-06-30T19:20:19","modified_gmt":"2020-06-30T23:20:19","slug":"distintas-posturas-aparecen-en-la-asociacion-de-futbol-amateur-de-san-felipe","status":"publish","type":"post","link":"https:\/\/eltrabajo.cl\/portal\/distintas-posturas-aparecen-en-la-asociacion-de-futbol-amateur-de-san-felipe\/","title":{"rendered":"Distintas posturas aparecen en la Asociaci\u00f3n de F\u00fatbol Amateur de San Felipe"},"content":{"rendered":"<p style=\"text-align: justify;\">Cuando el reloj indicaba las ocho y media de la noche del lunes reci\u00e9n pasado, los clubes que integran la Asociaci\u00f3n de F\u00fatbol Amateur de San Felipe, tuvieron su primera reuni\u00f3n por Zoom en tiempos de pandemia. En la oportunidad los principales dirigentes y el directorio del ente rector del balompi\u00e9 aficionado de la \u2018Tres Veces Heroica Ciudad\u2019, debatieron sobre el complejo momento por el que atraviesa la actividad deportiva en general.<\/p>\n<p style=\"text-align: justify;\">Dentro de los puntos destacados de la reuni\u00f3n remota sobresalieron unos muy importantes y donde claramente no hay consenso de algunas de las medidas que propondr\u00eda la ANFA en conjunto con la autoridad sanitaria, como lo es el que los s\u00e9nior quedar\u00e1n excluidos de cualquier competencia. <em>\u00abEse es un tema, ya que los jugadores m\u00e1s antiguos son generalmente los m\u00e1s comprometidos e identificados con los clubes; incluso algunos de sus propios bolsillos ayudan a mantener activos a sus instituciones. Claramente costar\u00e1 mucho encontrar puntos de entendimiento ah\u00ed\u00bb,<\/em> afirm\u00f3 <strong>Ra\u00fal Reinoso<\/strong>.<\/p>\n<p style=\"text-align: justify;\">El m\u00e1ximo dirigente de la asociaci\u00f3n local, destac\u00f3 el hecho que hay algunos clubes que ven que una medida a tomar ser\u00eda dar por perdido este a\u00f1o y no jugar, aunque tambi\u00e9n existen otros que s\u00ed quieren hacerlo. <em>\u00abHay distintas posturas y es l\u00f3gico que as\u00ed sea, porque claramente la salud ahora es lo m\u00e1s importante; ahora todos tienen y tenemos muy claro que, si se vuelve a jugar, nunca ser\u00e1 antes de octubre\u00bb,<\/em> agreg\u00f3 <strong>\u2018El Rulo\u2019<\/strong>.<\/p>\n<p style=\"text-align: justify;\">Con ingresos en cero, cualquier ayuda es bienvenida, y es por eso que hubo una buena recepci\u00f3n cuando Reinoso le comunic\u00f3 a los representantes de los clubes que ANFA har\u00e1 llegar $30.000 (treinta mil pesos) a cada instituci\u00f3n de la Quinta Regi\u00f3n. <em>\u00abSe agradece que as\u00ed sea; para algunos puede ser poco, pero cr\u00e9ame que en estos momentos sirve de mucho\u00bb,<\/em> finaliz\u00f3 el experimentado dirigente.<\/p>\n<figure id=\"attachment_100177\" aria-describedby=\"caption-attachment-100177\" style=\"width: 580px\" class=\"wp-caption aligncenter\"><img data-recalc-dims=\"1\" loading=\"lazy\" decoding=\"async\" class=\"size-full wp-image-100177\" src=\"https:\/\/i0.wp.com\/eltrabajo.cl\/portal\/wp-content\/uploads\/2020\/06\/futbol.jpg?resize=580%2C358&#038;ssl=1\" alt=\"Al menos en la parte dirigencial ya comienza a moverse el f\u00fatbol local.\" width=\"580\" height=\"358\" srcset=\"https:\/\/i0.wp.com\/eltrabajo.cl\/portal\/wp-content\/uploads\/2020\/06\/futbol.jpg?w=580&amp;ssl=1 580w, https:\/\/i0.wp.com\/eltrabajo.cl\/portal\/wp-content\/uploads\/2020\/06\/futbol.jpg?resize=300%2C185&amp;ssl=1 300w, https:\/\/i0.wp.com\/eltrabajo.cl\/portal\/wp-content\/uploads\/2020\/06\/futbol.jpg?resize=200%2C123&amp;ssl=1 200w\" sizes=\"auto, (max-width: 580px) 100vw, 580px\" \/><figcaption id=\"caption-attachment-100177\" class=\"wp-caption-text\">Al menos en la parte dirigencial ya comienza a moverse el f\u00fatbol local.<\/figcaption><\/figure>\n","protected":false},"excerpt":{"rendered":"<p>Cuando el reloj indicaba las ocho y media de la noche del lunes reci\u00e9n pasado, los clubes que integran la Asociaci\u00f3n de F\u00fatbol Amateur de San Felipe, tuvieron su primera reuni\u00f3n por&#8230;<\/p>\n","protected":false},"author":482,"featured_media":100177,"comment_status":"closed","ping_status":"open","sticky":false,"template":"","format":"standard","meta":{"advanced_seo_description":"","jetpack_seo_html_title":"","jetpack_seo_noindex":false,"_jetpack_memberships_contains_paid_content":false,"footnotes":""},"categories":[19],"tags":[],"class_list":["post-100176","post","type-post","status-publish","format-standard","has-post-thumbnail","hentry","category-deportes"],"jetpack_featured_media_url":"https:\/\/i0.wp.com\/eltrabajo.cl\/portal\/wp-content\/uploads\/2020\/06\/futbol.jpg?fit=580%2C358&ssl=1","jetpack_sharing_enabled":true,"jetpack_likes_enabled":true,"jetpack-related-posts":[],"_links":{"self":[{"href":"https:\/\/eltrabajo.cl\/portal\/wp-json\/wp\/v2\/posts\/100176","targetHints":{"allow":["GET"]}}],"collection":[{"href":"https:\/\/eltrabajo.cl\/portal\/wp-json\/wp\/v2\/posts"}],"about":[{"href":"https:\/\/eltrabajo.cl\/portal\/wp-json\/wp\/v2\/types\/post"}],"author":[{"embeddable":true,"href":"https:\/\/eltrabajo.cl\/portal\/wp-json\/wp\/v2\/users\/482"}],"replies":[{"embeddable":true,"href":"https:\/\/eltrabajo.cl\/portal\/wp-json\/wp\/v2\/comments?post=100176"}],"version-history":[{"count":0,"href":"https:\/\/eltrabajo.cl\/portal\/wp-json\/wp\/v2\/posts\/100176\/revisions"}],"wp:featuredmedia":[{"embeddable":true,"href":"https:\/\/eltrabajo.cl\/portal\/wp-json\/wp\/v2\/media\/100177"}],"wp:attachment":[{"href":"https:\/\/eltrabajo.cl\/portal\/wp-json\/wp\/v2\/media?parent=100176"}],"wp:term":[{"taxonomy":"category","embeddable":true,"href":"https:\/\/eltrabajo.cl\/portal\/wp-json\/wp\/v2\/categories?post=100176"},{"taxonomy":"post_tag","embeddable":true,"href":"https:\/\/eltrabajo.cl\/portal\/wp-json\/wp\/v2\/tags?post=100176"}],"curies":[{"name":"wp","href":"https:\/\/api.w.org\/{rel}","templated":true}]}}