{"id":100179,"date":"2020-07-01T07:55:15","date_gmt":"2020-07-01T11:55:15","guid":{"rendered":"https:\/\/www.eltrabajo.cl\/portal\/?p=100179"},"modified":"2020-06-30T19:23:42","modified_gmt":"2020-06-30T23:23:42","slug":"comedor-los-regalones-de-la-olla-sigue-con-su-mision-solidaria","status":"publish","type":"post","link":"https:\/\/eltrabajo.cl\/portal\/comedor-los-regalones-de-la-olla-sigue-con-su-mision-solidaria\/","title":{"rendered":"Comedor \u2018Los Regalones de la Olla\u2019 sigue con su misi\u00f3n solidaria"},"content":{"rendered":"<p style=\"text-align: justify;\"><span style=\"color: #c81400;\"><strong>Estar\u00e1n este s\u00e1bado en Los Araucanos El Totoral:<\/strong><\/span><\/p>\n<p style=\"text-align: justify;\">La Cuarentena Obligatoria ya est\u00e1 en su segunda semana de vigencia en las comunas de Los Andes y San Felipe, esta situaci\u00f3n puso a miles de vecinos contra la pared, miles perdieron sus empleos, otros tantos ya no pueden vender sus productos en la calle y cientos de comerciantes y emprendedores tampoco pueden continuar con sus proyectos, lo que por otra parte y desde varias trincheras comunitarias, varios grupos de personas se han empe\u00f1ado en no quedarse de brazos cruzados, instalando as\u00ed varios comedores solidarios en San Felipe.<\/p>\n<p style=\"text-align: justify;\">Hoy volvemos a retomar el accionar del Comedor Solidario liderado por <strong>Guillermo Lillo Vivar<\/strong> y un buen grupo de sus amigos, quienes desde hace ya dos meses que empezaron con las ollas comunes o comedores solidarios. Este equipo de trabajo voluntario est\u00e1 compuesto por el propio Lillo, <strong>Joel D\u00edaz<\/strong>, <strong>Carolina<\/strong> y <strong>Nicol Quijanes<\/strong>.<\/p>\n<p style=\"text-align: justify;\">\n<p style=\"text-align: justify;\"><span style=\"color: #c81400;\"><strong>SON \u2018LOS REGALONES\u2019<\/strong><\/span><\/p>\n<p style=\"text-align: justify;\"><strong>Diario El Trabajo<\/strong> habl\u00f3 ayer con Guillermo Lillo para conocer sus recientes jornadas de voluntariado en las poblaciones de nuestra comuna: <em>\u00abNuestro Comedor se llama <strong>Los Regalones de la Olla<\/strong>, y nuestro trabajo consiste en pedir las cooperaciones y ayuda a empresas y amigos de cada uno para tener todo lo necesario para estos almuerzos que realmente la gente lo est\u00e1 agradeciendo, porque hay mucha cesant\u00eda en nuestra zona. Coordinamos con cada junta de vecinos para ver la cantidad de gente que tenemos que hacer y el d\u00eda de preparaci\u00f3n va el equipo, la directiva y vecinos de las poblaciones, todos ayudan en hacer la preparaci\u00f3n y distribuir los alimentos a domicilio a los m\u00e1s ancianos y enfermos<\/em>\u00bb, indic\u00f3 Lillo a nuestro medio.<\/p>\n<p style=\"text-align: justify;\">&#8211; <strong>\u00bfEn qu\u00e9 consiste este almuerzo que ustedes entregan?<\/strong><\/p>\n<p style=\"text-align: justify;\">&#8211; Este almuerzo consiste en el plato fuerte, ensalada, un pancito, y una fruta como postre. Debemos agradecer al alcalde Patricio Freire que nos regal\u00f3 el fog\u00f3n, fondos y cucharones para realizar dichos almuerzos; el gas nos lo don\u00f3 Ximena Trigo, y as\u00ed muchos amigos an\u00f3nimos nos dan su aporte o ayuda para que cada semana tengamos comida calentita para mucha gente.<\/p>\n<p style=\"text-align: justify;\">&#8211; <strong>\u00bfCu\u00e1ntos comedores solidarios consideras que est\u00e1n funcionando en la comuna en este momento?<\/strong><\/p>\n<p style=\"text-align: justify;\">&#8211; Hoy en San Felipe contamos alrededor de 20 comedores solidarios, donde nos hemos unido todos. Por intermedio de Paola Leiva se cre\u00f3 un grupo de WhatsApp para ayudarnos mutuamente. El centro de acopio de algunas mercader\u00edas e insumos est\u00e1 en el Colegio de Profesores, pero sin duda nuestros donantes m\u00e1s cercanos son quienes ayudan de forma an\u00f3nima, quienes nos llaman y nos ayudan, para ellos un gran abrazos y un llamado a autoridades, empresas y a la comunidad en general que no se encuentra afectada, que nos coopere porque juntos saldremos de esta.<\/p>\n<p style=\"text-align: justify;\">&#8211; <strong>\u00bfPara cu\u00e1ndo y d\u00f3nde ser\u00e1 la siguiente jornada de este Comedor Solidario?<\/strong><\/p>\n<p style=\"text-align: justify;\">&#8211; La pr\u00f3xima jornada de Comedor Solidario ser\u00e1 el s\u00e1bado 4 de julio, de las 12:30 hasta las 14:30 horas en la sede vecinal Los Araucanos y sede vecinal El Totoral. Ese d\u00eda habr\u00e1 lentejitas y en El Totoral con una gran tallarinata.<\/p>\n<p style=\"text-align: justify;\"><strong>Roberto Gonz\u00e1lez Short<\/strong><\/p>\n<figure id=\"attachment_100180\" aria-describedby=\"caption-attachment-100180\" style=\"width: 580px\" class=\"wp-caption aligncenter\"><img data-recalc-dims=\"1\" loading=\"lazy\" decoding=\"async\" class=\"size-full wp-image-100180\" src=\"https:\/\/i0.wp.com\/eltrabajo.cl\/portal\/wp-content\/uploads\/2020\/06\/Regalones1.jpg?resize=580%2C358&#038;ssl=1\" alt=\"GRAN SERVICIO SOCIAL.- Peques y grandes llegaron a retirar sus almuerzos en este Comedor Solidario \u2018Los Regalones de la Olla\u2019.\" width=\"580\" height=\"358\" srcset=\"https:\/\/i0.wp.com\/eltrabajo.cl\/portal\/wp-content\/uploads\/2020\/06\/Regalones1.jpg?w=580&amp;ssl=1 580w, https:\/\/i0.wp.com\/eltrabajo.cl\/portal\/wp-content\/uploads\/2020\/06\/Regalones1.jpg?resize=300%2C185&amp;ssl=1 300w, https:\/\/i0.wp.com\/eltrabajo.cl\/portal\/wp-content\/uploads\/2020\/06\/Regalones1.jpg?resize=200%2C123&amp;ssl=1 200w\" sizes=\"auto, (max-width: 580px) 100vw, 580px\" \/><figcaption id=\"caption-attachment-100180\" class=\"wp-caption-text\">GRAN SERVICIO SOCIAL.- Peques y grandes llegaron a retirar sus almuerzos en este Comedor Solidario \u2018Los Regalones de la Olla\u2019.<\/figcaption><\/figure>\n<figure id=\"attachment_100181\" aria-describedby=\"caption-attachment-100181\" style=\"width: 580px\" class=\"wp-caption aligncenter\"><img data-recalc-dims=\"1\" loading=\"lazy\" decoding=\"async\" class=\"size-full wp-image-100181\" src=\"https:\/\/i0.wp.com\/eltrabajo.cl\/portal\/wp-content\/uploads\/2020\/06\/Regalones2.jpg?resize=580%2C359&#038;ssl=1\" alt=\"LOS PROTAGONISTAS.- Aqu\u00ed tenemos a estos voluntarios de los Comedores Solidarios que operan en nuestra comuna.\" width=\"580\" height=\"359\" srcset=\"https:\/\/i0.wp.com\/eltrabajo.cl\/portal\/wp-content\/uploads\/2020\/06\/Regalones2.jpg?w=580&amp;ssl=1 580w, https:\/\/i0.wp.com\/eltrabajo.cl\/portal\/wp-content\/uploads\/2020\/06\/Regalones2.jpg?resize=300%2C186&amp;ssl=1 300w, https:\/\/i0.wp.com\/eltrabajo.cl\/portal\/wp-content\/uploads\/2020\/06\/Regalones2.jpg?resize=200%2C124&amp;ssl=1 200w\" sizes=\"auto, (max-width: 580px) 100vw, 580px\" \/><figcaption id=\"caption-attachment-100181\" class=\"wp-caption-text\">LOS PROTAGONISTAS.- Aqu\u00ed tenemos a estos voluntarios de los Comedores Solidarios que operan en nuestra comuna.<\/figcaption><\/figure>\n<figure id=\"attachment_100182\" aria-describedby=\"caption-attachment-100182\" style=\"width: 580px\" class=\"wp-caption aligncenter\"><img data-recalc-dims=\"1\" loading=\"lazy\" decoding=\"async\" class=\"size-full wp-image-100182\" src=\"https:\/\/i0.wp.com\/eltrabajo.cl\/portal\/wp-content\/uploads\/2020\/06\/Regalones3.jpg?resize=580%2C598&#038;ssl=1\" alt=\"TODO NUEVO.- El alcalde Patricio Freire Canto entreg\u00f3 fogones y ollas nuevas a cada grupo voluntario. Entrega los recursos Juan Guti\u00e9rrez, jefe de Gabinete de la alcald\u00eda local, Guillermo Lillo los recibe.\" width=\"580\" height=\"598\" srcset=\"https:\/\/i0.wp.com\/eltrabajo.cl\/portal\/wp-content\/uploads\/2020\/06\/Regalones3.jpg?w=580&amp;ssl=1 580w, https:\/\/i0.wp.com\/eltrabajo.cl\/portal\/wp-content\/uploads\/2020\/06\/Regalones3.jpg?resize=291%2C300&amp;ssl=1 291w, https:\/\/i0.wp.com\/eltrabajo.cl\/portal\/wp-content\/uploads\/2020\/06\/Regalones3.jpg?resize=145%2C150&amp;ssl=1 145w\" sizes=\"auto, (max-width: 580px) 100vw, 580px\" \/><figcaption id=\"caption-attachment-100182\" class=\"wp-caption-text\">TODO NUEVO.- El alcalde Patricio Freire Canto entreg\u00f3 fogones y ollas nuevas a cada grupo voluntario. Entrega los recursos Juan Guti\u00e9rrez, jefe de Gabinete de la alcald\u00eda local, Guillermo Lillo los recibe.<\/figcaption><\/figure>\n<figure id=\"attachment_100183\" aria-describedby=\"caption-attachment-100183\" style=\"width: 580px\" class=\"wp-caption aligncenter\"><img data-recalc-dims=\"1\" loading=\"lazy\" decoding=\"async\" class=\"size-full wp-image-100183\" src=\"https:\/\/i0.wp.com\/eltrabajo.cl\/portal\/wp-content\/uploads\/2020\/06\/Regalones_Guillermo-Lillo.jpg?resize=580%2C600&#038;ssl=1\" alt=\"Guillermo Lillo Vivar, uno de los varios emprendedores de Comedores Solidarios.\" width=\"580\" height=\"600\" srcset=\"https:\/\/i0.wp.com\/eltrabajo.cl\/portal\/wp-content\/uploads\/2020\/06\/Regalones_Guillermo-Lillo.jpg?w=580&amp;ssl=1 580w, https:\/\/i0.wp.com\/eltrabajo.cl\/portal\/wp-content\/uploads\/2020\/06\/Regalones_Guillermo-Lillo.jpg?resize=290%2C300&amp;ssl=1 290w, https:\/\/i0.wp.com\/eltrabajo.cl\/portal\/wp-content\/uploads\/2020\/06\/Regalones_Guillermo-Lillo.jpg?resize=145%2C150&amp;ssl=1 145w\" sizes=\"auto, (max-width: 580px) 100vw, 580px\" \/><figcaption id=\"caption-attachment-100183\" class=\"wp-caption-text\">Guillermo Lillo Vivar, uno de los varios emprendedores de Comedores Solidarios.<\/figcaption><\/figure>\n","protected":false},"excerpt":{"rendered":"<p>Estar\u00e1n este s\u00e1bado en Los Araucanos El Totoral: La Cuarentena Obligatoria ya est\u00e1 en su segunda semana de vigencia en las comunas de Los Andes y San Felipe, esta situaci\u00f3n puso a&#8230;<\/p>\n","protected":false},"author":482,"featured_media":100180,"comment_status":"closed","ping_status":"open","sticky":false,"template":"","format":"standard","meta":{"advanced_seo_description":"","jetpack_seo_html_title":"","jetpack_seo_noindex":false,"_jetpack_memberships_contains_paid_content":false,"footnotes":""},"categories":[15,105],"tags":[],"class_list":["post-100179","post","type-post","status-publish","format-standard","has-post-thumbnail","hentry","category-comunidad","category-covid-19"],"jetpack_featured_media_url":"https:\/\/i0.wp.com\/eltrabajo.cl\/portal\/wp-content\/uploads\/2020\/06\/Regalones1.jpg?fit=580%2C358&ssl=1","jetpack_sharing_enabled":true,"jetpack_likes_enabled":true,"jetpack-related-posts":[],"_links":{"self":[{"href":"https:\/\/eltrabajo.cl\/portal\/wp-json\/wp\/v2\/posts\/100179","targetHints":{"allow":["GET"]}}],"collection":[{"href":"https:\/\/eltrabajo.cl\/portal\/wp-json\/wp\/v2\/posts"}],"about":[{"href":"https:\/\/eltrabajo.cl\/portal\/wp-json\/wp\/v2\/types\/post"}],"author":[{"embeddable":true,"href":"https:\/\/eltrabajo.cl\/portal\/wp-json\/wp\/v2\/users\/482"}],"replies":[{"embeddable":true,"href":"https:\/\/eltrabajo.cl\/portal\/wp-json\/wp\/v2\/comments?post=100179"}],"version-history":[{"count":0,"href":"https:\/\/eltrabajo.cl\/portal\/wp-json\/wp\/v2\/posts\/100179\/revisions"}],"wp:featuredmedia":[{"embeddable":true,"href":"https:\/\/eltrabajo.cl\/portal\/wp-json\/wp\/v2\/media\/100180"}],"wp:attachment":[{"href":"https:\/\/eltrabajo.cl\/portal\/wp-json\/wp\/v2\/media?parent=100179"}],"wp:term":[{"taxonomy":"category","embeddable":true,"href":"https:\/\/eltrabajo.cl\/portal\/wp-json\/wp\/v2\/categories?post=100179"},{"taxonomy":"post_tag","embeddable":true,"href":"https:\/\/eltrabajo.cl\/portal\/wp-json\/wp\/v2\/tags?post=100179"}],"curies":[{"name":"wp","href":"https:\/\/api.w.org\/{rel}","templated":true}]}}