{"id":100198,"date":"2020-07-01T20:13:44","date_gmt":"2020-07-02T00:13:44","guid":{"rendered":"https:\/\/www.eltrabajo.cl\/portal\/?p=100198"},"modified":"2020-07-01T20:13:44","modified_gmt":"2020-07-02T00:13:44","slug":"artista-sanfelipena-representa-a-chile-en-exposicion-de-arte-virtual-latinoamericano","status":"publish","type":"post","link":"https:\/\/eltrabajo.cl\/portal\/artista-sanfelipena-representa-a-chile-en-exposicion-de-arte-virtual-latinoamericano\/","title":{"rendered":"Artista sanfelipe\u00f1a representa a Chile en exposici\u00f3n de arte virtual latinoamericano"},"content":{"rendered":"<ul style=\"text-align: justify;\">\n<li><strong>Natalia C\u00e1diz Ram\u00edrez, representar\u00e1 a nuestro pa\u00eds en la exposici\u00f3n de arte virtual que realiza la Galer\u00eda de Arte Latinoamericano de Colombia.<\/strong><\/li>\n<\/ul>\n<p style=\"text-align: justify;\">A partir de este 1 de julio, artistas de Colombia, Panam\u00e1 y Chile presentar\u00e1n sus obras en \u00abtiempos de crisis\u00bb a trav\u00e9s de una exposici\u00f3n virtual de arte internacional que est\u00e1 organizando la Galer\u00eda Gr\u00e1fica de Arte Latinoamericano de Bogot\u00e1, Colombia.<\/p>\n<p style=\"text-align: justify;\">En esta instancia, participar\u00e1 <strong>Natalia C\u00e1diz Ram\u00edrez<\/strong>, sanfelipe\u00f1a, Licenciada en Arte de la Universidad de Playa Ancha, artista visual, pintora y docente del Colegio Agust\u00edn Edwards de Valpara\u00edso y Escuela Hugo Err\u00e1zuriz de Vi\u00f1a del Mar, con 2 de sus obras de \u00f3leo sobre tela: <strong>\u2018Witrafun Pell\u00fc\u2019<\/strong> (\u2018Rasgar el Alma\u2019), y <strong>\u2018Los Ojos de la Historia\u2019<\/strong>, que representa el sentir del pueblo Mapuche.<\/p>\n<p style=\"text-align: justify;\">La selecci\u00f3n espec\u00edfica de las obras va en respuesta a la tem\u00e1tica de convocatoria de la galer\u00eda, que es abrir llamado a diversas miradas latinoamericanas de su propio entorno y cultura.<\/p>\n<p style=\"text-align: justify;\">De acuerdo a esto, las obras seleccionadas para participar, seg\u00fan nos cuenta, representan de manera muy tangible la sensibilidad que le genera este espacio de construir el sentir latinoamericano desde la mirada art\u00edstica, fortaleciendo visiones e imaginarios de nosotros mismos como territorio en conjunto.<\/p>\n<p style=\"text-align: justify;\">\u00ab<em>En el caso de \u2018Los Ojos de la Historia\u2019, es s\u00faper enriquecedor poder poner dentro de la reflexi\u00f3n o tela de juicio estas diversidades y puntos de encuentro a trav\u00e9s del arte desde distintos territorios en este continente. La segunda obra, \u2018Witrafun Pell\u00fc\u2019, \u2018Rasgar el Alma\u2019 en mapudungun, es el cuadro de una Mapuche que refleja fielmente la visi\u00f3n desde el sentir de la cultura originaria y c\u00f3mo el pueblo mapuche ha vivido la historia, desde su perspectiva y desde su punto de vista\u00bb.<\/em><\/p>\n<p style=\"text-align: justify;\">Esta instancia se abre en este contexto de pandemia, en donde surge la necesidad y responsabilidad social entre gestores culturales y artistas de poder promover los trabajos que se est\u00e1n haciendo y mostrar estas iniciativas que proponen un nuevo modelo de gesti\u00f3n y exhibici\u00f3n, donde el arte es una herramienta fundamental para poder expresar, sentirse representado y poder conectarse con las emociones y sensaciones.<\/p>\n<p style=\"text-align: justify;\">\u00ab<em>Me siento s\u00faper orgullosa de representar a Chile desde esta mirada de Latinoam\u00e9rica, porque m\u00e1s que la distancia, lo que importa es que se vayan sumando y generando reflexiones desde un colectivo y entre nosotros ir fortaleciendo esas diversidades que nos hacen aut\u00e9nticos. Latinoam\u00e9rica es un continente que tiene mayor diversidad cultural y eso lo hace un continente m\u00e1s rico, y la idea es potenciar esa diversidad que nos sirve a todos para aprender, reflexionar y compartir lo que somos, lo que sentimos y c\u00f3mo nos vemos, que es s\u00faper importante no dejarlo de lado, sobre todo ahora que la cultura cada vez la estamos compartiendo m\u00e1s\u00bb, <\/em>finaliz\u00f3.<\/p>\n<p style=\"text-align: justify;\">\n<p style=\"text-align: justify;\"><span style=\"color: #c81400;\"><strong>DETALLE DE LAS OBRAS<\/strong><\/span><\/p>\n<p style=\"text-align: justify;\">\u2018Los Ojos de la Historia\u2019, busca plasmar la necesidad de concebir a Latinoam\u00e9rica como un territorio unido. Si bien, actualmente, la subdivisi\u00f3n hist\u00f3rica de pa\u00edses independientes nos ha llevado a generar gran diversidad cultural, esta imagen propone el di\u00e1logo de estas culturas a partir desde un mismo punto de origen, en el que convergen los mismos dolores hist\u00f3ricos.<\/p>\n<p style=\"text-align: justify;\">Por otro lado, la obra \u2018Witrafun Pell\u00fc\u2019, tiene referencia espec\u00edficamente a su visi\u00f3n de una de las identidades chilenas, espec\u00edficamente, en c\u00f3mo vive en la actualidad la cultura mapuche y c\u00f3mo a\u00fan mantiene latente ese dolor hist\u00f3rico, producto de la mirada cultural sesgada e intransigente del Estado chileno frente a esta cosmogon\u00eda ancestral. La imagen intenta plasmar, en parte, ese sentimiento, como cr\u00edtica a la manipulaci\u00f3n social que ejerce el Estado.<\/p>\n<p style=\"text-align: justify;\">Quienes deseen visitar esta galer\u00eda virtual, est\u00e1 disponible desde este mi\u00e9rcoles 1 de julio en el siguiente link: <u>https:\/\/arteangular.blogspot.com\/<\/u><\/p>\n<figure id=\"attachment_100199\" aria-describedby=\"caption-attachment-100199\" style=\"width: 580px\" class=\"wp-caption aligncenter\"><img data-recalc-dims=\"1\" loading=\"lazy\" decoding=\"async\" class=\"size-full wp-image-100199\" src=\"https:\/\/i0.wp.com\/eltrabajo.cl\/portal\/wp-content\/uploads\/2020\/07\/Expos-Natalia_Cadiz.jpg?resize=580%2C359&#038;ssl=1\" alt=\"Natalia C\u00e1diz Ram\u00edrez, sanfelipe\u00f1a, participa con dos de sus obras de \u00f3leo sobre tela: \u2018Witrafun Pell\u00fc\u2019 (\u2018Rasgar el Alma\u2019) y \u2018Los Ojos de la Historia\u2019 que representan el sentir del pueblo Mapuche.\" width=\"580\" height=\"359\" srcset=\"https:\/\/i0.wp.com\/eltrabajo.cl\/portal\/wp-content\/uploads\/2020\/07\/Expos-Natalia_Cadiz.jpg?w=580&amp;ssl=1 580w, https:\/\/i0.wp.com\/eltrabajo.cl\/portal\/wp-content\/uploads\/2020\/07\/Expos-Natalia_Cadiz.jpg?resize=300%2C186&amp;ssl=1 300w, https:\/\/i0.wp.com\/eltrabajo.cl\/portal\/wp-content\/uploads\/2020\/07\/Expos-Natalia_Cadiz.jpg?resize=200%2C124&amp;ssl=1 200w\" sizes=\"auto, (max-width: 580px) 100vw, 580px\" \/><figcaption id=\"caption-attachment-100199\" class=\"wp-caption-text\">Natalia C\u00e1diz Ram\u00edrez, sanfelipe\u00f1a, participa con dos de sus obras de \u00f3leo sobre tela: \u2018Witrafun Pell\u00fc\u2019 (\u2018Rasgar el Alma\u2019) y \u2018Los Ojos de la Historia\u2019 que representan el sentir del pueblo Mapuche.<\/figcaption><\/figure>\n<figure id=\"attachment_100200\" aria-describedby=\"caption-attachment-100200\" style=\"width: 579px\" class=\"wp-caption aligncenter\"><img data-recalc-dims=\"1\" loading=\"lazy\" decoding=\"async\" class=\"size-full wp-image-100200\" src=\"https:\/\/i0.wp.com\/eltrabajo.cl\/portal\/wp-content\/uploads\/2020\/07\/Expos-Witrafun-pell%C3%BC-rasgar-el-alma.jpg?resize=579%2C450&#038;ssl=1\" alt=\"La obra \u2018Witrafun Pell\u00fc\u2019 (\u2018Rasgar el Alma\u2019) refiere a c\u00f3mo vive en la actualidad la cultura mapuche y c\u00f3mo a\u00fan mantiene latente ese dolor hist\u00f3rico.\" width=\"579\" height=\"450\" srcset=\"https:\/\/i0.wp.com\/eltrabajo.cl\/portal\/wp-content\/uploads\/2020\/07\/Expos-Witrafun-pell%C3%BC-rasgar-el-alma.jpg?w=579&amp;ssl=1 579w, https:\/\/i0.wp.com\/eltrabajo.cl\/portal\/wp-content\/uploads\/2020\/07\/Expos-Witrafun-pell%C3%BC-rasgar-el-alma.jpg?resize=300%2C233&amp;ssl=1 300w, https:\/\/i0.wp.com\/eltrabajo.cl\/portal\/wp-content\/uploads\/2020\/07\/Expos-Witrafun-pell%C3%BC-rasgar-el-alma.jpg?resize=193%2C150&amp;ssl=1 193w\" sizes=\"auto, (max-width: 579px) 100vw, 579px\" \/><figcaption id=\"caption-attachment-100200\" class=\"wp-caption-text\">La obra \u2018Witrafun Pell\u00fc\u2019 (\u2018Rasgar el Alma\u2019) refiere a c\u00f3mo vive en la actualidad la cultura mapuche y c\u00f3mo a\u00fan mantiene latente ese dolor hist\u00f3rico.<\/figcaption><\/figure>\n<figure id=\"attachment_100201\" aria-describedby=\"caption-attachment-100201\" style=\"width: 579px\" class=\"wp-caption aligncenter\"><img data-recalc-dims=\"1\" loading=\"lazy\" decoding=\"async\" class=\"size-full wp-image-100201\" src=\"https:\/\/i0.wp.com\/eltrabajo.cl\/portal\/wp-content\/uploads\/2020\/07\/Expos-Los-ojos-de-la-Historia.jpg?resize=579%2C710&#038;ssl=1\" alt=\"\u2018Los Ojos de la Historia\u2019, busca plasmar la necesidad de concebir a Latinoam\u00e9rica como un territorio unido.\" width=\"579\" height=\"710\" srcset=\"https:\/\/i0.wp.com\/eltrabajo.cl\/portal\/wp-content\/uploads\/2020\/07\/Expos-Los-ojos-de-la-Historia.jpg?w=579&amp;ssl=1 579w, https:\/\/i0.wp.com\/eltrabajo.cl\/portal\/wp-content\/uploads\/2020\/07\/Expos-Los-ojos-de-la-Historia.jpg?resize=245%2C300&amp;ssl=1 245w, https:\/\/i0.wp.com\/eltrabajo.cl\/portal\/wp-content\/uploads\/2020\/07\/Expos-Los-ojos-de-la-Historia.jpg?resize=122%2C150&amp;ssl=1 122w\" sizes=\"auto, (max-width: 579px) 100vw, 579px\" \/><figcaption id=\"caption-attachment-100201\" class=\"wp-caption-text\">\u2018Los Ojos de la Historia\u2019, busca plasmar la necesidad de concebir a Latinoam\u00e9rica como un territorio unido.<\/figcaption><\/figure>\n","protected":false},"excerpt":{"rendered":"<p>Natalia C\u00e1diz Ram\u00edrez, representar\u00e1 a nuestro pa\u00eds en la exposici\u00f3n de arte virtual que realiza la Galer\u00eda de Arte Latinoamericano de Colombia. A partir de este 1 de julio, artistas de Colombia,&#8230;<\/p>\n","protected":false},"author":482,"featured_media":100199,"comment_status":"closed","ping_status":"open","sticky":false,"template":"","format":"standard","meta":{"advanced_seo_description":"","jetpack_seo_html_title":"","jetpack_seo_noindex":false,"_jetpack_memberships_contains_paid_content":false,"footnotes":""},"categories":[20],"tags":[],"class_list":["post-100198","post","type-post","status-publish","format-standard","has-post-thumbnail","hentry","category-arte-y-cultura"],"jetpack_featured_media_url":"https:\/\/i0.wp.com\/eltrabajo.cl\/portal\/wp-content\/uploads\/2020\/07\/Expos-Natalia_Cadiz.jpg?fit=580%2C359&ssl=1","jetpack_sharing_enabled":true,"jetpack_likes_enabled":true,"jetpack-related-posts":[],"_links":{"self":[{"href":"https:\/\/eltrabajo.cl\/portal\/wp-json\/wp\/v2\/posts\/100198","targetHints":{"allow":["GET"]}}],"collection":[{"href":"https:\/\/eltrabajo.cl\/portal\/wp-json\/wp\/v2\/posts"}],"about":[{"href":"https:\/\/eltrabajo.cl\/portal\/wp-json\/wp\/v2\/types\/post"}],"author":[{"embeddable":true,"href":"https:\/\/eltrabajo.cl\/portal\/wp-json\/wp\/v2\/users\/482"}],"replies":[{"embeddable":true,"href":"https:\/\/eltrabajo.cl\/portal\/wp-json\/wp\/v2\/comments?post=100198"}],"version-history":[{"count":0,"href":"https:\/\/eltrabajo.cl\/portal\/wp-json\/wp\/v2\/posts\/100198\/revisions"}],"wp:featuredmedia":[{"embeddable":true,"href":"https:\/\/eltrabajo.cl\/portal\/wp-json\/wp\/v2\/media\/100199"}],"wp:attachment":[{"href":"https:\/\/eltrabajo.cl\/portal\/wp-json\/wp\/v2\/media?parent=100198"}],"wp:term":[{"taxonomy":"category","embeddable":true,"href":"https:\/\/eltrabajo.cl\/portal\/wp-json\/wp\/v2\/categories?post=100198"},{"taxonomy":"post_tag","embeddable":true,"href":"https:\/\/eltrabajo.cl\/portal\/wp-json\/wp\/v2\/tags?post=100198"}],"curies":[{"name":"wp","href":"https:\/\/api.w.org\/{rel}","templated":true}]}}