{"id":100204,"date":"2020-07-02T08:02:11","date_gmt":"2020-07-02T12:02:11","guid":{"rendered":"https:\/\/www.eltrabajo.cl\/portal\/?p=100204"},"modified":"2022-08-23T23:23:57","modified_gmt":"2022-08-24T03:23:57","slug":"prolongan-cuarentena-provincia-de-san-felipe-supera-los-mil-contagiados","status":"publish","type":"post","link":"https:\/\/eltrabajo.cl\/portal\/prolongan-cuarentena-provincia-de-san-felipe-supera-los-mil-contagiados\/","title":{"rendered":"Prolongan cuarentena: Provincia de San Felipe supera los mil contagiados"},"content":{"rendered":"<p style=\"text-align: justify;\"><span style=\"color: #c81400;\"><strong>Reforzar\u00e1n control de desplazamiento de peatones:<\/strong><\/span><\/p>\n<ul style=\"text-align: justify;\">\n<li><strong>Gobernador y alcalde llaman a la comunidad a respetar medidas sanitarias para disminuir la tasa de contagio y que no se extienda el confinamiento en la zona.<\/strong><\/li>\n<\/ul>\n<p style=\"text-align: justify;\">Tras el anuncio que se prolonga por una semana m\u00e1s la cuarentena territorial para las comunas de San Felipe y Los Andes efectuado por parte del Ministerio de Salud; tanto el gobernador de la provincia de San Felipe, Claudio Rodr\u00edguez, como el alcalde (s) de San Felipe, Patricio Gonz\u00e1lez, se refirieron a c\u00f3mo esta medida se enfrentar\u00e1 a nivel local.<\/p>\n<p style=\"text-align: justify;\">En este sentido, el gobernador <strong>Claudio Rodr\u00edguez<\/strong> explic\u00f3 que dicha medida responde, entre otros factores, a la cifra de casos confirmados por coronavirus: <em>\u00abA mil 77 casos ya alcanzan los contagios por Covid-19 en la provincia de San Felipe, este sin duda ha sido uno de los factores que el Ministro de Salud junto a sus equipos asesores han tenido en cuenta para determinar esta prolongaci\u00f3n de cuarentena para la comuna de San Felipe\u00bb,<\/em> precis\u00f3.<\/p>\n<p style=\"text-align: justify;\">Por su parte, el alcalde (s) de San Felipe, <strong>Patricio Gonz\u00e1lez<\/strong>, valor\u00f3 el anuncio como protecci\u00f3n para la salud de las personas. <em>\u00abCreemos que desde el punto de vista sanitario, de la seguridad nuestra, de nuestras familias y vecinos, es muy importante esta medida para ir frenando los contagios y las v\u00edctimas que han sido parte de esta pandemia. San Felipe sigue en una situaci\u00f3n delicada desde el punto de vista de la capacidad hospitalaria, sigue siendo una de las comunas con mayor cantidad de casos activos, por lo tanto, la medida que hoy ha decretado el Gobierno es necesaria para que no contin\u00faen los contagios. Pedimos por favor que se cumplan las normativas vigentes, que se obtengan los permisos necesarios para poder hacer sus compras b\u00e1sicas, sus salidas por medicamentos o permisos colectivos, y los que no tengan que hacerlo, insistimos en que se queden en sus casas y no salgan si no es necesario\u00bb.<\/em><\/p>\n<p style=\"text-align: justify;\">Asimismo, el gobernador provincial confirm\u00f3 que desde este mi\u00e9rcoles se ha aumentado el control a peatones, especialmente en el centro de la comuna, a fin de evitar un incremento injustificado de personas circulando por las calles.<\/p>\n<p style=\"text-align: justify;\">\u00ab<em>Queremos pensar que la mayor cantidad de personas el viernes y martes corresponde a una situaci\u00f3n de fin de mes, por pago de remuneraciones y abastecimiento; sin embargo, de igual manera, ayer se detuvieron 12 personasque no portaban permisos, as\u00ed que seamos responsables. Esta es una medida que algunos aplauden, pero tambi\u00e9n hay muchos que sufren, por eso es importante que todos nos pongamos la tarea de cumplir con lo que nos indican las autoridades sanitarias, que no es otra cosa que evitar salir de las casas si no es estrictamente necesario. Por eso el llamado es a que utilicemos bien los permisos. Si lo hacemos y actuamos con disciplina y responsabilidad, naturalmente vamos a derrotar a esta pandemia y de esa manera volveremos cuanto antes a la normalidad\u00bb,<\/em> reconoci\u00f3 Rodr\u00edguez.<\/p>\n<p style=\"text-align: justify;\">Ambas autoridades hicieron este llamado,\u00a0 pues de la conducta de todos los habitantes de esta comuna depender\u00e1 que la cuarentena sea finalmente levantada por la autoridad de Salud. <em>\u00abSabemos que esta medida afecta de manera directa a muchas familias desde el punto de vista de sus ingresos, como comerciantes y otros rubros que hoy d\u00eda no son esenciales, por lo tanto no pueden abrir, pero creemos que es la \u00fanica manera en que podemos frenar el n\u00famero de muertes y contagios que se han ido desarrollando en nuestra comuna. Tenemos la esperanza de que esta situaci\u00f3n sea prontamente revertida\u00bb,<\/em> agreg\u00f3 Gonz\u00e1lez.<\/p>\n<figure id=\"attachment_100205\" aria-describedby=\"caption-attachment-100205\" style=\"width: 580px\" class=\"wp-caption aligncenter\"><img data-recalc-dims=\"1\" loading=\"lazy\" decoding=\"async\" class=\"size-full wp-image-100205\" src=\"https:\/\/i0.wp.com\/eltrabajo.cl\/portal\/wp-content\/uploads\/2020\/07\/extension-cuarentena-4.jpg?resize=580%2C359&#038;ssl=1\" alt=\"Por al menos una semana m\u00e1s se extender\u00e1 la cuarentena en las comunas de San Felipe y Los Andes.\" width=\"580\" height=\"359\" srcset=\"https:\/\/i0.wp.com\/eltrabajo.cl\/portal\/wp-content\/uploads\/2020\/07\/extension-cuarentena-4.jpg?w=580&amp;ssl=1 580w, https:\/\/i0.wp.com\/eltrabajo.cl\/portal\/wp-content\/uploads\/2020\/07\/extension-cuarentena-4.jpg?resize=300%2C186&amp;ssl=1 300w, https:\/\/i0.wp.com\/eltrabajo.cl\/portal\/wp-content\/uploads\/2020\/07\/extension-cuarentena-4.jpg?resize=200%2C124&amp;ssl=1 200w\" sizes=\"auto, (max-width: 580px) 100vw, 580px\" \/><figcaption id=\"caption-attachment-100205\" class=\"wp-caption-text\">Por al menos una semana m\u00e1s se extender\u00e1 la cuarentena en las comunas de San Felipe y Los Andes.<\/figcaption><\/figure>\n<figure id=\"attachment_100206\" aria-describedby=\"caption-attachment-100206\" style=\"width: 580px\" class=\"wp-caption aligncenter\"><img data-recalc-dims=\"1\" loading=\"lazy\" decoding=\"async\" class=\"size-full wp-image-100206\" src=\"https:\/\/i0.wp.com\/eltrabajo.cl\/portal\/wp-content\/uploads\/2020\/07\/extension-cuarentena-2.jpg?resize=580%2C358&#038;ssl=1\" alt=\"Desde este mi\u00e9rcoles se ha aumentado el control especialmente en el centro de San Felipe, tanto para veh\u00edculos pero tambi\u00e9n y por sobre todo a peatones.\" width=\"580\" height=\"358\" srcset=\"https:\/\/i0.wp.com\/eltrabajo.cl\/portal\/wp-content\/uploads\/2020\/07\/extension-cuarentena-2.jpg?w=580&amp;ssl=1 580w, https:\/\/i0.wp.com\/eltrabajo.cl\/portal\/wp-content\/uploads\/2020\/07\/extension-cuarentena-2.jpg?resize=300%2C185&amp;ssl=1 300w, https:\/\/i0.wp.com\/eltrabajo.cl\/portal\/wp-content\/uploads\/2020\/07\/extension-cuarentena-2.jpg?resize=200%2C123&amp;ssl=1 200w\" sizes=\"auto, (max-width: 580px) 100vw, 580px\" \/><figcaption id=\"caption-attachment-100206\" class=\"wp-caption-text\">Desde este mi\u00e9rcoles se ha aumentado el control especialmente en el centro de San Felipe, tanto para veh\u00edculos pero tambi\u00e9n y por sobre todo a peatones.<\/figcaption><\/figure>\n","protected":false},"excerpt":{"rendered":"<p>Reforzar\u00e1n control de desplazamiento de peatones: Gobernador y alcalde llaman a la comunidad a respetar medidas sanitarias para disminuir la tasa de contagio y que no se extienda el confinamiento en la&#8230;<\/p>\n","protected":false},"author":482,"featured_media":100205,"comment_status":"closed","ping_status":"open","sticky":false,"template":"","format":"standard","meta":{"advanced_seo_description":"","jetpack_seo_html_title":"","jetpack_seo_noindex":false,"_jetpack_memberships_contains_paid_content":false,"footnotes":""},"categories":[105,103],"tags":[],"class_list":["post-100204","post","type-post","status-publish","format-standard","has-post-thumbnail","hentry","category-covid-19","category-cronica-2"],"jetpack_featured_media_url":"https:\/\/i0.wp.com\/eltrabajo.cl\/portal\/wp-content\/uploads\/2020\/07\/extension-cuarentena-4.jpg?fit=580%2C359&ssl=1","jetpack_sharing_enabled":true,"jetpack_likes_enabled":true,"jetpack-related-posts":[],"_links":{"self":[{"href":"https:\/\/eltrabajo.cl\/portal\/wp-json\/wp\/v2\/posts\/100204","targetHints":{"allow":["GET"]}}],"collection":[{"href":"https:\/\/eltrabajo.cl\/portal\/wp-json\/wp\/v2\/posts"}],"about":[{"href":"https:\/\/eltrabajo.cl\/portal\/wp-json\/wp\/v2\/types\/post"}],"author":[{"embeddable":true,"href":"https:\/\/eltrabajo.cl\/portal\/wp-json\/wp\/v2\/users\/482"}],"replies":[{"embeddable":true,"href":"https:\/\/eltrabajo.cl\/portal\/wp-json\/wp\/v2\/comments?post=100204"}],"version-history":[{"count":2,"href":"https:\/\/eltrabajo.cl\/portal\/wp-json\/wp\/v2\/posts\/100204\/revisions"}],"predecessor-version":[{"id":116539,"href":"https:\/\/eltrabajo.cl\/portal\/wp-json\/wp\/v2\/posts\/100204\/revisions\/116539"}],"wp:featuredmedia":[{"embeddable":true,"href":"https:\/\/eltrabajo.cl\/portal\/wp-json\/wp\/v2\/media\/100205"}],"wp:attachment":[{"href":"https:\/\/eltrabajo.cl\/portal\/wp-json\/wp\/v2\/media?parent=100204"}],"wp:term":[{"taxonomy":"category","embeddable":true,"href":"https:\/\/eltrabajo.cl\/portal\/wp-json\/wp\/v2\/categories?post=100204"},{"taxonomy":"post_tag","embeddable":true,"href":"https:\/\/eltrabajo.cl\/portal\/wp-json\/wp\/v2\/tags?post=100204"}],"curies":[{"name":"wp","href":"https:\/\/api.w.org\/{rel}","templated":true}]}}