{"id":100214,"date":"2020-07-02T07:50:33","date_gmt":"2020-07-02T11:50:33","guid":{"rendered":"https:\/\/www.eltrabajo.cl\/portal\/?p=100214"},"modified":"2020-07-01T20:25:49","modified_gmt":"2020-07-02T00:25:49","slug":"vecinos-ven-desesperados-como-sus-casas-se-inundan-cada-vez-que-llueve","status":"publish","type":"post","link":"https:\/\/eltrabajo.cl\/portal\/vecinos-ven-desesperados-como-sus-casas-se-inundan-cada-vez-que-llueve\/","title":{"rendered":"Vecinos ven desesperados c\u00f3mo sus casas se inundan cada vez que llueve"},"content":{"rendered":"<p style=\"text-align: justify;\"><span style=\"color: #c81400;\"><strong>Villa Esplendor sector Enc\u00f3n:<\/strong><\/span><\/p>\n<p style=\"text-align: justify;\">Una compleja realidad pudimos conocer a ra\u00edz de las lluvias de los \u00faltimos d\u00edas en San Felipe. Se trata de vecinos de la avenida Enc\u00f3n, m\u00e1s espec\u00edficamente Villa Esplendor, que una vez m\u00e1s, pese a toda la advertencia que hab\u00eda para que alguna autoridad tomara cartas en el asunto de forma preventiva, volvieron a inundarse, pr\u00e1cticamente las mismas viviendas que son alrededor de cuatro. El d\u00eda de la lluvia m\u00e1s intensa vimos a personal del Bomberos trabajar con los vecinos.<\/p>\n<p style=\"text-align: justify;\">Uno de los propietarios de vivienda del lugar, que la arrienda, convers\u00f3 con un medio radial. Nos referimos a <strong>H\u00e9ctor Rocco<\/strong>, quien estaba muy triste por la situaci\u00f3n vivida producto de la lluvia: <em>\u00abS\u00faper triste, yo tengo una casa que arriendo a Francisco ah\u00ed en Enc\u00f3n y fue tremendo, es terrible, no s\u00e9 si el municipio o Esval es que no puedo decir nada porque estoy muy choqueado, he estado dos d\u00edas ya, en el agua, cuatro horas sacando el agua de las piezas; \u00e9ramos cuatro vecinos que est\u00e1bamos involucrados en el tema, pero es dif\u00edcil ver al vecino en chalas a las siete de la ma\u00f1ana, yo creo que es inhumano porque yo no entiendo el tema del porqu\u00e9 tiran el agua hacia Enc\u00f3n y toda la pendiente de Enc\u00f3n agarra hacia abajo y se tira hacia nuestras casas, y a las otras casas no les pasa absolutamente nada, no tengo explicaci\u00f3n. No s\u00e9 qu\u00e9 hacer, el tipo de la casa igual es un buen tipo y se mantiene arreglando la casa, pero \u00bfqu\u00e9 hago con \u00e9l?, \u00bfqu\u00e9 le digo a \u00e9l? \u00bfQui\u00e9n es el culpable de todo esto?, todav\u00eda no encuentro raz\u00f3n, este es un tema que vengo reclamando hace unos 15 a\u00f1os, no tengo explicaci\u00f3n, yo s\u00e9 que esta gente que ha pasado esto conmigo es cruel, es muy dif\u00edcil, es un tema muy doloroso, como digo hasta llor\u00e9 porque somos seres humanos. En la vida nosotros, imag\u00ednense yo trabajo en escuela de f\u00fatbol, ayudo ni\u00f1os, trabajo con ellos, en ese sentido siempre estoy con la gente del sector en la humildad con ellos, uno los quiere, los cuida, trata de ser como un padre, pero de repente explotas porque el agua entraba a la casa y es un\u00a0 r\u00edo que entraba a la casa, eran cuatro vecinos desesperados, la familia con guagua. Yo s\u00e9 que en otros lados hubo inundaciones, pero yo creo que la m\u00eda fue la m\u00e1s cr\u00edtica porque imag\u00ednate el living, con los perros encerrados en una pieza, mojados, y despu\u00e9s las camas, una cosa inexistente. Bueno la vida es as\u00ed, quer\u00eda contar mi historia para que nos preparemos un poco m\u00e1s con la ayuda de la muni, no s\u00e9 si de Esval o Serviu, porque es muy cruel\u2026 muy cruel el tema que pas\u00f3 ah\u00ed\u00bb,<\/em> dijo H\u00e9ctor Rocco, propietario de una de las viviendas, quiz\u00e1s la m\u00e1s afectada.<\/p>\n<p style=\"text-align: justify;\">Otro vecino de nombre <strong>Sergio<\/strong> no fue tan afectado como sus vecinos, pero s\u00ed entr\u00f3 agua a su propiedad. De todas maneras sinti\u00f3 miedo por la situaci\u00f3n; <em>\u00abcon mucho miedo porque desde que llegamos a habitar esta villa bueno han pasado muchos inviernos duros, pero este de los a\u00f1os que vivo ac\u00e1, nunca hab\u00eda visto algo as\u00ed, nunca. Por ejemplo, el agua siempre llegaba hasta una cierta altura, ahora lleg\u00f3 hasta all\u00e1 el fondo, estuvo a dos cent\u00edmetros que entrara al comedor, lamentablemente mis vecinos la pasaron muy mal, muy mal. Yo no s\u00e9 cu\u00e1ndo hicieron esta villa, si uno mira desde el puente, el nivel est\u00e1 hacia ac\u00e1 justamente, donde esta eso ah\u00ed colaps\u00f3. La verdad muy preocupados por los vecinos, quienes estaban por salvar sus mueblecitos. Fue muy grande \u2026fue muy grande la verdad. Mire al frente jam\u00e1s el agua hab\u00eda llegado a esa altura, la gente desesperada porque estoy seguro que el agua entr\u00f3 para all\u00e1, no hab\u00eda visto nunca algo as\u00ed yo; llovi\u00f3 muy fuerte, muy fuerte\u00bb,<\/em> indic\u00f3.<\/p>\n<p style=\"text-align: justify;\">Desde la Municipalidad de San Felipe fue el abogado <strong>Jorge Jara Catal\u00e1n<\/strong> quien tras ser consultado sobre esta situaci\u00f3n, dijo: <em>\u00abYo quiero reiterar que hay v\u00edas que son de administraci\u00f3n municipal y hay v\u00edas que no son de administraci\u00f3n municipal. Nosotros podemos presionar, pero no son ellos los responsables, no quiero deslindar responsabilidades, pero cada cual con lo suyo, cuando tengamos evacuado el informe del Comt\u00e9 de Emergencia de la parte t\u00e9cnica, que es responsabilidad del Director de Obras y la Secplac, le haremos llegar o gestionaremos una reuni\u00f3n de trabajo con la gente de Vialidad para analizar ese punto y ver qu\u00e9 podemos hacer. Nosotros podemos colaborar en la emergencia, pero cada propietario es responsable de la mantenci\u00f3n de sus propias viviendas; nosotros no podemos asumir esa responsabilidad porque ser\u00eda imposible, lo que hacemos es concurrir en situaciones de una emergencia\u00bb.<\/em><\/p>\n<p style=\"text-align: justify;\">Cabe recordar que se hicieron trabajos de arreglos de la ruta.<\/p>\n<figure id=\"attachment_100215\" aria-describedby=\"caption-attachment-100215\" style=\"width: 578px\" class=\"wp-caption aligncenter\"><img data-recalc-dims=\"1\" loading=\"lazy\" decoding=\"async\" class=\"size-full wp-image-100215\" src=\"https:\/\/i0.wp.com\/eltrabajo.cl\/portal\/wp-content\/uploads\/2020\/07\/Desague.jpg?resize=578%2C360&#038;ssl=1\" alt=\"Este ser\u00eda el lugar donde se acumula el agua.\" width=\"578\" height=\"360\" srcset=\"https:\/\/i0.wp.com\/eltrabajo.cl\/portal\/wp-content\/uploads\/2020\/07\/Desague.jpg?w=578&amp;ssl=1 578w, https:\/\/i0.wp.com\/eltrabajo.cl\/portal\/wp-content\/uploads\/2020\/07\/Desague.jpg?resize=300%2C187&amp;ssl=1 300w, https:\/\/i0.wp.com\/eltrabajo.cl\/portal\/wp-content\/uploads\/2020\/07\/Desague.jpg?resize=200%2C125&amp;ssl=1 200w\" sizes=\"auto, (max-width: 578px) 100vw, 578px\" \/><figcaption id=\"caption-attachment-100215\" class=\"wp-caption-text\">Este ser\u00eda el lugar donde se acumula el agua.<\/figcaption><\/figure>\n<figure id=\"attachment_100216\" aria-describedby=\"caption-attachment-100216\" style=\"width: 580px\" class=\"wp-caption aligncenter\"><img data-recalc-dims=\"1\" loading=\"lazy\" decoding=\"async\" class=\"size-full wp-image-100216\" src=\"https:\/\/i0.wp.com\/eltrabajo.cl\/portal\/wp-content\/uploads\/2020\/07\/Encon.jpg?resize=580%2C359&#038;ssl=1\" alt=\"As\u00ed amaneci\u00f3 una de las casas afectadas luego de la lluvia.\" width=\"580\" height=\"359\" srcset=\"https:\/\/i0.wp.com\/eltrabajo.cl\/portal\/wp-content\/uploads\/2020\/07\/Encon.jpg?w=580&amp;ssl=1 580w, https:\/\/i0.wp.com\/eltrabajo.cl\/portal\/wp-content\/uploads\/2020\/07\/Encon.jpg?resize=300%2C186&amp;ssl=1 300w, https:\/\/i0.wp.com\/eltrabajo.cl\/portal\/wp-content\/uploads\/2020\/07\/Encon.jpg?resize=200%2C124&amp;ssl=1 200w\" sizes=\"auto, (max-width: 580px) 100vw, 580px\" \/><figcaption id=\"caption-attachment-100216\" class=\"wp-caption-text\">As\u00ed amaneci\u00f3 una de las casas afectadas luego de la lluvia.<\/figcaption><\/figure>\n","protected":false},"excerpt":{"rendered":"<p>Villa Esplendor sector Enc\u00f3n: Una compleja realidad pudimos conocer a ra\u00edz de las lluvias de los \u00faltimos d\u00edas en San Felipe. Se trata de vecinos de la avenida Enc\u00f3n, m\u00e1s espec\u00edficamente Villa&#8230;<\/p>\n","protected":false},"author":482,"featured_media":100216,"comment_status":"closed","ping_status":"open","sticky":false,"template":"","format":"standard","meta":{"advanced_seo_description":"","jetpack_seo_html_title":"","jetpack_seo_noindex":false,"_jetpack_memberships_contains_paid_content":false,"footnotes":""},"categories":[15],"tags":[],"class_list":["post-100214","post","type-post","status-publish","format-standard","has-post-thumbnail","hentry","category-comunidad"],"jetpack_featured_media_url":"https:\/\/i0.wp.com\/eltrabajo.cl\/portal\/wp-content\/uploads\/2020\/07\/Encon.jpg?fit=580%2C359&ssl=1","jetpack_sharing_enabled":true,"jetpack_likes_enabled":true,"jetpack-related-posts":[],"_links":{"self":[{"href":"https:\/\/eltrabajo.cl\/portal\/wp-json\/wp\/v2\/posts\/100214","targetHints":{"allow":["GET"]}}],"collection":[{"href":"https:\/\/eltrabajo.cl\/portal\/wp-json\/wp\/v2\/posts"}],"about":[{"href":"https:\/\/eltrabajo.cl\/portal\/wp-json\/wp\/v2\/types\/post"}],"author":[{"embeddable":true,"href":"https:\/\/eltrabajo.cl\/portal\/wp-json\/wp\/v2\/users\/482"}],"replies":[{"embeddable":true,"href":"https:\/\/eltrabajo.cl\/portal\/wp-json\/wp\/v2\/comments?post=100214"}],"version-history":[{"count":0,"href":"https:\/\/eltrabajo.cl\/portal\/wp-json\/wp\/v2\/posts\/100214\/revisions"}],"wp:featuredmedia":[{"embeddable":true,"href":"https:\/\/eltrabajo.cl\/portal\/wp-json\/wp\/v2\/media\/100216"}],"wp:attachment":[{"href":"https:\/\/eltrabajo.cl\/portal\/wp-json\/wp\/v2\/media?parent=100214"}],"wp:term":[{"taxonomy":"category","embeddable":true,"href":"https:\/\/eltrabajo.cl\/portal\/wp-json\/wp\/v2\/categories?post=100214"},{"taxonomy":"post_tag","embeddable":true,"href":"https:\/\/eltrabajo.cl\/portal\/wp-json\/wp\/v2\/tags?post=100214"}],"curies":[{"name":"wp","href":"https:\/\/api.w.org\/{rel}","templated":true}]}}