{"id":100224,"date":"2020-07-02T07:45:16","date_gmt":"2020-07-02T11:45:16","guid":{"rendered":"https:\/\/www.eltrabajo.cl\/portal\/?p=100224"},"modified":"2020-07-02T11:41:07","modified_gmt":"2020-07-02T15:41:07","slug":"tambien-en-el-canelo-habra-comedor-solidario-este-sabado-al-mediodia-2","status":"publish","type":"post","link":"https:\/\/eltrabajo.cl\/portal\/tambien-en-el-canelo-habra-comedor-solidario-este-sabado-al-mediodia-2\/","title":{"rendered":"Tambi\u00e9n en El Canelo habr\u00e1 Comedor Solidario este s\u00e1bado al mediod\u00eda"},"content":{"rendered":"<p style=\"text-align: justify;\"><span style=\"color: #c81400;\"><strong>Y 300 panes gratis para quienes vayan a retirarlo en la tarde:<\/strong><\/span><\/p>\n<p style=\"text-align: justify;\">Hoy en <strong>Diario El Trabajo<\/strong> queremos invitar a nuestros lectores a ir en apoyo de otra de las iniciativas comunitarias ya en desarrollo, se trata del <strong>Comedor Solidario Las Tres Villas con Amor<\/strong>, iniciativa que el presidente de la junta vecinal de El Canelo 3, <strong>Danilo Contreras Villarreal<\/strong>, viene potenciando junto a sus vecinos.<\/p>\n<p style=\"text-align: justify;\">\u00ab<em>Quiero informar que todos los s\u00e1bados desde las 17:00 horas en mi domicilio entregamos pancito totalmente gratis a los vecinos de El Canelo 3 y alrededores, diez pancitos por familia, son m\u00e1s de 300 panes los que se entregan y cada vez viene m\u00e1s gente de diferentes lados. Esto lo hacemos con mi familia y con el apoyo de mis amistades de WhatsApp, quienes ayudan con los insumos para llevar a cabo esta linda iniciativa y en especial a mi primo Rodrigo Contreras Rivera, quien hace los panes sin cobrar nada; esto es todo solidario, una mano para otra mano. Mi direcci\u00f3n donde se entrega el pancito es Villa El Canelo 3 pasaje R\u00edo Limar\u00ed 798, al fondo del pasaje<\/em>\u00bb, coment\u00f3 el dirigente vecinal.<\/p>\n<p style=\"text-align: justify;\">&#8211; <strong>\u00bfEs verdad que tienen funcionando un Comedor Solidario en esta villa?<\/strong><\/p>\n<p style=\"text-align: justify;\">&#8211; Cierto, se llama \u2018Las Tres Villas con Amor\u2019, funcionar\u00e1 este s\u00e1bado en la sede de Villa El Canelo ubicada en calle Luis Gajardo Guerrero al llegar a\u00a0 Avenida Santa Teresa. Esta primera Olla Com\u00fan se har\u00e1 en este sector y lo importante de esto es la uni\u00f3n que hay entre dirigentes y creo que por primera vez en conjunto con otras villas se realizar\u00e1 esta obra solidaria.<\/p>\n<p style=\"text-align: justify;\">&#8211; <strong>\u00bfAlg\u00fan agradecimiento en especial por el apoyo recibido?<\/strong><\/p>\n<p style=\"text-align: justify;\">&#8211; Quiero darle las gracias a la presidenta de Villa Luis Gajardo Guerrero etapa 2, la se\u00f1ora Ver\u00f3nica L\u00f3pez y a la presidenta del Canelo 1 Apolonia Y\u00e1\u00f1ez, quienes se unieron y poniendo todo el empe\u00f1o para que esto resulte excelente el d\u00eda s\u00e1bado 4\u00a0 a partir del mediod\u00eda.<\/p>\n<p style=\"text-align: justify;\">&#8211; <strong>\u00bfQu\u00e9 habr\u00e1 ese d\u00eda para sus invitados?<\/strong><\/p>\n<p style=\"text-align: justify;\">&#8211; El men\u00fa ser\u00e1 tallarines con salsa y carne. La idea de esto es repetirlo todos los s\u00e1bados, y lo importante es que la gente, los vecinos, nos apoyen con los alimentos, porque ac\u00e1 todos sumamos para cumplir y darle un respiro a la gente que lo est\u00e1 pasando muy mal con la Pandemia Covid-19. Si los vecinos del Valle de Aconcagua quieren ser parte de esto, pueden llamar a mi celular <strong>9-6278 8668<\/strong>, gracias tambi\u00e9n a <strong>Diario El Trabajo<\/strong> por difundir esta Olla Com\u00fan. Si hay personas adulto mayor que no puedan salir, nosotros iremos a dejarle su colaci\u00f3n. Finalmente s\u00ed, agradecer a mi primo Rodrigo Contreras Rivera, por su aporte para que el pancito llegue a los vecinos, a la Cooperativa Popular de Alimentos Aconcagua.<\/p>\n<p style=\"text-align: justify;\"><strong>Roberto Gonz\u00e1lez Short<\/strong><\/p>\n<figure id=\"attachment_100209\" aria-describedby=\"caption-attachment-100209\" style=\"width: 580px\" class=\"wp-caption aligncenter\"><img data-recalc-dims=\"1\" loading=\"lazy\" decoding=\"async\" class=\"size-full wp-image-100209\" src=\"https:\/\/i0.wp.com\/eltrabajo.cl\/portal\/wp-content\/uploads\/2020\/07\/Canelo1.jpg?resize=580%2C358&#038;ssl=1\" alt=\"Todos los s\u00e1bados llegan los vecinos a retirar los diez panes por familia que este vecino entrega en El Canelo\" width=\"580\" height=\"358\" srcset=\"https:\/\/i0.wp.com\/eltrabajo.cl\/portal\/wp-content\/uploads\/2020\/07\/Canelo1.jpg?w=580&amp;ssl=1 580w, https:\/\/i0.wp.com\/eltrabajo.cl\/portal\/wp-content\/uploads\/2020\/07\/Canelo1.jpg?resize=300%2C185&amp;ssl=1 300w, https:\/\/i0.wp.com\/eltrabajo.cl\/portal\/wp-content\/uploads\/2020\/07\/Canelo1.jpg?resize=200%2C123&amp;ssl=1 200w\" sizes=\"auto, (max-width: 580px) 100vw, 580px\" \/><figcaption id=\"caption-attachment-100209\" class=\"wp-caption-text\">Todos los s\u00e1bados llegan los vecinos a retirar los diez panes por familia que este vecino entrega en El Canelo<\/figcaption><\/figure>\n<figure id=\"attachment_100210\" aria-describedby=\"caption-attachment-100210\" style=\"width: 580px\" class=\"wp-caption aligncenter\"><img data-recalc-dims=\"1\" loading=\"lazy\" decoding=\"async\" class=\"size-full wp-image-100210\" src=\"https:\/\/i0.wp.com\/eltrabajo.cl\/portal\/wp-content\/uploads\/2020\/07\/Canelo_Danilo-Contreras.jpg?resize=580%2C571&#038;ssl=1\" alt=\"Presidente de la junta vecinal de El Canelo 3, Danilo Contreras Villarreal.\" width=\"580\" height=\"571\" srcset=\"https:\/\/i0.wp.com\/eltrabajo.cl\/portal\/wp-content\/uploads\/2020\/07\/Canelo_Danilo-Contreras.jpg?w=580&amp;ssl=1 580w, https:\/\/i0.wp.com\/eltrabajo.cl\/portal\/wp-content\/uploads\/2020\/07\/Canelo_Danilo-Contreras.jpg?resize=300%2C295&amp;ssl=1 300w, https:\/\/i0.wp.com\/eltrabajo.cl\/portal\/wp-content\/uploads\/2020\/07\/Canelo_Danilo-Contreras.jpg?resize=152%2C150&amp;ssl=1 152w\" sizes=\"auto, (max-width: 580px) 100vw, 580px\" \/><figcaption id=\"caption-attachment-100210\" class=\"wp-caption-text\">Presidente de la junta vecinal de El Canelo 3, Danilo Contreras Villarreal.<\/figcaption><\/figure>\n<figure id=\"attachment_100211\" aria-describedby=\"caption-attachment-100211\" style=\"width: 580px\" class=\"wp-caption aligncenter\"><img data-recalc-dims=\"1\" loading=\"lazy\" decoding=\"async\" class=\"size-full wp-image-100211\" src=\"https:\/\/i0.wp.com\/eltrabajo.cl\/portal\/wp-content\/uploads\/2020\/07\/Canelo_Rodrigo-Contreras.jpg?resize=580%2C649&#038;ssl=1\" alt=\"PANADERO SOLIDARIO.- Rodrigo Contreras es quien dona sus 300 panes semanalmente a quienes los reciben con muchas ganas.\" width=\"580\" height=\"649\" srcset=\"https:\/\/i0.wp.com\/eltrabajo.cl\/portal\/wp-content\/uploads\/2020\/07\/Canelo_Rodrigo-Contreras.jpg?w=580&amp;ssl=1 580w, https:\/\/i0.wp.com\/eltrabajo.cl\/portal\/wp-content\/uploads\/2020\/07\/Canelo_Rodrigo-Contreras.jpg?resize=268%2C300&amp;ssl=1 268w, https:\/\/i0.wp.com\/eltrabajo.cl\/portal\/wp-content\/uploads\/2020\/07\/Canelo_Rodrigo-Contreras.jpg?resize=134%2C150&amp;ssl=1 134w\" sizes=\"auto, (max-width: 580px) 100vw, 580px\" \/><figcaption id=\"caption-attachment-100211\" class=\"wp-caption-text\">PANADERO SOLIDARIO.- Rodrigo Contreras es quien dona sus 300 panes semanalmente a quienes los reciben con muchas ganas.<\/figcaption><\/figure>\n","protected":false},"excerpt":{"rendered":"<p>Y 300 panes gratis para quienes vayan a retirarlo en la tarde: Hoy en Diario El Trabajo queremos invitar a nuestros lectores a ir en apoyo de otra de las iniciativas comunitarias&#8230;<\/p>\n","protected":false},"author":482,"featured_media":100212,"comment_status":"closed","ping_status":"open","sticky":false,"template":"","format":"standard","meta":{"advanced_seo_description":"","jetpack_seo_html_title":"","jetpack_seo_noindex":false,"_jetpack_memberships_contains_paid_content":false,"footnotes":""},"categories":[15,105],"tags":[],"class_list":["post-100224","post","type-post","status-publish","format-standard","has-post-thumbnail","hentry","category-comunidad","category-covid-19"],"jetpack_featured_media_url":"https:\/\/i0.wp.com\/eltrabajo.cl\/portal\/wp-content\/uploads\/2020\/07\/Canelo_Rodrigo-Contreras-copia.jpg?fit=580%2C360&ssl=1","jetpack_sharing_enabled":true,"jetpack_likes_enabled":true,"jetpack-related-posts":[],"_links":{"self":[{"href":"https:\/\/eltrabajo.cl\/portal\/wp-json\/wp\/v2\/posts\/100224","targetHints":{"allow":["GET"]}}],"collection":[{"href":"https:\/\/eltrabajo.cl\/portal\/wp-json\/wp\/v2\/posts"}],"about":[{"href":"https:\/\/eltrabajo.cl\/portal\/wp-json\/wp\/v2\/types\/post"}],"author":[{"embeddable":true,"href":"https:\/\/eltrabajo.cl\/portal\/wp-json\/wp\/v2\/users\/482"}],"replies":[{"embeddable":true,"href":"https:\/\/eltrabajo.cl\/portal\/wp-json\/wp\/v2\/comments?post=100224"}],"version-history":[{"count":0,"href":"https:\/\/eltrabajo.cl\/portal\/wp-json\/wp\/v2\/posts\/100224\/revisions"}],"wp:featuredmedia":[{"embeddable":true,"href":"https:\/\/eltrabajo.cl\/portal\/wp-json\/wp\/v2\/media\/100212"}],"wp:attachment":[{"href":"https:\/\/eltrabajo.cl\/portal\/wp-json\/wp\/v2\/media?parent=100224"}],"wp:term":[{"taxonomy":"category","embeddable":true,"href":"https:\/\/eltrabajo.cl\/portal\/wp-json\/wp\/v2\/categories?post=100224"},{"taxonomy":"post_tag","embeddable":true,"href":"https:\/\/eltrabajo.cl\/portal\/wp-json\/wp\/v2\/tags?post=100224"}],"curies":[{"name":"wp","href":"https:\/\/api.w.org\/{rel}","templated":true}]}}