{"id":100244,"date":"2020-07-03T07:50:33","date_gmt":"2020-07-03T11:50:33","guid":{"rendered":"https:\/\/www.eltrabajo.cl\/portal\/?p=100244"},"modified":"2020-07-02T20:38:19","modified_gmt":"2020-07-03T00:38:19","slug":"este-fin-de-semana-se-esperan-mas-lluvias-en-el-valle-de-aconcagua","status":"publish","type":"post","link":"https:\/\/eltrabajo.cl\/portal\/este-fin-de-semana-se-esperan-mas-lluvias-en-el-valle-de-aconcagua\/","title":{"rendered":"Este fin de semana se esperan m\u00e1s lluvias en el Valle de Aconcagua"},"content":{"rendered":"<p style=\"text-align: justify;\">Para este fin de semana se esperan m\u00e1s lluvias en el Valle de Aconcagua, as\u00ed lo advirti\u00f3 el aficionado a la meteorolog\u00eda local, <strong>Manuel Vicencio<\/strong>, quien en estos d\u00edas nos comparti\u00f3 detallados informes sobre el cambiante clima invernal que nos envuelve.<\/p>\n<p style=\"text-align: justify;\">&#8211; <strong>\u00bfCu\u00e1l es el panorama general para este invierno 2020?<\/strong><\/p>\n<p style=\"text-align: justify;\">&#8211; El Centro Internacional para la investigaci\u00f3n del Fen\u00f3meno El Ni\u00f1o en su informe trimestral \u2018Junio-Agosto 2020\u2019, anuncia lluvias bajo lo normal desde la Regi\u00f3n de Valpara\u00edso hasta la Regi\u00f3n de Los Lagos. Esta era la informaci\u00f3n disponible para todos los meteor\u00f3logos, aficionados a la meteorolog\u00eda y quienes hayan querido consultar.<\/p>\n<p style=\"text-align: justify;\">&#8211;<strong> \u00bfQu\u00e9 pas\u00f3 entonces, por qu\u00e9 estos cambios? <\/strong><\/p>\n<p style=\"text-align: justify;\">&#8211; Efectivamente, una vez m\u00e1s la Naturaleza experiment\u00f3 cambios que no alcanzaron a ser advertidos con anticipaci\u00f3n por las comunidades cient\u00edfica y las lluvias que se ve\u00edan \u2018normales\u2019 vieron incrementada la cantidad de agua a caer, reci\u00e9n horas antes de su inicio. Tambi\u00e9n vimos aumentada la cantidad de nieve en nuestra cordillera, cuya predicci\u00f3n\u00a0 tambi\u00e9n fue mezquina, y as\u00ed la mayor\u00eda de las diez comunas del Valle de Aconcagua ya superan los 100 mm. de lluvia, y nuestra cordillera acusa gran cantidad de nieve acumulada a 12 d\u00edas del inicio del invierno.<\/p>\n<p style=\"text-align: justify;\">&#8211; <strong>\u00bfQu\u00e9 tanta nieve y agua ha ca\u00eddo a la fecha?<\/strong><\/p>\n<p style=\"text-align: justify;\">&#8211; A la fecha, la mayor\u00eda de las comunas del Valle han alcanzado los 100 mm. de agua ca\u00edda y el d\u00e9ficit\u00a0 respecto a un a\u00f1o normal est\u00e1 muy cerca de ser superado, aunque \u00e9ste se modifica cada d\u00eda, pero hacia all\u00e1 vamos.<\/p>\n<p style=\"text-align: justify;\">&#8211;<strong> \u00bfQu\u00e9 podemos esperar para este fin de semana?<\/strong><\/p>\n<p style=\"text-align: justify;\">&#8211; Este s\u00e1bado 4 tendremos lluvia en la madrugada y durante buena parte del d\u00eda, estimando al cierre de esta edici\u00f3n la ca\u00edda de 30 a 40 mm. Luego, entre mi\u00e9rcoles y jueves otra vez tendremos condiciones favorables para precipitaciones.<\/p>\n<p style=\"text-align: justify;\">&#8211; <strong>\u00bfPodr\u00edamos regresar a la sequ\u00eda?<\/strong><\/p>\n<p style=\"text-align: justify;\">&#8211; La Naturaleza siempre puede sorprendernos, pese a toda la tecnolog\u00eda actual y la lluvia lleg\u00f3 en abundancia cuando nadie la esperaba. As\u00ed tambi\u00e9n \u00e9sta \u2018puede irse\u2019 en cualquier momento, pero ya tenemos lluvia y nieve acumulada en nuestra monta\u00f1a en cantidades que a mediados de mayo pasado nadie sospechaba.<\/p>\n<figure id=\"attachment_100245\" aria-describedby=\"caption-attachment-100245\" style=\"width: 580px\" class=\"wp-caption aligncenter\"><img data-recalc-dims=\"1\" loading=\"lazy\" decoding=\"async\" class=\"size-full wp-image-100245\" src=\"https:\/\/i0.wp.com\/eltrabajo.cl\/portal\/wp-content\/uploads\/2020\/07\/Nieve1.jpg?resize=580%2C359&#038;ssl=1\" alt=\"UN BLANCO PANORAMA.- Las c\u00e1maras de Diario El Trabajo nos muestran c\u00f3mo lucen las monta\u00f1as a nuestro rededor.\" width=\"580\" height=\"359\" srcset=\"https:\/\/i0.wp.com\/eltrabajo.cl\/portal\/wp-content\/uploads\/2020\/07\/Nieve1.jpg?w=580&amp;ssl=1 580w, https:\/\/i0.wp.com\/eltrabajo.cl\/portal\/wp-content\/uploads\/2020\/07\/Nieve1.jpg?resize=300%2C186&amp;ssl=1 300w, https:\/\/i0.wp.com\/eltrabajo.cl\/portal\/wp-content\/uploads\/2020\/07\/Nieve1.jpg?resize=200%2C124&amp;ssl=1 200w\" sizes=\"auto, (max-width: 580px) 100vw, 580px\" \/><figcaption id=\"caption-attachment-100245\" class=\"wp-caption-text\">UN BLANCO PANORAMA.- Las c\u00e1maras de Diario El Trabajo nos muestran c\u00f3mo lucen las monta\u00f1as a nuestro rededor.<\/figcaption><\/figure>\n<figure id=\"attachment_100246\" aria-describedby=\"caption-attachment-100246\" style=\"width: 580px\" class=\"wp-caption aligncenter\"><img data-recalc-dims=\"1\" loading=\"lazy\" decoding=\"async\" class=\"size-full wp-image-100246\" src=\"https:\/\/i0.wp.com\/eltrabajo.cl\/portal\/wp-content\/uploads\/2020\/07\/Nieve_Manuel-Vicencio.jpg?resize=580%2C598&#038;ssl=1\" alt=\"Manuel Vicencio, colaborador de Diario El Trabajo y aficionado a la meteorolog\u00eda local.\" width=\"580\" height=\"598\" srcset=\"https:\/\/i0.wp.com\/eltrabajo.cl\/portal\/wp-content\/uploads\/2020\/07\/Nieve_Manuel-Vicencio.jpg?w=580&amp;ssl=1 580w, https:\/\/i0.wp.com\/eltrabajo.cl\/portal\/wp-content\/uploads\/2020\/07\/Nieve_Manuel-Vicencio.jpg?resize=291%2C300&amp;ssl=1 291w, https:\/\/i0.wp.com\/eltrabajo.cl\/portal\/wp-content\/uploads\/2020\/07\/Nieve_Manuel-Vicencio.jpg?resize=145%2C150&amp;ssl=1 145w\" sizes=\"auto, (max-width: 580px) 100vw, 580px\" \/><figcaption id=\"caption-attachment-100246\" class=\"wp-caption-text\">Manuel Vicencio, colaborador de Diario El Trabajo y aficionado a la meteorolog\u00eda local.<\/figcaption><\/figure>\n","protected":false},"excerpt":{"rendered":"<p>Para este fin de semana se esperan m\u00e1s lluvias en el Valle de Aconcagua, as\u00ed lo advirti\u00f3 el aficionado a la meteorolog\u00eda local, Manuel Vicencio, quien en estos d\u00edas nos comparti\u00f3 detallados&#8230;<\/p>\n","protected":false},"author":482,"featured_media":100245,"comment_status":"closed","ping_status":"open","sticky":false,"template":"","format":"standard","meta":{"advanced_seo_description":"","jetpack_seo_html_title":"","jetpack_seo_noindex":false,"_jetpack_memberships_contains_paid_content":false,"footnotes":""},"categories":[103],"tags":[],"class_list":["post-100244","post","type-post","status-publish","format-standard","has-post-thumbnail","hentry","category-cronica-2"],"jetpack_featured_media_url":"https:\/\/i0.wp.com\/eltrabajo.cl\/portal\/wp-content\/uploads\/2020\/07\/Nieve1.jpg?fit=580%2C359&ssl=1","jetpack_sharing_enabled":true,"jetpack_likes_enabled":true,"jetpack-related-posts":[],"_links":{"self":[{"href":"https:\/\/eltrabajo.cl\/portal\/wp-json\/wp\/v2\/posts\/100244","targetHints":{"allow":["GET"]}}],"collection":[{"href":"https:\/\/eltrabajo.cl\/portal\/wp-json\/wp\/v2\/posts"}],"about":[{"href":"https:\/\/eltrabajo.cl\/portal\/wp-json\/wp\/v2\/types\/post"}],"author":[{"embeddable":true,"href":"https:\/\/eltrabajo.cl\/portal\/wp-json\/wp\/v2\/users\/482"}],"replies":[{"embeddable":true,"href":"https:\/\/eltrabajo.cl\/portal\/wp-json\/wp\/v2\/comments?post=100244"}],"version-history":[{"count":0,"href":"https:\/\/eltrabajo.cl\/portal\/wp-json\/wp\/v2\/posts\/100244\/revisions"}],"wp:featuredmedia":[{"embeddable":true,"href":"https:\/\/eltrabajo.cl\/portal\/wp-json\/wp\/v2\/media\/100245"}],"wp:attachment":[{"href":"https:\/\/eltrabajo.cl\/portal\/wp-json\/wp\/v2\/media?parent=100244"}],"wp:term":[{"taxonomy":"category","embeddable":true,"href":"https:\/\/eltrabajo.cl\/portal\/wp-json\/wp\/v2\/categories?post=100244"},{"taxonomy":"post_tag","embeddable":true,"href":"https:\/\/eltrabajo.cl\/portal\/wp-json\/wp\/v2\/tags?post=100244"}],"curies":[{"name":"wp","href":"https:\/\/api.w.org\/{rel}","templated":true}]}}