{"id":100248,"date":"2020-07-03T07:55:45","date_gmt":"2020-07-03T11:55:45","guid":{"rendered":"https:\/\/www.eltrabajo.cl\/portal\/?p=100248"},"modified":"2020-07-02T20:41:37","modified_gmt":"2020-07-03T00:41:37","slug":"en-prision-preventiva-sujeto-acusado-de-violar-a-menor-de-14-anos-de-edad","status":"publish","type":"post","link":"https:\/\/eltrabajo.cl\/portal\/en-prision-preventiva-sujeto-acusado-de-violar-a-menor-de-14-anos-de-edad\/","title":{"rendered":"En prisi\u00f3n preventiva sujeto acusado de violar a menor de 14 a\u00f1os de edad"},"content":{"rendered":"<ul style=\"text-align: justify;\">\n<li><strong>Se gan\u00f3 la confianza de la familia para terminar presuntamente violando a la menor, con quien habr\u00eda concretado una relaci\u00f3n sentimental supuestamente consentida.<\/strong><\/li>\n<\/ul>\n<p style=\"text-align: justify;\">Detectives pertenecientes a la Brigada Investigadora de Delitos Sexuales Los Andes de la Polic\u00eda de Investigaciones de Chile, detuvieron a un sujeto identificado con las iniciales <strong>N.M.V.A.<\/strong>, de 31 a\u00f1os de edad, por el delito de Violaci\u00f3n de menor de 14 a\u00f1os. El detenido, adem\u00e1s, manten\u00eda un arraigo vigente por porte de arma prohibida y robo en lugar no habitado.<\/p>\n<p style=\"text-align: justify;\">Seg\u00fan los antecedentes aportados por la PDI, el imputado, aprovechando que manten\u00eda amistad con familiares de la menor y vali\u00e9ndose de la cercan\u00eda que hab\u00eda adquirido con la v\u00edctima, gener\u00f3 una relaci\u00f3n de confianza que se materializ\u00f3 en una supuesta relaci\u00f3n sentimental consentida.<\/p>\n<p style=\"text-align: justify;\">De esta manera, el imputado, al enterarse que hab\u00edan puesto una denuncia en su contra, decidi\u00f3 pernoctar en casas de distintas amistades con la finalidad de ocultarse y as\u00ed eludir el actuar de la ley.<\/p>\n<p style=\"text-align: justify;\">El trabajo de an\u00e1lisis criminal e inteligencia policial de la polic\u00eda civil permiti\u00f3 ubicar al sujeto en la ciudad de Quillota, por lo que fue detenido y puesto a disposici\u00f3n del Juzgado de Garant\u00eda de San Felipe.<\/p>\n<p style=\"text-align: justify;\">Al respecto fue el subcomisario de la brigada de delitos sexuales de la PDI de Los Andes, <strong>Tom\u00e1s Villanueva<\/strong>, jefe subrogante, quien entreg\u00f3 detalles de esta detenci\u00f3n.<\/p>\n<p style=\"text-align: justify;\">\u00ab<em>El d\u00eda 26 de junio se tom\u00f3 un procedimiento por violaci\u00f3n de menor de 14 a\u00f1os en la comuna de Llay Llay, hecho relacionado a una ni\u00f1a de 13 a\u00f1os de edad quien mantendr\u00eda una relaci\u00f3n con un sujeto de 31 a\u00f1os con el cual mantendr\u00edan relaciones sexuales. Es por este motivo que personal de esta brigada especializada se traslad\u00f3 hasta la comuna se\u00f1alada realizando diferentes diligencias, tomar declaraci\u00f3n a la v\u00edctima, constataci\u00f3n de lesiones de la misma, toma de muestra de laboratorios, declaraci\u00f3n de testigos de o\u00eddas, trabajo en el sitio del suceso, diligencias que finalmente llegaron a determinar la veracidad del hecho denunciado. No obstante lo anterior, el d\u00eda se\u00f1alado el imputado se da a la fuga del lugar. Es por este motivo que personal de esta brigada especializada, el fin de semana reci\u00e9n pasado se aboc\u00f3 a realizar distintas diligencias para ubicar al imputado, como la red familiar en redes sociales, informaci\u00f3n cerrada y abierta, dando en Quillota donde es detenido, siendo entregado posteriormente al Juzgado de Garant\u00eda de San Felipe, lugar donde se determin\u00f3 que este sujeto quedara en prisi\u00f3n\u00a0 preventiva\u00bb,<\/em> dijo.<\/p>\n<p style=\"text-align: justify;\">Enfatizar que el sujeto qued\u00f3 en prisi\u00f3n preventiva luego de ser formalizado por el delito de violaci\u00f3n. Tambi\u00e9n porque posee antecedentes por portar arma prohibida y robo en lugar no habitado.<\/p>\n<figure id=\"attachment_100249\" aria-describedby=\"caption-attachment-100249\" style=\"width: 580px\" class=\"wp-caption aligncenter\"><img data-recalc-dims=\"1\" loading=\"lazy\" decoding=\"async\" class=\"size-full wp-image-100249\" src=\"https:\/\/i0.wp.com\/eltrabajo.cl\/portal\/wp-content\/uploads\/2020\/07\/Violaci%C3%B3n.jpg?resize=580%2C360&#038;ssl=1\" alt=\"En Quillota fue detenido el sujeto acusado de Violaci\u00f3n contra una menor de 14 a\u00f1os de edad en la comuna de Llay Llay. (Foto referencial).\" width=\"580\" height=\"360\" srcset=\"https:\/\/i0.wp.com\/eltrabajo.cl\/portal\/wp-content\/uploads\/2020\/07\/Violaci%C3%B3n.jpg?w=580&amp;ssl=1 580w, https:\/\/i0.wp.com\/eltrabajo.cl\/portal\/wp-content\/uploads\/2020\/07\/Violaci%C3%B3n.jpg?resize=300%2C186&amp;ssl=1 300w, https:\/\/i0.wp.com\/eltrabajo.cl\/portal\/wp-content\/uploads\/2020\/07\/Violaci%C3%B3n.jpg?resize=200%2C124&amp;ssl=1 200w\" sizes=\"auto, (max-width: 580px) 100vw, 580px\" \/><figcaption id=\"caption-attachment-100249\" class=\"wp-caption-text\">En Quillota fue detenido el sujeto acusado de Violaci\u00f3n contra una menor de 14 a\u00f1os de edad en la comuna de Llay Llay. (Foto referencial).<\/figcaption><\/figure>\n","protected":false},"excerpt":{"rendered":"<p>Se gan\u00f3 la confianza de la familia para terminar presuntamente violando a la menor, con quien habr\u00eda concretado una relaci\u00f3n sentimental supuestamente consentida. Detectives pertenecientes a la Brigada Investigadora de Delitos Sexuales&#8230;<\/p>\n","protected":false},"author":482,"featured_media":100249,"comment_status":"closed","ping_status":"open","sticky":false,"template":"","format":"standard","meta":{"advanced_seo_description":"","jetpack_seo_html_title":"","jetpack_seo_noindex":false,"_jetpack_memberships_contains_paid_content":false,"footnotes":""},"categories":[21],"tags":[],"class_list":["post-100248","post","type-post","status-publish","format-standard","has-post-thumbnail","hentry","category-policial"],"jetpack_featured_media_url":"https:\/\/i0.wp.com\/eltrabajo.cl\/portal\/wp-content\/uploads\/2020\/07\/Violaci%C3%B3n.jpg?fit=580%2C360&ssl=1","jetpack_sharing_enabled":true,"jetpack_likes_enabled":true,"jetpack-related-posts":[],"_links":{"self":[{"href":"https:\/\/eltrabajo.cl\/portal\/wp-json\/wp\/v2\/posts\/100248","targetHints":{"allow":["GET"]}}],"collection":[{"href":"https:\/\/eltrabajo.cl\/portal\/wp-json\/wp\/v2\/posts"}],"about":[{"href":"https:\/\/eltrabajo.cl\/portal\/wp-json\/wp\/v2\/types\/post"}],"author":[{"embeddable":true,"href":"https:\/\/eltrabajo.cl\/portal\/wp-json\/wp\/v2\/users\/482"}],"replies":[{"embeddable":true,"href":"https:\/\/eltrabajo.cl\/portal\/wp-json\/wp\/v2\/comments?post=100248"}],"version-history":[{"count":0,"href":"https:\/\/eltrabajo.cl\/portal\/wp-json\/wp\/v2\/posts\/100248\/revisions"}],"wp:featuredmedia":[{"embeddable":true,"href":"https:\/\/eltrabajo.cl\/portal\/wp-json\/wp\/v2\/media\/100249"}],"wp:attachment":[{"href":"https:\/\/eltrabajo.cl\/portal\/wp-json\/wp\/v2\/media?parent=100248"}],"wp:term":[{"taxonomy":"category","embeddable":true,"href":"https:\/\/eltrabajo.cl\/portal\/wp-json\/wp\/v2\/categories?post=100248"},{"taxonomy":"post_tag","embeddable":true,"href":"https:\/\/eltrabajo.cl\/portal\/wp-json\/wp\/v2\/tags?post=100248"}],"curies":[{"name":"wp","href":"https:\/\/api.w.org\/{rel}","templated":true}]}}