{"id":100251,"date":"2020-07-03T08:00:55","date_gmt":"2020-07-03T12:00:55","guid":{"rendered":"https:\/\/www.eltrabajo.cl\/portal\/?p=100251"},"modified":"2020-07-02T20:45:23","modified_gmt":"2020-07-03T00:45:23","slug":"vecinos-exigen-entrega-de-departamentos-que-son-desvalijados-por-ladrones","status":"publish","type":"post","link":"https:\/\/eltrabajo.cl\/portal\/vecinos-exigen-entrega-de-departamentos-que-son-desvalijados-por-ladrones\/","title":{"rendered":"Vecinos exigen entrega de departamentos que son desvalijados por ladrones"},"content":{"rendered":"<p style=\"text-align: justify;\"><span style=\"color: #c81400;\"><strong>Avenida Diego de Almagro:<\/strong><\/span><\/p>\n<ul style=\"text-align: justify;\">\n<li><strong>Propietarios de condominio exigen a Esval y Chilquinta realizar los trabajos que a\u00fan faltan para terminar la obra, pues delincuentes ingresan a robar y causar da\u00f1os, desapareciendo hasta el momento ocho calefones.<\/strong><\/li>\n<\/ul>\n<p style=\"text-align: justify;\">Desesperaci\u00f3n\u00a0 y preocupaci\u00f3n son las palabras que retumban con fuerza en la cabeza de las cien familias que se ganaron el leg\u00edtimo derecho a vivir en su casa propia, en este caso en su departamento propio, y que hoy lamentablemente no pueden habitarlos pese a que las obras tienen un 95% de avance; s\u00f3lo falta que Chilquinta y Esval realicen las conexiones de acuerdo a su \u00e1rea.<\/p>\n<p style=\"text-align: justify;\">Lo anterior porque la delincuencia est\u00e1 haciendo de las suyas y ya les han robado ocho calefones, raz\u00f3n por la cual han tenido que ir a cuidar ellos mismos. Estamos hablando del Condominio \u2018Jardines del Valle\u2019 ubicado en la Avenida Diego de Almagro.<\/p>\n<p style=\"text-align: justify;\">En conversaci\u00f3n con nuestro medio, el representante de los nuevos propietarios, <strong>Ian Fuentes Solari<\/strong>, nos cuenta la triste realidad que est\u00e1n viviendo.<\/p>\n<p style=\"text-align: justify;\">\u00ab<em>Nosotros tenemos una preocupaci\u00f3n muy grande, el proyecto estaba por terminarse y pas\u00f3 el tema de la cuarentena e inmediatamente empezaron los robos, las agresiones. Nosotros como vecinos nos unimos y empezamos a venir ac\u00e1. Aqu\u00ed la seguridad es pr\u00e1cticamente\u00a0 nula, de hecho antes de ayer (martes) hubo un robo y yo llegu\u00e9 primero, el guardia ni siquiera se hab\u00eda dado cuenta. A nosotros nos informaron por el Sol del Inca (villa contigua a los departamentos), y todo esto es porque la garita del guardia est\u00e1 en un sector donde no tiene que estar, no es estrat\u00e9gico. Llegamos nosotros e hicimos una detenci\u00f3n ciudadana. \u00bfQu\u00e9 pasa?, la gente se desespera\u2026 hay desesperaci\u00f3n, yo tengo la preocupaci\u00f3n y les digo gente c\u00e1lmense, pero hay gente que no \u00bfQu\u00e9 pasa si venimos y uno de estos huevones va y agrede a uno de nosotros?, puede haber una muerte\u2026 quiz\u00e1s, ojala que no sea as\u00ed\u00bb,<\/em> dijo Ian Fuentes Solari, presidente del Comit\u00e9 Jardines del Valle.<\/p>\n<p style=\"text-align: justify;\">&#8211; <strong>Ian, grafiquemos un poquito sobre lo que le han robado ac\u00e1, aparte de pegarle patadas a las puertas y provocarles da\u00f1os.<\/strong><\/p>\n<p style=\"text-align: justify;\">&#8211; Bueno, primero herramientas, se est\u00e1n robando las herramientas que dej\u00f3 la constructora, de hecho alcanzamos a ver que usan las mismas carretillas para robar calef\u00f3n. Los calefones son el principal objetivo de estos tipos, despu\u00e9s como estamos observando, van a empezar por este block (el \u00faltimo), se han robado ya ocho calefones de distintos pisos. Tambi\u00e9n creo que van a venir por la barreras de cobre, los conductos de agua, intentaron robarse la ca\u00f1er\u00eda de la ducha, pero no les sirvi\u00f3, la dejaron botada. Ayer se metieron y se robaron el foco, no hubo luz aqu\u00ed, llegamos nosotros y tuvimos que reponer la luz. Llegamos y nos metimos aqu\u00ed, estuvimos aqu\u00ed. Nosotros venimos a hacer igual guardia en plena pandemia. Nosotros necesitamos que nos entreguen los departamentos, hay gente que est\u00e1 pagando arriendo, gente que ya va a vivir pr\u00e1cticamente en la calle, gente que no tiene trabajo.<\/p>\n<p style=\"text-align: justify;\">&#8211; <strong>\u00bfQu\u00e9 ha pasado con Carabineros respecto a la vigilancia?, estamos en estado de excepci\u00f3n, toque de queda, todo eso, \u00bfpatrullas militares por ac\u00e1 se ven o no se ven?<\/strong><\/p>\n<p style=\"text-align: justify;\">&#8211; Patrullas militares no he visto\u2026 los militares ahora no vienen (dice un vecino), no he visto nada de militares, lo que s\u00ed Carabineros \u00faltimamente, cuando hicimos la detenci\u00f3n ciudadana, lleg\u00f3 r\u00e1pido antes de ayer tambi\u00e9n lleg\u00f3 r\u00e1pido y ayer se demor\u00f3 un poco, pero ayer (mi\u00e9rcoles), ya se hab\u00edan robado las cosas. Pero ahora est\u00e1n llegando m\u00e1s r\u00e1pido, creo que ya saben que es m\u00e1s cre\u00edble lo que est\u00e1 pasando o puede pasar algo.<\/p>\n<p style=\"text-align: justify;\">&#8211; <strong>\u00bfQu\u00e9 falta para que se entreguen los departamentos teniendo en cuenta que est\u00e1 el 95% de avance en la obra?<\/strong><\/p>\n<p style=\"text-align: justify;\">&#8211; Aqu\u00ed solamente falta que Chilquinta conecte la luz y Esval haga los trabajos de agua, nada m\u00e1s. Son pegas de Esval y Chilquinta, y de la constructora solamente poner una muralla aqu\u00ed en la Villa Departamental. Quedar\u00edan unos cinco postes de luz, nada m\u00e1s y estar\u00edamos.<\/p>\n<p style=\"text-align: justify;\">Llama la atenci\u00f3n que el techo no est\u00e1 pintado, lo mismo que el piso no tiene cer\u00e1mico, no as\u00ed el ba\u00f1o. Al respecto la vecina <strong>Mar\u00eda Prado<\/strong>, que ya est\u00e1 lista para irse a vivir, dijo: <em>\u00abEsto es un condominio social, vienen sin pintar, sin piso, pero son habitables\u2026 lo entregan en bruto, pero habitables\u00bb.<\/em><\/p>\n<p style=\"text-align: justify;\">&#8211; <strong>\u00bfUstedes van a tener que poner el cer\u00e1mico?<\/strong><\/p>\n<p style=\"text-align: justify;\">&#8211; S\u00ed, nosotros tenemos que ponerle el piso y pintar, eso es lo de menos para nosotros, porque lo hacemos nosotros, es pega de nosotros. Nosotros queremos que esto termine luego, que Chilquinta y Esval vengan a terminar esto, que por favor nos puedan entregar de una vez por todas porque nos preocupa las condiciones en que est\u00e1, da pena ver anoche muebles de cocina rotos, quiebran las ca\u00f1er\u00edas, los enchufes, se est\u00e1n robando los focos. Ya no hay como hacerlo, nos arriesgamos nosotros porque ellos ya nos est\u00e1n tirando piedras; la primera noche no, pero ahora ya es peligroso hasta para los mismos guardias y la empresa tiene que traer m\u00e1s guardias porque un guardia de noche es muy poco. El d\u00eda mi\u00e9rcoles hay dos guardias, pero los otros d\u00edas un solo guardia y ellos lo saben, las personas que vienen a robar, a hacer da\u00f1o, ellos lo saben que hay un solo guardia; o que nos autoricen a nosotros para venir a apoyar a los guardias en la noche.<\/p>\n<p style=\"text-align: justify;\">&#8211; <strong>Com\u00e9ntenos un poquito el sufrimiento que ha tenido desde el a\u00f1o 1997 postulando a tener su casa propia, teniendo varias desilusiones.<\/strong><\/p>\n<p style=\"text-align: justify;\">&#8211; Yo estoy postulando a mi casa propia desde el a\u00f1o \u201997. He postulado dos veces, fui rechazada las dos veces y hoy que tengo la oportunidad, que me he ganado el subsidio, tengo la escritura de mi departamento pagada, nosotros las cien familias de ac\u00e1 tenemos las escrituras pagadas, las pagamos el 4 de mayo que era la fecha tope, la final para pagar las escrituras, ya estamos en julio y todav\u00eda no tenemos soluci\u00f3n, una respuesta, a nosotros nos apura esto, llevo 14 a\u00f1os pagando arriendo.<\/p>\n<p style=\"text-align: justify;\">&#8211; <strong>\u00bfCu\u00e1nto paga usted?<\/strong><\/p>\n<p style=\"text-align: justify;\">&#8211; Yo estoy pagando 180.000 pesos de arriendo, llegu\u00e9 a pagar 200, entonces ya es mucho, p\u00f3nganse la mano en el coraz\u00f3n y miren por nosotros. Claro, dicen que no es un trabajo que se pueda seguir realizando, esto para nosotros tiene que seguir el trabajo, no pueden paralizar. Es cierto, estamos con este problema de la pandemia, pero as\u00ed como estamos con el problema de la pandemia, tambi\u00e9n necesitamos nuestros hogares. Hay mucha gente que les pidieron las casas porque no pueden seguir pagando arriendo, est\u00e1n sin trabajo, yo estoy sin trabajo, estoy desde marzo sin trabajo y pago arriendo, entonces yo quiero una soluci\u00f3n r\u00e1pida. Yo quiero mi casa, que esto se termine pronto para venirme a mi casa con mi hija porque ya es mucho, llevo muchos a\u00f1os pagando arriendo, a\u00f1os sufriendo, entonces ya pienso que no y que vengan unos drogadictos a hacer un da\u00f1o a gente que realmente necesita estas casas. No hay soluci\u00f3n, no hay t\u00e9rmino. Si\u00a0 nosotros tenemos que salir con pancartas, ir a protestar a la municipalidad, al Serviu, lo vamos a hacer as\u00ed, f\u00edsicamente, lo vamos a hacer, ya no podemos esperar m\u00e1s; hay personas con discapacidad, personas de la tercera edad, posiblemente se van a morir, ni Dios lo quiera, no van a conocer sus casas, no van a tener la oportunidad de vivir los d\u00edas tranquilos en sus casas sin preocuparse de pagar arriendo.<\/p>\n<p style=\"text-align: justify;\">\n<p style=\"text-align: justify;\"><span style=\"color: #c81400;\"><strong>\u00bfQU\u00c9 DICE EL SERVIU?<\/strong><\/span><\/p>\n<p style=\"text-align: justify;\">Fue la delegada biprovincial del Serviu, <strong>Patricia Boffa<\/strong>, quien indic\u00f3 que van a tener una reuni\u00f3n con la empresa para que contin\u00faen con los trabajos, <em>\u00abporque esta es una obra p\u00fablica, ellos hab\u00edan parado por el tema de los salvoconductos, pero en horas de la noche sostuvimos una reuni\u00f3n telef\u00f3nica con el gobernador provincial, esta es una obra p\u00fablica por lo tanto los permisos los van a tener\u00bb,<\/em> se\u00f1al\u00f3 Boffa.<\/p>\n<p style=\"text-align: justify;\">Son cien familias las que van a vivir en este condominio Jardines del Valle, que una de sus calles llevar\u00e1 el nombre de la que en vida fuera presidente del Comit\u00e9, <strong>Valentina Villalobos<\/strong> (QEPD).<\/p>\n<figure id=\"attachment_100252\" aria-describedby=\"caption-attachment-100252\" style=\"width: 580px\" class=\"wp-caption aligncenter\"><img data-recalc-dims=\"1\" loading=\"lazy\" decoding=\"async\" class=\"size-full wp-image-100252\" src=\"https:\/\/i0.wp.com\/eltrabajo.cl\/portal\/wp-content\/uploads\/2020\/07\/robos-Condominio.jpg?resize=580%2C360&#038;ssl=1\" alt=\"Los vecinos posan para Diario El Trabajo en una de las calles frente al Condominio.\" width=\"580\" height=\"360\" srcset=\"https:\/\/i0.wp.com\/eltrabajo.cl\/portal\/wp-content\/uploads\/2020\/07\/robos-Condominio.jpg?w=580&amp;ssl=1 580w, https:\/\/i0.wp.com\/eltrabajo.cl\/portal\/wp-content\/uploads\/2020\/07\/robos-Condominio.jpg?resize=300%2C186&amp;ssl=1 300w, https:\/\/i0.wp.com\/eltrabajo.cl\/portal\/wp-content\/uploads\/2020\/07\/robos-Condominio.jpg?resize=200%2C124&amp;ssl=1 200w\" sizes=\"auto, (max-width: 580px) 100vw, 580px\" \/><figcaption id=\"caption-attachment-100252\" class=\"wp-caption-text\">Los vecinos posan para Diario El Trabajo en una de las calles frente al Condominio.<\/figcaption><\/figure>\n<figure id=\"attachment_100254\" aria-describedby=\"caption-attachment-100254\" style=\"width: 580px\" class=\"wp-caption aligncenter\"><img data-recalc-dims=\"1\" loading=\"lazy\" decoding=\"async\" class=\"size-full wp-image-100254\" src=\"https:\/\/i0.wp.com\/eltrabajo.cl\/portal\/wp-content\/uploads\/2020\/07\/robos-Vecinos-2.jpg?resize=580%2C360&#038;ssl=1\" alt=\"Los vecinos al interior de uno de los departamentos que ha sido robado. Se ve que el piso no tiene cer\u00e1mico y no est\u00e1 pintado, pero eso no importa, dicen los vecinos, s\u00f3lo quieren irse a vivir luego y dejar de pagar arriendo.\" width=\"580\" height=\"360\" srcset=\"https:\/\/i0.wp.com\/eltrabajo.cl\/portal\/wp-content\/uploads\/2020\/07\/robos-Vecinos-2.jpg?w=580&amp;ssl=1 580w, https:\/\/i0.wp.com\/eltrabajo.cl\/portal\/wp-content\/uploads\/2020\/07\/robos-Vecinos-2.jpg?resize=300%2C186&amp;ssl=1 300w, https:\/\/i0.wp.com\/eltrabajo.cl\/portal\/wp-content\/uploads\/2020\/07\/robos-Vecinos-2.jpg?resize=200%2C124&amp;ssl=1 200w\" sizes=\"auto, (max-width: 580px) 100vw, 580px\" \/><figcaption id=\"caption-attachment-100254\" class=\"wp-caption-text\">Los vecinos al interior de uno de los departamentos que ha sido robado. Se ve que el piso no tiene cer\u00e1mico y no est\u00e1 pintado, pero eso no importa, dicen los vecinos, s\u00f3lo quieren irse a vivir luego y dejar de pagar arriendo.<\/figcaption><\/figure>\n<figure id=\"attachment_100253\" aria-describedby=\"caption-attachment-100253\" style=\"width: 579px\" class=\"wp-caption aligncenter\"><img data-recalc-dims=\"1\" loading=\"lazy\" decoding=\"async\" class=\"size-full wp-image-100253\" src=\"https:\/\/i0.wp.com\/eltrabajo.cl\/portal\/wp-content\/uploads\/2020\/07\/robos-Lavaplatos.jpg?resize=579%2C435&#038;ssl=1\" alt=\"Ac\u00e1 se aprecia la puerta rota de un lavaplatos, entre otros tantos da\u00f1os que han causado los delincuentes.\" width=\"579\" height=\"435\" srcset=\"https:\/\/i0.wp.com\/eltrabajo.cl\/portal\/wp-content\/uploads\/2020\/07\/robos-Lavaplatos.jpg?w=579&amp;ssl=1 579w, https:\/\/i0.wp.com\/eltrabajo.cl\/portal\/wp-content\/uploads\/2020\/07\/robos-Lavaplatos.jpg?resize=300%2C225&amp;ssl=1 300w, https:\/\/i0.wp.com\/eltrabajo.cl\/portal\/wp-content\/uploads\/2020\/07\/robos-Lavaplatos.jpg?resize=200%2C150&amp;ssl=1 200w\" sizes=\"auto, (max-width: 579px) 100vw, 579px\" \/><figcaption id=\"caption-attachment-100253\" class=\"wp-caption-text\">Ac\u00e1 se aprecia la puerta rota de un lavaplatos, entre otros tantos da\u00f1os que han causado los delincuentes.<\/figcaption><\/figure>\n<figure id=\"attachment_100255\" aria-describedby=\"caption-attachment-100255\" style=\"width: 579px\" class=\"wp-caption aligncenter\"><img data-recalc-dims=\"1\" loading=\"lazy\" decoding=\"async\" class=\"size-full wp-image-100255\" src=\"https:\/\/i0.wp.com\/eltrabajo.cl\/portal\/wp-content\/uploads\/2020\/07\/robos-Calef%C3%B3n.jpg?resize=579%2C435&#038;ssl=1\" alt=\"En este lugar \u2018hab\u00eda\u2019 un calef\u00f3n, pero fue robado. Es uno de los ocho que ya se han robado hasta ahora.\" width=\"579\" height=\"435\" srcset=\"https:\/\/i0.wp.com\/eltrabajo.cl\/portal\/wp-content\/uploads\/2020\/07\/robos-Calef%C3%B3n.jpg?w=579&amp;ssl=1 579w, https:\/\/i0.wp.com\/eltrabajo.cl\/portal\/wp-content\/uploads\/2020\/07\/robos-Calef%C3%B3n.jpg?resize=300%2C225&amp;ssl=1 300w, https:\/\/i0.wp.com\/eltrabajo.cl\/portal\/wp-content\/uploads\/2020\/07\/robos-Calef%C3%B3n.jpg?resize=200%2C150&amp;ssl=1 200w\" sizes=\"auto, (max-width: 579px) 100vw, 579px\" \/><figcaption id=\"caption-attachment-100255\" class=\"wp-caption-text\">En este lugar \u2018hab\u00eda\u2019 un calef\u00f3n, pero fue robado. Es uno de los ocho que ya se han robado hasta ahora.<\/figcaption><\/figure>\n<figure id=\"attachment_100256\" aria-describedby=\"caption-attachment-100256\" style=\"width: 579px\" class=\"wp-caption aligncenter\"><img data-recalc-dims=\"1\" loading=\"lazy\" decoding=\"async\" class=\"size-full wp-image-100256\" src=\"https:\/\/i0.wp.com\/eltrabajo.cl\/portal\/wp-content\/uploads\/2020\/07\/robos-Cerveza.jpg?resize=579%2C773&#038;ssl=1\" alt=\"Una botella de cerveza delata que hay personas que han ingresado al lugar.\" width=\"579\" height=\"773\" srcset=\"https:\/\/i0.wp.com\/eltrabajo.cl\/portal\/wp-content\/uploads\/2020\/07\/robos-Cerveza.jpg?w=579&amp;ssl=1 579w, https:\/\/i0.wp.com\/eltrabajo.cl\/portal\/wp-content\/uploads\/2020\/07\/robos-Cerveza.jpg?resize=225%2C300&amp;ssl=1 225w, https:\/\/i0.wp.com\/eltrabajo.cl\/portal\/wp-content\/uploads\/2020\/07\/robos-Cerveza.jpg?resize=112%2C150&amp;ssl=1 112w\" sizes=\"auto, (max-width: 579px) 100vw, 579px\" \/><figcaption id=\"caption-attachment-100256\" class=\"wp-caption-text\">Una botella de cerveza delata que hay personas que han ingresado al lugar.<\/figcaption><\/figure>\n","protected":false},"excerpt":{"rendered":"<p>Avenida Diego de Almagro: Propietarios de condominio exigen a Esval y Chilquinta realizar los trabajos que a\u00fan faltan para terminar la obra, pues delincuentes ingresan a robar y causar da\u00f1os, desapareciendo hasta&#8230;<\/p>\n","protected":false},"author":482,"featured_media":100252,"comment_status":"closed","ping_status":"open","sticky":false,"template":"","format":"standard","meta":{"advanced_seo_description":"","jetpack_seo_html_title":"","jetpack_seo_noindex":false,"_jetpack_memberships_contains_paid_content":false,"footnotes":""},"categories":[15],"tags":[],"class_list":["post-100251","post","type-post","status-publish","format-standard","has-post-thumbnail","hentry","category-comunidad"],"jetpack_featured_media_url":"https:\/\/i0.wp.com\/eltrabajo.cl\/portal\/wp-content\/uploads\/2020\/07\/robos-Condominio.jpg?fit=580%2C360&ssl=1","jetpack_sharing_enabled":true,"jetpack_likes_enabled":true,"jetpack-related-posts":[],"_links":{"self":[{"href":"https:\/\/eltrabajo.cl\/portal\/wp-json\/wp\/v2\/posts\/100251","targetHints":{"allow":["GET"]}}],"collection":[{"href":"https:\/\/eltrabajo.cl\/portal\/wp-json\/wp\/v2\/posts"}],"about":[{"href":"https:\/\/eltrabajo.cl\/portal\/wp-json\/wp\/v2\/types\/post"}],"author":[{"embeddable":true,"href":"https:\/\/eltrabajo.cl\/portal\/wp-json\/wp\/v2\/users\/482"}],"replies":[{"embeddable":true,"href":"https:\/\/eltrabajo.cl\/portal\/wp-json\/wp\/v2\/comments?post=100251"}],"version-history":[{"count":0,"href":"https:\/\/eltrabajo.cl\/portal\/wp-json\/wp\/v2\/posts\/100251\/revisions"}],"wp:featuredmedia":[{"embeddable":true,"href":"https:\/\/eltrabajo.cl\/portal\/wp-json\/wp\/v2\/media\/100252"}],"wp:attachment":[{"href":"https:\/\/eltrabajo.cl\/portal\/wp-json\/wp\/v2\/media?parent=100251"}],"wp:term":[{"taxonomy":"category","embeddable":true,"href":"https:\/\/eltrabajo.cl\/portal\/wp-json\/wp\/v2\/categories?post=100251"},{"taxonomy":"post_tag","embeddable":true,"href":"https:\/\/eltrabajo.cl\/portal\/wp-json\/wp\/v2\/tags?post=100251"}],"curies":[{"name":"wp","href":"https:\/\/api.w.org\/{rel}","templated":true}]}}