{"id":100337,"date":"2020-07-05T20:47:13","date_gmt":"2020-07-06T00:47:13","guid":{"rendered":"https:\/\/www.eltrabajo.cl\/portal\/?p=100337"},"modified":"2020-07-05T20:47:13","modified_gmt":"2020-07-06T00:47:13","slug":"con-salvoconductos-falsos-pdi-detiene-a-tres-personas-en-plena-cuarentena","status":"publish","type":"post","link":"https:\/\/eltrabajo.cl\/portal\/con-salvoconductos-falsos-pdi-detiene-a-tres-personas-en-plena-cuarentena\/","title":{"rendered":"Con salvoconductos falsos PDI detiene a tres personas en plena cuarentena"},"content":{"rendered":"<p style=\"text-align: justify;\">Detectives de la Brigada Investigadora de Delitos Econ\u00f3micos (Bridec) de Los Andes, detuvieron a dos sujetos mayores de edad y un menor, por andar portando salvoconductos falsos, infringiendo con ello el Articulo N\u00b0318 del C\u00f3digo Penal y Falsificaci\u00f3n y Uso Malicioso de Documento P\u00fablico flagrante, en el marco de un servicio Covid-19 efectuado en el centro de esta ciudad.<\/p>\n<p style=\"text-align: justify;\">La Informaci\u00f3n fue entregada por el comisario (S) de la Brigada de Delitos Econ\u00f3micos de Los Andes, Oscar Mesa Leiva, quien se\u00f1al\u00f3 lo que \u00ab<em>el d\u00eda de hoy<\/em> (s\u00e1bado) <em>se realizaron fiscalizaciones en el sector c\u00e9ntrico de esta ciudad, fiscalizando a dos personas a quienes se les solicit\u00f3 exhibir su permiso temporal, los cuales al mostrarlos se ve\u00eda claramente que estos ten\u00edan caracter\u00edsticas de adulterado por lo cual se corrobor\u00f3 con el c\u00f3digo QR de los documentos, obteniendo que dichos documentos hab\u00edan sido tramitados con fecha 30 de junio del a\u00f1o 2020 por lo cual se procedi\u00f3 a la detenci\u00f3n de las dos personas por el art\u00edculo 318 del C\u00f3digo Penal y por Falsificaci\u00f3n y Uso malicioso de documentos p\u00fablicos, continuando con las diligencias los funcionarios policiales lograron la individualizaci\u00f3n de una tercera persona, quien habr\u00eda realizado la adulteraci\u00f3n de los documentos desde un tel\u00e9fono celular, por lo cual se procedi\u00f3 a la detenci\u00f3n de esta persona, de estos antecedentes se dio cuenta al Ministerio P\u00fablico, de donde se instruy\u00f3 tomarles declaraci\u00f3n, apercibirlos por el art\u00edculo 26 posteriormente dejados en libertad a espera de ser citados por parte del Ministerio P\u00fablico<\/em>\u00bb, dijo el comisario Oscar Mesa.<\/p>\n<p style=\"text-align: justify;\">Importante se\u00f1alar que hasta el momento se han solicitado 62.000 permisos en el Valle de Aconcagua. Seg\u00fan lo indicado por el propio prefecto de Carabineros, Coronel Jorge Chab\u00e1n.<\/p>\n<p style=\"text-align: justify;\">&#8211; <strong>\u00bfQu\u00e9 dice el art\u00edculo 318 del C\u00f3digo Penal en Chile?<\/strong><\/p>\n<p style=\"text-align: justify;\">&#8211; C\u00f3digo Penal Art\u00edculo 318. El que pusiere en peligro la salud p\u00fablica por infracci\u00f3n de las reglas higi\u00e9nicas o de salubridad, debidamente publicadas por la autoridad, en tiempo de cat\u00e1strofe, epidemia o contagio, ser\u00e1 penado con presidio menor en su grado m\u00ednimo a medio o multa de seis a 200 Unidades Tributarias Mensuales.<\/p>\n<figure id=\"attachment_100338\" aria-describedby=\"caption-attachment-100338\" style=\"width: 580px\" class=\"wp-caption aligncenter\"><img data-recalc-dims=\"1\" loading=\"lazy\" decoding=\"async\" class=\"size-full wp-image-100338\" src=\"https:\/\/i0.wp.com\/eltrabajo.cl\/portal\/wp-content\/uploads\/2020\/07\/Salvoconductos.jpg?resize=580%2C359&#038;ssl=1\" alt=\"El imputado fue detenido por la PDI. (Referencial).\" width=\"580\" height=\"359\" srcset=\"https:\/\/i0.wp.com\/eltrabajo.cl\/portal\/wp-content\/uploads\/2020\/07\/Salvoconductos.jpg?w=580&amp;ssl=1 580w, https:\/\/i0.wp.com\/eltrabajo.cl\/portal\/wp-content\/uploads\/2020\/07\/Salvoconductos.jpg?resize=300%2C186&amp;ssl=1 300w, https:\/\/i0.wp.com\/eltrabajo.cl\/portal\/wp-content\/uploads\/2020\/07\/Salvoconductos.jpg?resize=200%2C124&amp;ssl=1 200w\" sizes=\"auto, (max-width: 580px) 100vw, 580px\" \/><figcaption id=\"caption-attachment-100338\" class=\"wp-caption-text\">El imputado fue detenido por la PDI. (Referencial).<\/figcaption><\/figure>\n","protected":false},"excerpt":{"rendered":"<p>Detectives de la Brigada Investigadora de Delitos Econ\u00f3micos (Bridec) de Los Andes, detuvieron a dos sujetos mayores de edad y un menor, por andar portando salvoconductos falsos, infringiendo con ello el Articulo&#8230;<\/p>\n","protected":false},"author":482,"featured_media":100338,"comment_status":"closed","ping_status":"open","sticky":false,"template":"","format":"standard","meta":{"advanced_seo_description":"","jetpack_seo_html_title":"","jetpack_seo_noindex":false,"_jetpack_memberships_contains_paid_content":false,"footnotes":""},"categories":[21],"tags":[],"class_list":["post-100337","post","type-post","status-publish","format-standard","has-post-thumbnail","hentry","category-policial"],"jetpack_featured_media_url":"https:\/\/i0.wp.com\/eltrabajo.cl\/portal\/wp-content\/uploads\/2020\/07\/Salvoconductos.jpg?fit=580%2C359&ssl=1","jetpack_sharing_enabled":true,"jetpack_likes_enabled":true,"jetpack-related-posts":[],"_links":{"self":[{"href":"https:\/\/eltrabajo.cl\/portal\/wp-json\/wp\/v2\/posts\/100337","targetHints":{"allow":["GET"]}}],"collection":[{"href":"https:\/\/eltrabajo.cl\/portal\/wp-json\/wp\/v2\/posts"}],"about":[{"href":"https:\/\/eltrabajo.cl\/portal\/wp-json\/wp\/v2\/types\/post"}],"author":[{"embeddable":true,"href":"https:\/\/eltrabajo.cl\/portal\/wp-json\/wp\/v2\/users\/482"}],"replies":[{"embeddable":true,"href":"https:\/\/eltrabajo.cl\/portal\/wp-json\/wp\/v2\/comments?post=100337"}],"version-history":[{"count":0,"href":"https:\/\/eltrabajo.cl\/portal\/wp-json\/wp\/v2\/posts\/100337\/revisions"}],"wp:featuredmedia":[{"embeddable":true,"href":"https:\/\/eltrabajo.cl\/portal\/wp-json\/wp\/v2\/media\/100338"}],"wp:attachment":[{"href":"https:\/\/eltrabajo.cl\/portal\/wp-json\/wp\/v2\/media?parent=100337"}],"wp:term":[{"taxonomy":"category","embeddable":true,"href":"https:\/\/eltrabajo.cl\/portal\/wp-json\/wp\/v2\/categories?post=100337"},{"taxonomy":"post_tag","embeddable":true,"href":"https:\/\/eltrabajo.cl\/portal\/wp-json\/wp\/v2\/tags?post=100337"}],"curies":[{"name":"wp","href":"https:\/\/api.w.org\/{rel}","templated":true}]}}