{"id":100367,"date":"2020-07-06T21:10:23","date_gmt":"2020-07-07T01:10:23","guid":{"rendered":"https:\/\/www.eltrabajo.cl\/portal\/?p=100367"},"modified":"2020-07-06T19:25:18","modified_gmt":"2020-07-06T23:25:18","slug":"con-exito-culmina-campana-de-recoleccion-de-alimentos-para-ayudar-a-familias-del-sector","status":"publish","type":"post","link":"https:\/\/eltrabajo.cl\/portal\/con-exito-culmina-campana-de-recoleccion-de-alimentos-para-ayudar-a-familias-del-sector\/","title":{"rendered":"Con \u00e9xito culmina campa\u00f1a de recolecci\u00f3n de alimentos para ayudar a\u00a0 familias del sector"},"content":{"rendered":"<p style=\"text-align: justify;\"><span style=\"color: #c81400;\"><strong>Junta de Vecinos de Algarrobal:<\/strong><\/span><\/p>\n<p style=\"text-align: justify;\">Duplicando la meta que se hab\u00edan impuesto termin\u00f3 la campa\u00f1a de recolecci\u00f3n de alimentos para ayudar a familias que viven en el sector de Algarrobal. Ten\u00edan una meta de 25 canastas familiares y lograron reunir 50 que repartieron entre las distintas familias de esa localidad.<\/p>\n<p style=\"text-align: justify;\">La presidente de la Junta de Vecinos, <strong>Andrea Quijanes<\/strong>, nos coment\u00f3 que la campa\u00f1a comenz\u00f3 el d\u00eda 21 de mayo y termin\u00f3 el 30 del mismo mes, <em>\u00abfecha que era l\u00edmite para que la gente que quisiese cooperar, fuera a dejar a mi domicilio mercader\u00eda, \u00fatiles de aseo y otras personas decidieron cooperar en dinero. Entonces con todo eso, junto a mi sobrina Valentina que me ayud\u00f3 en esto, fuimos al supermercado, compramos las cosas y se hicieron para 50 familias canastas familiares\u00a0 con todo lo que necesitan, as\u00ed es que estoy muy contenta por eso\u00bb,<\/em> dijo.<\/p>\n<p style=\"text-align: justify;\">La dirigente reconoci\u00f3 que hay muchas necesidades en el sector, sum\u00e1ndole el problema de la cesant\u00eda; <em>\u00abahora que est\u00e1 comenzando este mes, est\u00e1 m\u00e1s cr\u00edtica la situaci\u00f3n porque hay mucha gente que trabaja en las parras, en la agricultura y en este tiempo hay poco trabajo, con la lluvia, la pandemia, no todos pueden salir a trabajar, no toda la gente tiene los permisos correspondientes para poder salir a trabajar, entonces se hace m\u00e1s dif\u00edcil\u00bb,<\/em> indic\u00f3 Andrea Quijanes.<\/p>\n<p style=\"text-align: justify;\">&#8211; <strong>A parte de las cajas que entregaron ustedes, \u00bfse han entregado m\u00e1s cajas por parte del gobierno, la municipalidad?<\/strong><\/p>\n<p style=\"text-align: justify;\">&#8211; Aqu\u00ed en El Algarrobal se entregaron las cajas que da el Gobierno Regional, se hizo un barrido, le toc\u00f3 a todas las casas, sin distinci\u00f3n de ficha CAS por decirlo de alguna manera, se entreg\u00f3 a todas las personas.<\/p>\n<p style=\"text-align: justify;\">&#8211; <strong>Otras cajas, como Alimentos para Chile, \u00bfno han llegado?<\/strong><\/p>\n<p style=\"text-align: justify;\">&#8211; No, por lo menos que yo tenga conocimiento, pero la del Gobierno Regional s\u00ed creo que fuimos la segunda localidad beneficiada.<\/p>\n<p style=\"text-align: justify;\">&#8211; <strong>\u00bfCajas de la Municipalidad de San Felipe le han llegado?<\/strong><\/p>\n<p style=\"text-align: justify;\">&#8211; Ehh, no que yo sepa por lo menos, le estar\u00eda mintiendo si le dijera, por lo mismo nos quisimos organizar nosotros como comunidad y ayer (domingo), terminamos de repartir, nos faltaba la parte del cerro de La Virgen y ayer terminamos con eso, as\u00ed es que muy contenta con la confianza que nos depositaron los vecinos en la campa\u00f1a\u2026 muy feliz.<\/p>\n<p style=\"text-align: justify;\">&#8211; <strong>\u00bfQu\u00e9 llevaban las cajas?<\/strong><\/p>\n<p style=\"text-align: justify;\">&#8211; Arroz, fideos, aceite, harina, at\u00fan, confort, muchas llevaban legumbres, la mayor\u00eda llevaba legumbres, se trataron de hacer todas iguales, algunas llevaban una bolsita de detergente, se trat\u00f3 de hacer lo m\u00e1s equitativo, todas iguales. Al menos las primeras 25 que se entregaron llevaban adem\u00e1s papas y cebollas, igual nos queda la segunda parte, tenemos un \u2018saquito\u2019 de harina que nos donaron, entonces con la secretaria de la junta de vecinos vamos a hacer \u2018pancito\u2019 amasado en esta semana yo creo y le vamos a ir a dejar a todos los vecinos que necesitan.<\/p>\n<p style=\"text-align: justify;\">&#8211; <strong>\u00bfHace falta gas para poder cocinar la comida o no?, porque la gente se puede preguntar a prop\u00f3sito de la entrega de mercader\u00eda, \u00bfpero como la cocinan?<\/strong><\/p>\n<p style=\"text-align: justify;\">&#8211; Eso es verdad, uno resuelve un problema a lo mejor de unos d\u00edas de alimento, pero claro hay muchas personas que no tienen para comprar el gas, la mayor\u00eda recurre a hacer fuego, al menos aqu\u00ed pueden subir al cerro y buscar le\u00f1a. Yo creo que esa es la f\u00f3rmula que se est\u00e1 utilizando, tanto para calefacci\u00f3n como para cocinar, porque comprar un bal\u00f3n de gas en esta \u00e9poca igual cuesta, a parte que hay que pagar el agua, la luz, est\u00e1 complicada la situaci\u00f3n para todos.<\/p>\n<p style=\"text-align: justify;\">El sector de Algarrobal queda camino a Putaendo, antes de llegar a Punta El Olivo se debe doblar a la derecha.<\/p>\n<figure id=\"attachment_100368\" aria-describedby=\"caption-attachment-100368\" style=\"width: 580px\" class=\"wp-caption aligncenter\"><img data-recalc-dims=\"1\" loading=\"lazy\" decoding=\"async\" class=\"size-full wp-image-100368\" src=\"https:\/\/i0.wp.com\/eltrabajo.cl\/portal\/wp-content\/uploads\/2020\/07\/Andrea-Quijanes.jpg?resize=580%2C359&#038;ssl=1\" alt=\"Andrea Quijanes junto a su esposo e hijo cuando fue galardonada como dirigente destacada. (Archivo)\" width=\"580\" height=\"359\" srcset=\"https:\/\/i0.wp.com\/eltrabajo.cl\/portal\/wp-content\/uploads\/2020\/07\/Andrea-Quijanes.jpg?w=580&amp;ssl=1 580w, https:\/\/i0.wp.com\/eltrabajo.cl\/portal\/wp-content\/uploads\/2020\/07\/Andrea-Quijanes.jpg?resize=300%2C186&amp;ssl=1 300w, https:\/\/i0.wp.com\/eltrabajo.cl\/portal\/wp-content\/uploads\/2020\/07\/Andrea-Quijanes.jpg?resize=200%2C124&amp;ssl=1 200w\" sizes=\"auto, (max-width: 580px) 100vw, 580px\" \/><figcaption id=\"caption-attachment-100368\" class=\"wp-caption-text\">Andrea Quijanes junto a su esposo e hijo cuando fue galardonada como dirigente destacada. (Archivo)<\/figcaption><\/figure>\n","protected":false},"excerpt":{"rendered":"<p>Junta de Vecinos de Algarrobal: Duplicando la meta que se hab\u00edan impuesto termin\u00f3 la campa\u00f1a de recolecci\u00f3n de alimentos para ayudar a familias que viven en el sector de Algarrobal. Ten\u00edan una&#8230;<\/p>\n","protected":false},"author":482,"featured_media":100368,"comment_status":"closed","ping_status":"open","sticky":false,"template":"","format":"standard","meta":{"advanced_seo_description":"","jetpack_seo_html_title":"","jetpack_seo_noindex":false,"_jetpack_memberships_contains_paid_content":false,"footnotes":""},"categories":[15,105],"tags":[],"class_list":["post-100367","post","type-post","status-publish","format-standard","has-post-thumbnail","hentry","category-comunidad","category-covid-19"],"jetpack_featured_media_url":"https:\/\/i0.wp.com\/eltrabajo.cl\/portal\/wp-content\/uploads\/2020\/07\/Andrea-Quijanes.jpg?fit=580%2C359&ssl=1","jetpack_sharing_enabled":true,"jetpack_likes_enabled":true,"jetpack-related-posts":[],"_links":{"self":[{"href":"https:\/\/eltrabajo.cl\/portal\/wp-json\/wp\/v2\/posts\/100367","targetHints":{"allow":["GET"]}}],"collection":[{"href":"https:\/\/eltrabajo.cl\/portal\/wp-json\/wp\/v2\/posts"}],"about":[{"href":"https:\/\/eltrabajo.cl\/portal\/wp-json\/wp\/v2\/types\/post"}],"author":[{"embeddable":true,"href":"https:\/\/eltrabajo.cl\/portal\/wp-json\/wp\/v2\/users\/482"}],"replies":[{"embeddable":true,"href":"https:\/\/eltrabajo.cl\/portal\/wp-json\/wp\/v2\/comments?post=100367"}],"version-history":[{"count":0,"href":"https:\/\/eltrabajo.cl\/portal\/wp-json\/wp\/v2\/posts\/100367\/revisions"}],"wp:featuredmedia":[{"embeddable":true,"href":"https:\/\/eltrabajo.cl\/portal\/wp-json\/wp\/v2\/media\/100368"}],"wp:attachment":[{"href":"https:\/\/eltrabajo.cl\/portal\/wp-json\/wp\/v2\/media?parent=100367"}],"wp:term":[{"taxonomy":"category","embeddable":true,"href":"https:\/\/eltrabajo.cl\/portal\/wp-json\/wp\/v2\/categories?post=100367"},{"taxonomy":"post_tag","embeddable":true,"href":"https:\/\/eltrabajo.cl\/portal\/wp-json\/wp\/v2\/tags?post=100367"}],"curies":[{"name":"wp","href":"https:\/\/api.w.org\/{rel}","templated":true}]}}