{"id":100382,"date":"2020-07-07T07:50:07","date_gmt":"2020-07-07T11:50:07","guid":{"rendered":"https:\/\/www.eltrabajo.cl\/portal\/?p=100382"},"modified":"2020-07-06T19:33:46","modified_gmt":"2020-07-06T23:33:46","slug":"inician-novena-en-honor-a-la-virgen-del-carmen-pero-por-internet","status":"publish","type":"post","link":"https:\/\/eltrabajo.cl\/portal\/inician-novena-en-honor-a-la-virgen-del-carmen-pero-por-internet\/","title":{"rendered":"Inician Novena en honor a la Virgen del Carmen, pero por Internet"},"content":{"rendered":"<p style=\"text-align: justify;\"><span style=\"color: #c81400;\"><strong>Parroquia de Rinconada de Silva:<\/strong><\/span><\/p>\n<p style=\"text-align: justify;\">Aunque sigamos sometidos a vigilancia continua, seguimiento a los lugares donde vayamos y monitoreo sanitario, lo cierto del caso es que la vida debe continuar como sea posible, es por eso que el p\u00e1rroco de la Parroquia Nuestra Se\u00f1ora del Carmen de Rinconada de Silva, presb\u00edtero <strong>Fabi\u00e1n Rafael Castro Marchant<\/strong>, dio a conocer a <strong>Diario El Trabajo<\/strong> el inicio de la tradicional Novena Carmelitana, que como es tradicional en la parroquia se realiza en el mes de julio.<\/p>\n<p style=\"text-align: justify;\">\u00ab<em>Este a\u00f1o por motivos de la contingencia sanitaria, y siguiendo las recomendaciones e indicaciones de las autoridades, las actividades se han tenido que enmarcar en celebraciones lit\u00fargicas solamente de car\u00e1cter virtual a trav\u00e9s de la plataforma con la que durante toda esta pandemia d\u00eda a d\u00eda se ha realizado la transmisi\u00f3n de la Santa Eucarist\u00eda y la entrega de las informaciones a los agentes de pastoral de toda la jurisdicci\u00f3n parroquial. Estamos en un tiempo en el cual nos hemos tenido que reinventar creativamente, para el dise\u00f1o de nuestras propuestas de evangelizaci\u00f3n y acompa\u00f1amiento y pastoreo de nuestras comunidades, sobre todo en un lugar rural, en donde se ha hecho inminente el uso de las redes sociales, y tambi\u00e9n a trav\u00e9s de la radio local, m\u00e1s escuchada por todos nuestros feligreses, es por ello que estamos profundamente agradecidos de los medios de comunicaci\u00f3n que han cedido tiempo de sus plataformas y programaciones habituales, para poder llegar con el mensaje de consuelo, misericordia y solidaridad que hoy en d\u00eda se requiere inminentemente<\/em>\u00bb, coment\u00f3 Castro a\u00a0 nuestro medio.<\/p>\n<p style=\"text-align: justify;\">Los interesados en participar en estas transmisiones, pueden hacerlo ingresando a: <strong>https:\/\/www.facebook.com\/parroquiarinconada.desilva.92<\/strong><\/p>\n<p style=\"text-align: justify;\">\n<p style=\"text-align: justify;\"><span style=\"color: #c81400;\"><strong>NOVENA DE HONOR<\/strong><\/span><\/p>\n<p style=\"text-align: justify;\">El presb\u00edtero indic\u00f3 tambi\u00e9n que a partir de este martes 7 de julio hasta el jueves 16 de julio, el Consejo Pastoral y el Consejo Econ\u00f3mico Parroquial ha organizado una propuesta diferente para invitar a todos a participar de la tradicional Novena en Honor a la Sant\u00edsima Virgen del Carmen, que es la patrona de la parroquia y de Chile.<\/p>\n<p style=\"text-align: justify;\">Cada tarde a partir de las 19:30 horas se dar\u00e1 inicio a la Santa Misa y la Novena Carmelitana, en vivo a trav\u00e9s del portal virtual Facebook parroquial.<\/p>\n<p style=\"text-align: justify;\"><strong>Roberto Gonz\u00e1lez Short<\/strong><\/p>\n<figure id=\"attachment_100384\" aria-describedby=\"caption-attachment-100384\" style=\"width: 578px\" class=\"wp-caption aligncenter\"><img data-recalc-dims=\"1\" loading=\"lazy\" decoding=\"async\" class=\"size-full wp-image-100384\" src=\"https:\/\/i0.wp.com\/eltrabajo.cl\/portal\/wp-content\/uploads\/2020\/07\/Novena2.jpg?resize=578%2C271&#038;ssl=1\" alt=\"LA NUEVA ERA.- En este portal de la parroquia, en Facebook, nuestros lectores podr\u00e1n ver en Vivo las actividades religiosas.\" width=\"578\" height=\"271\" srcset=\"https:\/\/i0.wp.com\/eltrabajo.cl\/portal\/wp-content\/uploads\/2020\/07\/Novena2.jpg?w=578&amp;ssl=1 578w, https:\/\/i0.wp.com\/eltrabajo.cl\/portal\/wp-content\/uploads\/2020\/07\/Novena2.jpg?resize=300%2C141&amp;ssl=1 300w, https:\/\/i0.wp.com\/eltrabajo.cl\/portal\/wp-content\/uploads\/2020\/07\/Novena2.jpg?resize=200%2C94&amp;ssl=1 200w\" sizes=\"auto, (max-width: 578px) 100vw, 578px\" \/><figcaption id=\"caption-attachment-100384\" class=\"wp-caption-text\">LA NUEVA ERA.- En este portal de la parroquia, en Facebook, nuestros lectores podr\u00e1n ver en Vivo las actividades religiosas.<\/figcaption><\/figure>\n<figure id=\"attachment_100383\" aria-describedby=\"caption-attachment-100383\" style=\"width: 580px\" class=\"wp-caption aligncenter\"><img data-recalc-dims=\"1\" loading=\"lazy\" decoding=\"async\" class=\"size-full wp-image-100383\" src=\"https:\/\/i0.wp.com\/eltrabajo.cl\/portal\/wp-content\/uploads\/2020\/07\/Novena1.jpg?resize=580%2C359&#038;ssl=1\" alt=\"SER\u00c1 POR INTERNET.- Este a\u00f1o la celebraci\u00f3n de \u2018Con Mar\u00eda, la Vida y la Esperanza\u2019 ser\u00e1 realizada por v\u00eda Facebook Live.\" width=\"580\" height=\"359\" srcset=\"https:\/\/i0.wp.com\/eltrabajo.cl\/portal\/wp-content\/uploads\/2020\/07\/Novena1.jpg?w=580&amp;ssl=1 580w, https:\/\/i0.wp.com\/eltrabajo.cl\/portal\/wp-content\/uploads\/2020\/07\/Novena1.jpg?resize=300%2C186&amp;ssl=1 300w, https:\/\/i0.wp.com\/eltrabajo.cl\/portal\/wp-content\/uploads\/2020\/07\/Novena1.jpg?resize=200%2C124&amp;ssl=1 200w\" sizes=\"auto, (max-width: 580px) 100vw, 580px\" \/><figcaption id=\"caption-attachment-100383\" class=\"wp-caption-text\">SER\u00c1 POR INTERNET.- Este a\u00f1o la celebraci\u00f3n de \u2018Con Mar\u00eda, la Vida y la Esperanza\u2019 ser\u00e1 realizada por v\u00eda Facebook Live.<\/figcaption><\/figure>\n<figure id=\"attachment_100385\" aria-describedby=\"caption-attachment-100385\" style=\"width: 580px\" class=\"wp-caption aligncenter\"><img data-recalc-dims=\"1\" loading=\"lazy\" decoding=\"async\" class=\"size-full wp-image-100385\" src=\"https:\/\/i0.wp.com\/eltrabajo.cl\/portal\/wp-content\/uploads\/2020\/07\/Novena_Fabian-Rafael-Castro-Marchant.jpg?resize=580%2C358&#038;ssl=1\" alt=\"P\u00e1rroco de la Parroquia Nuestra Se\u00f1ora del Carmen de Rinconada de Silva, presb\u00edtero Fabi\u00e1n Castro Marchant.\" width=\"580\" height=\"358\" srcset=\"https:\/\/i0.wp.com\/eltrabajo.cl\/portal\/wp-content\/uploads\/2020\/07\/Novena_Fabian-Rafael-Castro-Marchant.jpg?w=580&amp;ssl=1 580w, https:\/\/i0.wp.com\/eltrabajo.cl\/portal\/wp-content\/uploads\/2020\/07\/Novena_Fabian-Rafael-Castro-Marchant.jpg?resize=300%2C185&amp;ssl=1 300w, https:\/\/i0.wp.com\/eltrabajo.cl\/portal\/wp-content\/uploads\/2020\/07\/Novena_Fabian-Rafael-Castro-Marchant.jpg?resize=200%2C123&amp;ssl=1 200w\" sizes=\"auto, (max-width: 580px) 100vw, 580px\" \/><figcaption id=\"caption-attachment-100385\" class=\"wp-caption-text\">P\u00e1rroco de la Parroquia Nuestra Se\u00f1ora del Carmen de Rinconada de Silva, presb\u00edtero Fabi\u00e1n Castro Marchant.<\/figcaption><\/figure>\n","protected":false},"excerpt":{"rendered":"<p>Parroquia de Rinconada de Silva: Aunque sigamos sometidos a vigilancia continua, seguimiento a los lugares donde vayamos y monitoreo sanitario, lo cierto del caso es que la vida debe continuar como sea&#8230;<\/p>\n","protected":false},"author":482,"featured_media":100383,"comment_status":"closed","ping_status":"open","sticky":false,"template":"","format":"standard","meta":{"advanced_seo_description":"","jetpack_seo_html_title":"","jetpack_seo_noindex":false,"_jetpack_memberships_contains_paid_content":false,"footnotes":""},"categories":[15,105],"tags":[],"class_list":["post-100382","post","type-post","status-publish","format-standard","has-post-thumbnail","hentry","category-comunidad","category-covid-19"],"jetpack_featured_media_url":"https:\/\/i0.wp.com\/eltrabajo.cl\/portal\/wp-content\/uploads\/2020\/07\/Novena1.jpg?fit=580%2C359&ssl=1","jetpack_sharing_enabled":true,"jetpack_likes_enabled":true,"jetpack-related-posts":[],"_links":{"self":[{"href":"https:\/\/eltrabajo.cl\/portal\/wp-json\/wp\/v2\/posts\/100382","targetHints":{"allow":["GET"]}}],"collection":[{"href":"https:\/\/eltrabajo.cl\/portal\/wp-json\/wp\/v2\/posts"}],"about":[{"href":"https:\/\/eltrabajo.cl\/portal\/wp-json\/wp\/v2\/types\/post"}],"author":[{"embeddable":true,"href":"https:\/\/eltrabajo.cl\/portal\/wp-json\/wp\/v2\/users\/482"}],"replies":[{"embeddable":true,"href":"https:\/\/eltrabajo.cl\/portal\/wp-json\/wp\/v2\/comments?post=100382"}],"version-history":[{"count":0,"href":"https:\/\/eltrabajo.cl\/portal\/wp-json\/wp\/v2\/posts\/100382\/revisions"}],"wp:featuredmedia":[{"embeddable":true,"href":"https:\/\/eltrabajo.cl\/portal\/wp-json\/wp\/v2\/media\/100383"}],"wp:attachment":[{"href":"https:\/\/eltrabajo.cl\/portal\/wp-json\/wp\/v2\/media?parent=100382"}],"wp:term":[{"taxonomy":"category","embeddable":true,"href":"https:\/\/eltrabajo.cl\/portal\/wp-json\/wp\/v2\/categories?post=100382"},{"taxonomy":"post_tag","embeddable":true,"href":"https:\/\/eltrabajo.cl\/portal\/wp-json\/wp\/v2\/tags?post=100382"}],"curies":[{"name":"wp","href":"https:\/\/api.w.org\/{rel}","templated":true}]}}