{"id":100412,"date":"2020-07-08T07:45:10","date_gmt":"2020-07-08T11:45:10","guid":{"rendered":"https:\/\/www.eltrabajo.cl\/portal\/?p=100412"},"modified":"2020-07-07T19:26:58","modified_gmt":"2020-07-07T23:26:58","slug":"chocan-colectivo-y-auto-menor-en-la-esquina-de-yungay-y-ohiggins","status":"publish","type":"post","link":"https:\/\/eltrabajo.cl\/portal\/chocan-colectivo-y-auto-menor-en-la-esquina-de-yungay-y-ohiggins\/","title":{"rendered":"Chocan colectivo y auto menor en la esquina de Yungay y O\u2019Higgins"},"content":{"rendered":"<p style=\"text-align: justify;\"><span style=\"color: #c81400;\"><strong>Una mujer lesionada llevada al San Camilo:<\/strong><\/span><\/p>\n<p style=\"text-align: justify;\">Lo que aparenta haber sido el no respetar un disco Pare por parte del conductor de un colectivo sanfelipe\u00f1o en las avenidas Yungay con O\u2019Higgins, este martes a las 13:20 horas, habr\u00eda sido lo que gener\u00f3 el choque que recibi\u00f3 un auto menor que ven\u00eda con el derecho de v\u00eda por O\u2019Higgins.<\/p>\n<p style=\"text-align: justify;\">La colisi\u00f3n gener\u00f3 una persona herida, la madre de uno de los ocupantes del veh\u00edculo menor, quien fue trasladada en una ambulancia del Hospital San Camilo. Los da\u00f1os en carrocer\u00eda los sufri\u00f3 en el parachoques el colectivo, y en su costado izquierdo el veh\u00edculo menor, no report\u00e1ndose heridos de consideraci\u00f3n.<\/p>\n<figure id=\"attachment_100414\" aria-describedby=\"caption-attachment-100414\" style=\"width: 580px\" class=\"wp-caption aligncenter\"><img data-recalc-dims=\"1\" loading=\"lazy\" decoding=\"async\" class=\"size-full wp-image-100414\" src=\"https:\/\/i0.wp.com\/eltrabajo.cl\/portal\/wp-content\/uploads\/2020\/07\/Choque2.jpg?resize=580%2C359&#038;ssl=1\" alt=\"SIN HERIDOS GRAVES.- Al fondo se aprecia el auto menor en media calle, tras el violento giro generado por el impacto.\" width=\"580\" height=\"359\" srcset=\"https:\/\/i0.wp.com\/eltrabajo.cl\/portal\/wp-content\/uploads\/2020\/07\/Choque2.jpg?w=580&amp;ssl=1 580w, https:\/\/i0.wp.com\/eltrabajo.cl\/portal\/wp-content\/uploads\/2020\/07\/Choque2.jpg?resize=300%2C186&amp;ssl=1 300w, https:\/\/i0.wp.com\/eltrabajo.cl\/portal\/wp-content\/uploads\/2020\/07\/Choque2.jpg?resize=200%2C124&amp;ssl=1 200w\" sizes=\"auto, (max-width: 580px) 100vw, 580px\" \/><figcaption id=\"caption-attachment-100414\" class=\"wp-caption-text\">SIN HERIDOS GRAVES.- Al fondo se aprecia el auto menor en media calle, tras el violento giro generado por el impacto.<\/figcaption><\/figure>\n<figure id=\"attachment_100413\" aria-describedby=\"caption-attachment-100413\" style=\"width: 580px\" class=\"wp-caption aligncenter\"><img data-recalc-dims=\"1\" loading=\"lazy\" decoding=\"async\" class=\"size-full wp-image-100413\" src=\"https:\/\/i0.wp.com\/eltrabajo.cl\/portal\/wp-content\/uploads\/2020\/07\/Choque1.jpg?resize=580%2C360&#038;ssl=1\" alt=\"DA\u00d1OS MATERIALES.- As\u00ed qued\u00f3 el colectivo tras colisionar con el auto menor, el golpe lo hizo retroceder varios metros.\" width=\"580\" height=\"360\" srcset=\"https:\/\/i0.wp.com\/eltrabajo.cl\/portal\/wp-content\/uploads\/2020\/07\/Choque1.jpg?w=580&amp;ssl=1 580w, https:\/\/i0.wp.com\/eltrabajo.cl\/portal\/wp-content\/uploads\/2020\/07\/Choque1.jpg?resize=300%2C186&amp;ssl=1 300w, https:\/\/i0.wp.com\/eltrabajo.cl\/portal\/wp-content\/uploads\/2020\/07\/Choque1.jpg?resize=200%2C124&amp;ssl=1 200w\" sizes=\"auto, (max-width: 580px) 100vw, 580px\" \/><figcaption id=\"caption-attachment-100413\" class=\"wp-caption-text\">DA\u00d1OS MATERIALES.- As\u00ed qued\u00f3 el colectivo tras colisionar con el auto menor, el golpe lo hizo retroceder varios metros.<\/figcaption><\/figure>\n<figure id=\"attachment_100415\" aria-describedby=\"caption-attachment-100415\" style=\"width: 580px\" class=\"wp-caption aligncenter\"><img data-recalc-dims=\"1\" loading=\"lazy\" decoding=\"async\" class=\"size-full wp-image-100415\" src=\"https:\/\/i0.wp.com\/eltrabajo.cl\/portal\/wp-content\/uploads\/2020\/07\/Choque3.jpg?resize=580%2C359&#038;ssl=1\" alt=\"UN DESCUIDO.- Carabineros se hizo cargo de la escena, los da\u00f1os del colectivo saltan a la vista.\" width=\"580\" height=\"359\" srcset=\"https:\/\/i0.wp.com\/eltrabajo.cl\/portal\/wp-content\/uploads\/2020\/07\/Choque3.jpg?w=580&amp;ssl=1 580w, https:\/\/i0.wp.com\/eltrabajo.cl\/portal\/wp-content\/uploads\/2020\/07\/Choque3.jpg?resize=300%2C186&amp;ssl=1 300w, https:\/\/i0.wp.com\/eltrabajo.cl\/portal\/wp-content\/uploads\/2020\/07\/Choque3.jpg?resize=200%2C124&amp;ssl=1 200w\" sizes=\"auto, (max-width: 580px) 100vw, 580px\" \/><figcaption id=\"caption-attachment-100415\" class=\"wp-caption-text\">UN DESCUIDO.- Carabineros se hizo cargo de la escena, los da\u00f1os del colectivo saltan a la vista.<\/figcaption><\/figure>\n","protected":false},"excerpt":{"rendered":"<p>Una mujer lesionada llevada al San Camilo: Lo que aparenta haber sido el no respetar un disco Pare por parte del conductor de un colectivo sanfelipe\u00f1o en las avenidas Yungay con O\u2019Higgins,&#8230;<\/p>\n","protected":false},"author":482,"featured_media":100414,"comment_status":"closed","ping_status":"open","sticky":false,"template":"","format":"standard","meta":{"advanced_seo_description":"","jetpack_seo_html_title":"","jetpack_seo_noindex":false,"_jetpack_memberships_contains_paid_content":false,"footnotes":""},"categories":[21],"tags":[],"class_list":["post-100412","post","type-post","status-publish","format-standard","has-post-thumbnail","hentry","category-policial"],"jetpack_featured_media_url":"https:\/\/i0.wp.com\/eltrabajo.cl\/portal\/wp-content\/uploads\/2020\/07\/Choque2.jpg?fit=580%2C359&ssl=1","jetpack_sharing_enabled":true,"jetpack_likes_enabled":true,"jetpack-related-posts":[],"_links":{"self":[{"href":"https:\/\/eltrabajo.cl\/portal\/wp-json\/wp\/v2\/posts\/100412","targetHints":{"allow":["GET"]}}],"collection":[{"href":"https:\/\/eltrabajo.cl\/portal\/wp-json\/wp\/v2\/posts"}],"about":[{"href":"https:\/\/eltrabajo.cl\/portal\/wp-json\/wp\/v2\/types\/post"}],"author":[{"embeddable":true,"href":"https:\/\/eltrabajo.cl\/portal\/wp-json\/wp\/v2\/users\/482"}],"replies":[{"embeddable":true,"href":"https:\/\/eltrabajo.cl\/portal\/wp-json\/wp\/v2\/comments?post=100412"}],"version-history":[{"count":0,"href":"https:\/\/eltrabajo.cl\/portal\/wp-json\/wp\/v2\/posts\/100412\/revisions"}],"wp:featuredmedia":[{"embeddable":true,"href":"https:\/\/eltrabajo.cl\/portal\/wp-json\/wp\/v2\/media\/100414"}],"wp:attachment":[{"href":"https:\/\/eltrabajo.cl\/portal\/wp-json\/wp\/v2\/media?parent=100412"}],"wp:term":[{"taxonomy":"category","embeddable":true,"href":"https:\/\/eltrabajo.cl\/portal\/wp-json\/wp\/v2\/categories?post=100412"},{"taxonomy":"post_tag","embeddable":true,"href":"https:\/\/eltrabajo.cl\/portal\/wp-json\/wp\/v2\/tags?post=100412"}],"curies":[{"name":"wp","href":"https:\/\/api.w.org\/{rel}","templated":true}]}}