{"id":100417,"date":"2020-07-08T07:50:12","date_gmt":"2020-07-08T11:50:12","guid":{"rendered":"https:\/\/www.eltrabajo.cl\/portal\/?p=100417"},"modified":"2020-07-07T19:29:01","modified_gmt":"2020-07-07T23:29:01","slug":"eliminaran-estacionamientos-del-centro-para-evitar-afluencia-de-publico","status":"publish","type":"post","link":"https:\/\/eltrabajo.cl\/portal\/eliminaran-estacionamientos-del-centro-para-evitar-afluencia-de-publico\/","title":{"rendered":"Eliminar\u00e1n estacionamientos del centro para evitar afluencia de p\u00fablico"},"content":{"rendered":"<p style=\"text-align: justify;\"><span style=\"color: #c81400;\"><strong>Administrador municipal Patricio Gonz\u00e1lez anunci\u00f3 diversas medidas:<\/strong><\/span><\/p>\n<p style=\"text-align: justify;\">Varios fueron los temas abordados por el administrador municipal de San Felipe <strong>Patricio Gonz\u00e1lez N\u00fa\u00f1ez<\/strong>, quien la ma\u00f1ana de este martes habl\u00f3 con <strong>Diario El Trabajo<\/strong> para referirse a la entrega de cajas con mercader\u00eda, cierre de estacionamiento en algunas calles del centro de la ciudad, y tambi\u00e9n el tema de los locales que venden licores.<\/p>\n<p style=\"text-align: justify;\">\u00ab<em>La verdad es que en las reuniones que hemos sostenido con autoridades de Gobernaci\u00f3n, militares y Servicio de Salud, se han pedido algunas medidas que apunten a desincentivar a los sanfelipe\u00f1os a venir al centro de la ciudad a realizar compras que no son de urgencia, y de alguna u otra manera se nos ha pedido que realicemos el cierre de la Plaza de Armas; hoy d\u00eda hacerlo es complejo, esto porque tambi\u00e9n se requiere hoy d\u00eda el ingreso para temas esenciales, por lo que no se pueden cerrar las cuatro esquinas de la Plaza de Armas, lo que s\u00ed vamos a hacer a partir de este mi\u00e9rcoles por v\u00eda Decreto, es eliminar algunos de los estacionamientos de algunas de las calles principales como Merced, Coimas y Prat. Prat solamente al costado de la Plaza de Armas, no al costado de la catedral para dejar algunos espacios para el uso de los bancos, y del lado de Salinas vamos a dejar hasta las 13:30 los estacionamientos, porque la gran mayor\u00eda los utilizan los municipales y despu\u00e9s de esa hora no se permitir\u00e1 estacionar, todo esto como medida de intentar desincentivar el uso del centro de San Felipe; Merced tambi\u00e9n, todo el lado de la Plaza de Armas se quedar\u00eda sin estacionamientos, se usar\u00e1n vallas papales y el uso de Carabineros fiscalice esos sectores<\/em>\u00bb, dijo Gonz\u00e1lez.<\/p>\n<p style=\"text-align: justify;\">&#8211; <strong>\u00bfC\u00f3mo estamos a nivel comunal con el tema del desempleo y la Cuarentena?<\/strong><\/p>\n<p style=\"text-align: justify;\">&#8211; Efectivamente hoy d\u00eda tenemos una mayor cantidad de solicitudes de ayuda social que antes no las ten\u00edamos, la situaci\u00f3n de la pandemia ha generado el desempleo aumente en nuestra comuna, lo evidenciamos adem\u00e1s de las cifras que entrega el Gobierno de desempleo casi del 13% que es una cifra bastante dif\u00edcil e hist\u00f3rica en este sentido, por lo tanto solicitamos a la gente que entienda que estas son medidas que si bien es cierto afecta los ingresos de las familias, a\u00fan as\u00ed se requiere llevar adelante el control de las medidas sanitarias que es lo que hoy d\u00eda est\u00e1 en juego. Lamentablemente esta situaci\u00f3n ha desbordado un poco la cobertura sanitaria hospitalaria y eso es efectivo por lo tanto hoy d\u00eda la cantidad de camas que hay a disposici\u00f3n para situaciones de emergencias que requieran entubaci\u00f3n, son m\u00ednimas, tenemos casi el 90% promedio de las camas utilizadas, por lo tanto la medida de la Cuarentena Obligatoria es una medida que se requer\u00eda con urgencia, por lo tanto adem\u00e1s de valorarla en ese sentido creemos que se mantendr\u00e1 en el tiempo porque los n\u00fameros de contagio no han bajado considerablemente ni han sido constantes en la baja, para esto se requiere de la paciencia de la gente para soportar en el tiempo al menos unas dos semanas m\u00e1s.<\/p>\n<p style=\"text-align: justify;\">&#8211; <strong>Hay reclamos en la Juan Pablo II, los vecinos reclaman \u2018las cajas del Gobierno\u2019, \u00bfcu\u00e1les son esas cajas?<\/strong><\/p>\n<p style=\"text-align: justify;\">&#8211; Este tema de las cajas ha sido cuestionado, el tema de la ayuda social y las cajas de mercader\u00eda. Hoy d\u00eda nosotros llevamos m\u00e1s de 14.000 cajas entregadas y creo que para la pr\u00f3xima semana no tendremos ya m\u00e1s cajas para repartir, por lo tanto estamos haciendo el llamado a las autoridades correspondientes. Yo s\u00e9 que se est\u00e1 discutiendo si se contin\u00faa como pol\u00edtica de ayuda social la entrega de estas cajas, creemos que s\u00ed es necesario, hemos solicitado m\u00e1s aporte en ese sentido en el Municipio tenemos la capacidad de entregar esta ayuda social y por supuesto que se hace relevante continuar en la entrega de estos recursos (\u2026) Con el tema de las cajas que reclaman las familias en Villa Juan Pablo II, debo explicar que ah\u00ed hay una confusi\u00f3n, los recursos que se entregaron a nivel regional a los municipios para la ayuda de cajas de mercader\u00eda son una, a eso nosotros como Municipio compramos 10.000 cajas y ya tenemos 5.000 repartidas, y la otra ayuda que lleg\u00f3 del Gobierno son casi 17.000 cajas de las que ya tenemos repartidas m\u00e1s de 10.000, eso es Gobierno Central, por lo tanto la gente debiese comprender que indistintamente todas estas cajas son Cajas del Gobierno al final.<\/p>\n<p style=\"text-align: justify;\"><strong>Roberto Gonz\u00e1lez Short<\/strong><\/p>\n<figure id=\"attachment_100418\" aria-describedby=\"caption-attachment-100418\" style=\"width: 580px\" class=\"wp-caption aligncenter\"><img data-recalc-dims=\"1\" loading=\"lazy\" decoding=\"async\" class=\"size-full wp-image-100418\" src=\"https:\/\/i0.wp.com\/eltrabajo.cl\/portal\/wp-content\/uploads\/2020\/07\/Generales1.jpg?resize=580%2C359&#038;ssl=1\" alt=\"NO M\u00c1S ESTACIONAMIENTOS.- Este escenario cambiar\u00e1 en los pr\u00f3ximos d\u00edas en el centro de San Felipe, cuando eliminen estacionamientos en calles Prat, Merced y Coimas.\" width=\"580\" height=\"359\" srcset=\"https:\/\/i0.wp.com\/eltrabajo.cl\/portal\/wp-content\/uploads\/2020\/07\/Generales1.jpg?w=580&amp;ssl=1 580w, https:\/\/i0.wp.com\/eltrabajo.cl\/portal\/wp-content\/uploads\/2020\/07\/Generales1.jpg?resize=300%2C186&amp;ssl=1 300w, https:\/\/i0.wp.com\/eltrabajo.cl\/portal\/wp-content\/uploads\/2020\/07\/Generales1.jpg?resize=200%2C124&amp;ssl=1 200w\" sizes=\"auto, (max-width: 580px) 100vw, 580px\" \/><figcaption id=\"caption-attachment-100418\" class=\"wp-caption-text\">NO M\u00c1S ESTACIONAMIENTOS.- Este escenario cambiar\u00e1 en los pr\u00f3ximos d\u00edas en el centro de San Felipe, cuando eliminen estacionamientos en calles Prat, Merced y Coimas.<\/figcaption><\/figure>\n<figure id=\"attachment_100420\" aria-describedby=\"caption-attachment-100420\" style=\"width: 580px\" class=\"wp-caption aligncenter\"><img data-recalc-dims=\"1\" loading=\"lazy\" decoding=\"async\" class=\"size-full wp-image-100420\" src=\"https:\/\/i0.wp.com\/eltrabajo.cl\/portal\/wp-content\/uploads\/2020\/07\/Generales_Patricio-Gonzalez.jpg?resize=580%2C600&#038;ssl=1\" alt=\"Patricio Gonz\u00e1lez N\u00fa\u00f1ez, administrador municipal de San Felipe.\" width=\"580\" height=\"600\" srcset=\"https:\/\/i0.wp.com\/eltrabajo.cl\/portal\/wp-content\/uploads\/2020\/07\/Generales_Patricio-Gonzalez.jpg?w=580&amp;ssl=1 580w, https:\/\/i0.wp.com\/eltrabajo.cl\/portal\/wp-content\/uploads\/2020\/07\/Generales_Patricio-Gonzalez.jpg?resize=290%2C300&amp;ssl=1 290w, https:\/\/i0.wp.com\/eltrabajo.cl\/portal\/wp-content\/uploads\/2020\/07\/Generales_Patricio-Gonzalez.jpg?resize=145%2C150&amp;ssl=1 145w\" sizes=\"auto, (max-width: 580px) 100vw, 580px\" \/><figcaption id=\"caption-attachment-100420\" class=\"wp-caption-text\">Patricio Gonz\u00e1lez N\u00fa\u00f1ez, administrador municipal de San Felipe.<\/figcaption><\/figure>\n<figure id=\"attachment_100419\" aria-describedby=\"caption-attachment-100419\" style=\"width: 577px\" class=\"wp-caption aligncenter\"><img data-recalc-dims=\"1\" loading=\"lazy\" decoding=\"async\" class=\"size-full wp-image-100419\" src=\"https:\/\/i0.wp.com\/eltrabajo.cl\/portal\/wp-content\/uploads\/2020\/07\/Generales2.jpg?resize=577%2C600&#038;ssl=1\" alt=\"RECLAMOS NOCTURNOS.- En Villa Juan Pablo II esta semana hubo reclamos por las \u2018cajas del Gobierno\u2019, pero el administrador municipal Patricio Gonz\u00e1lez asegura que ya est\u00e1n siendo entregadas.\" width=\"577\" height=\"600\" srcset=\"https:\/\/i0.wp.com\/eltrabajo.cl\/portal\/wp-content\/uploads\/2020\/07\/Generales2.jpg?w=577&amp;ssl=1 577w, https:\/\/i0.wp.com\/eltrabajo.cl\/portal\/wp-content\/uploads\/2020\/07\/Generales2.jpg?resize=289%2C300&amp;ssl=1 289w, https:\/\/i0.wp.com\/eltrabajo.cl\/portal\/wp-content\/uploads\/2020\/07\/Generales2.jpg?resize=144%2C150&amp;ssl=1 144w\" sizes=\"auto, (max-width: 577px) 100vw, 577px\" \/><figcaption id=\"caption-attachment-100419\" class=\"wp-caption-text\">RECLAMOS NOCTURNOS.- En Villa Juan Pablo II esta semana hubo reclamos por las \u2018cajas del Gobierno\u2019, pero el administrador municipal Patricio Gonz\u00e1lez asegura que ya est\u00e1n siendo entregadas.<\/figcaption><\/figure>\n","protected":false},"excerpt":{"rendered":"<p>Administrador municipal Patricio Gonz\u00e1lez anunci\u00f3 diversas medidas: Varios fueron los temas abordados por el administrador municipal de San Felipe Patricio Gonz\u00e1lez N\u00fa\u00f1ez, quien la ma\u00f1ana de este martes habl\u00f3 con Diario El&#8230;<\/p>\n","protected":false},"author":482,"featured_media":100418,"comment_status":"closed","ping_status":"open","sticky":false,"template":"","format":"standard","meta":{"advanced_seo_description":"","jetpack_seo_html_title":"","jetpack_seo_noindex":false,"_jetpack_memberships_contains_paid_content":false,"footnotes":""},"categories":[105,103],"tags":[],"class_list":["post-100417","post","type-post","status-publish","format-standard","has-post-thumbnail","hentry","category-covid-19","category-cronica-2"],"jetpack_featured_media_url":"https:\/\/i0.wp.com\/eltrabajo.cl\/portal\/wp-content\/uploads\/2020\/07\/Generales1.jpg?fit=580%2C359&ssl=1","jetpack_sharing_enabled":true,"jetpack_likes_enabled":true,"jetpack-related-posts":[],"_links":{"self":[{"href":"https:\/\/eltrabajo.cl\/portal\/wp-json\/wp\/v2\/posts\/100417","targetHints":{"allow":["GET"]}}],"collection":[{"href":"https:\/\/eltrabajo.cl\/portal\/wp-json\/wp\/v2\/posts"}],"about":[{"href":"https:\/\/eltrabajo.cl\/portal\/wp-json\/wp\/v2\/types\/post"}],"author":[{"embeddable":true,"href":"https:\/\/eltrabajo.cl\/portal\/wp-json\/wp\/v2\/users\/482"}],"replies":[{"embeddable":true,"href":"https:\/\/eltrabajo.cl\/portal\/wp-json\/wp\/v2\/comments?post=100417"}],"version-history":[{"count":0,"href":"https:\/\/eltrabajo.cl\/portal\/wp-json\/wp\/v2\/posts\/100417\/revisions"}],"wp:featuredmedia":[{"embeddable":true,"href":"https:\/\/eltrabajo.cl\/portal\/wp-json\/wp\/v2\/media\/100418"}],"wp:attachment":[{"href":"https:\/\/eltrabajo.cl\/portal\/wp-json\/wp\/v2\/media?parent=100417"}],"wp:term":[{"taxonomy":"category","embeddable":true,"href":"https:\/\/eltrabajo.cl\/portal\/wp-json\/wp\/v2\/categories?post=100417"},{"taxonomy":"post_tag","embeddable":true,"href":"https:\/\/eltrabajo.cl\/portal\/wp-json\/wp\/v2\/tags?post=100417"}],"curies":[{"name":"wp","href":"https:\/\/api.w.org\/{rel}","templated":true}]}}