{"id":100422,"date":"2020-07-08T07:55:14","date_gmt":"2020-07-08T11:55:14","guid":{"rendered":"https:\/\/www.eltrabajo.cl\/portal\/?p=100422"},"modified":"2020-07-07T19:32:28","modified_gmt":"2020-07-07T23:32:28","slug":"vecino-instalo-varios-verduleros-solidarios-gratuitos-en-villa-el-senorial","status":"publish","type":"post","link":"https:\/\/eltrabajo.cl\/portal\/vecino-instalo-varios-verduleros-solidarios-gratuitos-en-villa-el-senorial\/","title":{"rendered":"Vecino instal\u00f3 varios Verduleros Solidarios gratuitos en Villa El Se\u00f1orial"},"content":{"rendered":"<p style=\"text-align: justify;\"><span style=\"color: #c81400;\"><strong>Funcionan los viernes de 9:00 a 17:00 horas:<\/strong><\/span><\/p>\n<p style=\"text-align: justify;\">Siguen los vecinos de San Felipe sacando lo mejor de s\u00ed mismos siempre en beneficio de quienes necesitan apoyo para salir adelante cada d\u00eda ante esta inclemente Cuarentena Obligatoria, extrema medida que aceptamos a fin de lograr disminuir la tasa de contagios por Coronavirus en nuestra comuna. En este caso tenemos otro ejemplo de solidaridad y audacia para ofrecer verduras a sus vecinos de manera digna y ordenada.<\/p>\n<p style=\"text-align: justify;\">Se trata de un Verdulero Solidario, mismo que todos los viernes es instalado en la plazoleta de Villa El Se\u00f1orial, detr\u00e1s de los locales comerciales. Son varios estantes de madera hechos para el singular prop\u00f3sito, en el que cualquier persona puede llegar y llevarse huevos, papas, zanahorias, cebollas y hasta llenar una botella de cloro, todo gratis y sin solicitar a cambio un peso.<\/p>\n<p style=\"text-align: justify;\">\n<p style=\"text-align: justify;\"><span style=\"color: #c81400;\"><strong>BRILLANTE IDEA<\/strong><\/span><\/p>\n<p style=\"text-align: justify;\">La idea que tuvo <strong>H\u00e9ctor Hormaz\u00e1bal Villarroel<\/strong> dice relaci\u00f3n con la empat\u00eda que \u00e9l y su familia expresan a trav\u00e9s de la acci\u00f3n, m\u00e1s all\u00e1 de las palabras: <em>\u00abEl tema o la idea de instalar este Verdulero Solidario naci\u00f3 luego que particip\u00e9 ayudando a una familia que ten\u00eda Coronavirus, les llevamos verduras porque ellos no pod\u00edan salir a comprar, con mi se\u00f1ora entonces ideamos ayudar con verduras a la gente<\/em>\u00bb, dijo Hormaz\u00e1bal a <strong>Diario El Trabajo<\/strong>.<\/p>\n<p style=\"text-align: justify;\">&#8211; <strong>\u00bfC\u00f3mo\u00a0 iniciaste con el proyecto?<\/strong><\/p>\n<p style=\"text-align: justify;\">&#8211; Al principio no sab\u00eda c\u00f3mo, tambi\u00e9n ten\u00eda miedo de contagiarme pues tengo un beb\u00e9 de casi dos a\u00f1os, fue entonces cuando se me ocurri\u00f3 la idea del verdulero. Empezamos con uno, el primer verdulero lo compr\u00e9 en Santa Mar\u00eda, lo instal\u00e9 frente a mi casa en calle Marta Haramboure 1780. Yo pensaba que la gente no sacar\u00eda verduras para llevar, no dimension\u00e9 lo que pasar\u00eda.<\/p>\n<p style=\"text-align: justify;\">&#8211; <strong>\u00bfC\u00f3mo reaccionaron los vecinos con el Verdulero Solidario?<\/strong><\/p>\n<p style=\"text-align: justify;\">&#8211; Bueno para instalarlo compr\u00e9 un saco de papas, uno de zanahorias y una malla de cebollas. Esto fue a las 9 de la ma\u00f1ana, cuando sal\u00ed como a las 11 a ver c\u00f3mo estaba el verdulero me lo encontr\u00e9 casi vac\u00edo. Ah\u00ed me di cuenta lo mucho que est\u00e1 afectando esta Pandemia a las personas, siendo que El Se\u00f1orial no es un sector tan vulnerable y a\u00fan as\u00ed la gente tambi\u00e9n est\u00e1 siendo afectada.<\/p>\n<p style=\"text-align: justify;\">&#8211; <strong>\u00bfQu\u00e9 reacciones hubo en Redes Sociales?<\/strong><\/p>\n<p style=\"text-align: justify;\">&#8211; Por Facebook supe que los vecinos empezaron a subir fotos del verdulero y preguntaban qui\u00e9n era el que lo instal\u00f3, algunos lo llamaban \u2018El Vecino Solidario\u2019 porque no sab\u00edan que era yo. A los d\u00edas mis amigos reconocieron mi casa y me animaron a que lo hiciera p\u00fablico para que la gente ayude tambi\u00e9n.<\/p>\n<p style=\"text-align: justify;\">&#8211; <strong>\u00bfEs verdad que tambi\u00e9n est\u00e1s regalando cloro a los vecinos en la misma modalidad?<\/strong><\/p>\n<p style=\"text-align: justify;\">&#8211; Es cierto, el tema es que yo trabajo vendiendo qu\u00edmicos para piscinas y d\u00e1ndoles mantenimiento, adem\u00e1s de venta de art\u00edculos de aseo. As\u00ed que con un amigo adaptamos unos tarros para entregar cloro dom\u00e9stico.<\/p>\n<p style=\"text-align: justify;\">&#8211; <strong>\u00bfQu\u00e9 d\u00edas y en qu\u00e9 horario instalan este Verdulero Solidario?<\/strong><\/p>\n<p style=\"text-align: justify;\">&#8211; Lo instalamos los d\u00edas viernes en la plazoleta de Villa El Se\u00f1orial, detr\u00e1s de los locales comerciales, lo instalamos a las 9 de la ma\u00f1ana hasta las 17:00 horas. Si se acaban las verduras o el cloro, igual los llenamos de nuevo. Que lleven guantes las personas, envase de cloro, no de bebida. La idea es que otras personas apoyen este proyecto con frutas y verduras, los interesados pueden llamarme al <strong>+56 9 6638 4713<\/strong>.<\/p>\n<p style=\"text-align: justify;\"><strong>Roberto Gonz\u00e1lez Short<\/strong><\/p>\n<figure id=\"attachment_100423\" aria-describedby=\"caption-attachment-100423\" style=\"width: 580px\" class=\"wp-caption aligncenter\"><img data-recalc-dims=\"1\" loading=\"lazy\" decoding=\"async\" class=\"size-full wp-image-100423\" src=\"https:\/\/i0.wp.com\/eltrabajo.cl\/portal\/wp-content\/uploads\/2020\/07\/Verdulero1.jpg?resize=580%2C360&#038;ssl=1\" alt=\"BENDITAS VERDURAS.- Las c\u00e1maras de Diario El Trabajo registraron este martes el comportamiento de los vecinos en relaci\u00f3n al Verdulero Solidario.\" width=\"580\" height=\"360\" srcset=\"https:\/\/i0.wp.com\/eltrabajo.cl\/portal\/wp-content\/uploads\/2020\/07\/Verdulero1.jpg?w=580&amp;ssl=1 580w, https:\/\/i0.wp.com\/eltrabajo.cl\/portal\/wp-content\/uploads\/2020\/07\/Verdulero1.jpg?resize=300%2C186&amp;ssl=1 300w, https:\/\/i0.wp.com\/eltrabajo.cl\/portal\/wp-content\/uploads\/2020\/07\/Verdulero1.jpg?resize=200%2C124&amp;ssl=1 200w\" sizes=\"auto, (max-width: 580px) 100vw, 580px\" \/><figcaption id=\"caption-attachment-100423\" class=\"wp-caption-text\">BENDITAS VERDURAS.- Las c\u00e1maras de Diario El Trabajo registraron este martes el comportamiento de los vecinos en relaci\u00f3n al Verdulero Solidario.<\/figcaption><\/figure>\n<figure id=\"attachment_100425\" aria-describedby=\"caption-attachment-100425\" style=\"width: 580px\" class=\"wp-caption aligncenter\"><img data-recalc-dims=\"1\" loading=\"lazy\" decoding=\"async\" class=\"size-full wp-image-100425\" src=\"https:\/\/i0.wp.com\/eltrabajo.cl\/portal\/wp-content\/uploads\/2020\/07\/Verdulero3.jpg?resize=580%2C360&#038;ssl=1\" alt=\"VERDULERO SOLIDARIO.- El mensaje y la forma de funcionar es bien claro: \u2018Tome lo que necesite vecino\u2019.\" width=\"580\" height=\"360\" srcset=\"https:\/\/i0.wp.com\/eltrabajo.cl\/portal\/wp-content\/uploads\/2020\/07\/Verdulero3.jpg?w=580&amp;ssl=1 580w, https:\/\/i0.wp.com\/eltrabajo.cl\/portal\/wp-content\/uploads\/2020\/07\/Verdulero3.jpg?resize=300%2C186&amp;ssl=1 300w, https:\/\/i0.wp.com\/eltrabajo.cl\/portal\/wp-content\/uploads\/2020\/07\/Verdulero3.jpg?resize=200%2C124&amp;ssl=1 200w\" sizes=\"auto, (max-width: 580px) 100vw, 580px\" \/><figcaption id=\"caption-attachment-100425\" class=\"wp-caption-text\">VERDULERO SOLIDARIO.- El mensaje y la forma de funcionar es bien claro: \u2018Tome lo que necesite vecino\u2019.<\/figcaption><\/figure>\n<figure id=\"attachment_100426\" aria-describedby=\"caption-attachment-100426\" style=\"width: 580px\" class=\"wp-caption aligncenter\"><img data-recalc-dims=\"1\" loading=\"lazy\" decoding=\"async\" class=\"size-full wp-image-100426\" src=\"https:\/\/i0.wp.com\/eltrabajo.cl\/portal\/wp-content\/uploads\/2020\/07\/Verdulero4.jpg?resize=580%2C359&#038;ssl=1\" alt=\"HOY POR TI, MA\u00d1ANA POR M\u00cd.- Todos los viernes en la plazoleta de Villa El Se\u00f1orial, detr\u00e1s de los locales comerciales, lo instala a las 9 de la ma\u00f1ana hasta las 17:00 horas.\" width=\"580\" height=\"359\" srcset=\"https:\/\/i0.wp.com\/eltrabajo.cl\/portal\/wp-content\/uploads\/2020\/07\/Verdulero4.jpg?w=580&amp;ssl=1 580w, https:\/\/i0.wp.com\/eltrabajo.cl\/portal\/wp-content\/uploads\/2020\/07\/Verdulero4.jpg?resize=300%2C186&amp;ssl=1 300w, https:\/\/i0.wp.com\/eltrabajo.cl\/portal\/wp-content\/uploads\/2020\/07\/Verdulero4.jpg?resize=200%2C124&amp;ssl=1 200w\" sizes=\"auto, (max-width: 580px) 100vw, 580px\" \/><figcaption id=\"caption-attachment-100426\" class=\"wp-caption-text\">HOY POR TI, MA\u00d1ANA POR M\u00cd.- Todos los viernes en la plazoleta de Villa El Se\u00f1orial, detr\u00e1s de los locales comerciales, lo instala a las 9 de la ma\u00f1ana hasta las 17:00 horas.<\/figcaption><\/figure>\n<figure id=\"attachment_100424\" aria-describedby=\"caption-attachment-100424\" style=\"width: 580px\" class=\"wp-caption aligncenter\"><img data-recalc-dims=\"1\" loading=\"lazy\" decoding=\"async\" class=\"size-full wp-image-100424\" src=\"https:\/\/i0.wp.com\/eltrabajo.cl\/portal\/wp-content\/uploads\/2020\/07\/Verdulero2.jpg?resize=580%2C755&#038;ssl=1\" alt=\"CLORO GRATIS.- Do\u00f1a Mar\u00eda es una de las vecinas que lleg\u00f3 a llevar tambi\u00e9n cloro para su hogar, este producto para uso dom\u00e9stico tambi\u00e9n es gratis.\" width=\"580\" height=\"755\" srcset=\"https:\/\/i0.wp.com\/eltrabajo.cl\/portal\/wp-content\/uploads\/2020\/07\/Verdulero2.jpg?w=580&amp;ssl=1 580w, https:\/\/i0.wp.com\/eltrabajo.cl\/portal\/wp-content\/uploads\/2020\/07\/Verdulero2.jpg?resize=230%2C300&amp;ssl=1 230w, https:\/\/i0.wp.com\/eltrabajo.cl\/portal\/wp-content\/uploads\/2020\/07\/Verdulero2.jpg?resize=115%2C150&amp;ssl=1 115w\" sizes=\"auto, (max-width: 580px) 100vw, 580px\" \/><figcaption id=\"caption-attachment-100424\" class=\"wp-caption-text\">CLORO GRATIS.- Do\u00f1a Mar\u00eda es una de las vecinas que lleg\u00f3 a llevar tambi\u00e9n cloro para su hogar, este producto para uso dom\u00e9stico tambi\u00e9n es gratis.<\/figcaption><\/figure>\n<figure id=\"attachment_100427\" aria-describedby=\"caption-attachment-100427\" style=\"width: 580px\" class=\"wp-caption aligncenter\"><img data-recalc-dims=\"1\" loading=\"lazy\" decoding=\"async\" class=\"size-full wp-image-100427\" src=\"https:\/\/i0.wp.com\/eltrabajo.cl\/portal\/wp-content\/uploads\/2020\/07\/Verdulero_Hector-Hormazabal-Villarroel.jpg?resize=580%2C598&#038;ssl=1\" alt=\"H\u00e9ctor Hormaz\u00e1bal Villarroel, vecino de El Se\u00f1orial que instal\u00f3 varios Verduleros Solidarios en su poblaci\u00f3n.\" width=\"580\" height=\"598\" srcset=\"https:\/\/i0.wp.com\/eltrabajo.cl\/portal\/wp-content\/uploads\/2020\/07\/Verdulero_Hector-Hormazabal-Villarroel.jpg?w=580&amp;ssl=1 580w, https:\/\/i0.wp.com\/eltrabajo.cl\/portal\/wp-content\/uploads\/2020\/07\/Verdulero_Hector-Hormazabal-Villarroel.jpg?resize=291%2C300&amp;ssl=1 291w, https:\/\/i0.wp.com\/eltrabajo.cl\/portal\/wp-content\/uploads\/2020\/07\/Verdulero_Hector-Hormazabal-Villarroel.jpg?resize=145%2C150&amp;ssl=1 145w\" sizes=\"auto, (max-width: 580px) 100vw, 580px\" \/><figcaption id=\"caption-attachment-100427\" class=\"wp-caption-text\">H\u00e9ctor Hormaz\u00e1bal Villarroel, vecino de El Se\u00f1orial que instal\u00f3 varios Verduleros Solidarios en su poblaci\u00f3n.<\/figcaption><\/figure>\n","protected":false},"excerpt":{"rendered":"<p>Funcionan los viernes de 9:00 a 17:00 horas: Siguen los vecinos de San Felipe sacando lo mejor de s\u00ed mismos siempre en beneficio de quienes necesitan apoyo para salir adelante cada d\u00eda&#8230;<\/p>\n","protected":false},"author":482,"featured_media":100423,"comment_status":"closed","ping_status":"open","sticky":false,"template":"","format":"standard","meta":{"advanced_seo_description":"","jetpack_seo_html_title":"","jetpack_seo_noindex":false,"_jetpack_memberships_contains_paid_content":false,"footnotes":""},"categories":[15,105],"tags":[],"class_list":["post-100422","post","type-post","status-publish","format-standard","has-post-thumbnail","hentry","category-comunidad","category-covid-19"],"jetpack_featured_media_url":"https:\/\/i0.wp.com\/eltrabajo.cl\/portal\/wp-content\/uploads\/2020\/07\/Verdulero1.jpg?fit=580%2C360&ssl=1","jetpack_sharing_enabled":true,"jetpack_likes_enabled":true,"jetpack-related-posts":[],"_links":{"self":[{"href":"https:\/\/eltrabajo.cl\/portal\/wp-json\/wp\/v2\/posts\/100422","targetHints":{"allow":["GET"]}}],"collection":[{"href":"https:\/\/eltrabajo.cl\/portal\/wp-json\/wp\/v2\/posts"}],"about":[{"href":"https:\/\/eltrabajo.cl\/portal\/wp-json\/wp\/v2\/types\/post"}],"author":[{"embeddable":true,"href":"https:\/\/eltrabajo.cl\/portal\/wp-json\/wp\/v2\/users\/482"}],"replies":[{"embeddable":true,"href":"https:\/\/eltrabajo.cl\/portal\/wp-json\/wp\/v2\/comments?post=100422"}],"version-history":[{"count":0,"href":"https:\/\/eltrabajo.cl\/portal\/wp-json\/wp\/v2\/posts\/100422\/revisions"}],"wp:featuredmedia":[{"embeddable":true,"href":"https:\/\/eltrabajo.cl\/portal\/wp-json\/wp\/v2\/media\/100423"}],"wp:attachment":[{"href":"https:\/\/eltrabajo.cl\/portal\/wp-json\/wp\/v2\/media?parent=100422"}],"wp:term":[{"taxonomy":"category","embeddable":true,"href":"https:\/\/eltrabajo.cl\/portal\/wp-json\/wp\/v2\/categories?post=100422"},{"taxonomy":"post_tag","embeddable":true,"href":"https:\/\/eltrabajo.cl\/portal\/wp-json\/wp\/v2\/tags?post=100422"}],"curies":[{"name":"wp","href":"https:\/\/api.w.org\/{rel}","templated":true}]}}