{"id":100429,"date":"2020-07-08T08:00:19","date_gmt":"2020-07-08T12:00:19","guid":{"rendered":"https:\/\/www.eltrabajo.cl\/portal\/?p=100429"},"modified":"2020-07-07T19:34:57","modified_gmt":"2020-07-07T23:34:57","slug":"los-numeros-no-dan-para-terminar-la-cuarentena-en-el-valle-de-aconcagua","status":"publish","type":"post","link":"https:\/\/eltrabajo.cl\/portal\/los-numeros-no-dan-para-terminar-la-cuarentena-en-el-valle-de-aconcagua\/","title":{"rendered":"Los n\u00fameros no dan para terminar la cuarentena en el Valle de Aconcagua"},"content":{"rendered":"<p style=\"text-align: justify;\"><span style=\"color: #c81400;\"><strong>\u00a1No hay para cu\u00e1ndo!:<\/strong><\/span><\/p>\n<p style=\"text-align: justify;\">Lamentablemente no tenemos para cu\u00e1ndo todav\u00eda salir del confinamiento o cuarentena en el Valle de Aconcagua. Ello porque seg\u00fan la subdirectora m\u00e9dica del Servicio de Salud Aconcagua, psiquiatra <strong>Iris Boisier<\/strong>, se cumplen dos de los cuatro indicadores y dentro de los que no se cumplen est\u00e1 el m\u00e1s importante, el RE (r efectivo), que no es otra cosa que personas contagian a m\u00e1s de una.<\/p>\n<p style=\"text-align: justify;\">Lo anterior se desprende de las declaraciones vertidas por la Subdirectora M\u00e9dica del Servicio de Salud Aconcagua, quien dijo a un medio local que para pensar en el desconfinamiento o el t\u00e9rmino de la cuarentena, tiene que haber <em>\u00abrealmente una baja constante, una baja sostenida de contagio durante al menos las \u00faltimas tres semanas. Nosotros reci\u00e9n estamos transitando a la tercera semana este viernes que viene, pero no ha habido una baja constante ni sostenida, ha habido una baja pero que es bastante sutil y no solamente en la parte sanitaria se ve el n\u00famero de casos nuevos que tenemos, sino que se miden a lo menos cuatro variables y uno de los indicadores, el m\u00e1s importante de todos estos, es la disminuci\u00f3n del \u00edndice de contagio, lo que se conoce como RE (el r efectivo), que debiera ser idealmente menos de 1, nosotros todav\u00eda tenemos -1.1 as\u00ed es que no, todav\u00eda tenemos muchas personas que contagian a m\u00e1s de una persona\u00bb,<\/em> se\u00f1al\u00f3.<\/p>\n<p style=\"text-align: justify;\">La autoridad de salud reconoce de todas maneras que se ha ido bajando, pero no a niveles \u00f3ptimos.<\/p>\n<p style=\"text-align: justify;\">En lo que se va bien, reconoce Boisier, es en la trazabilidad de los casos y sus contactos; <em>\u00abah\u00ed llevamos m\u00e1s o menos un 85%, tenemos todas las personas ya identificadas, los casos \u00edndices y sus contactos estrechos los tenemos bajo control y en confinamiento, y en porcentaje de positividad, que tambi\u00e9n es otro indicador que lo ideal es que sea menos del 10% de test positivos, cada cien test que tomemos nosotros, todav\u00eda al d\u00eda de hoy tenemos un 26% de positividad, la semana pasada un 22%, la semana antes pasada un 23% as\u00ed es que no estamos tan maravilloso en los n\u00fameros\u00bb,<\/em> dijo.<\/p>\n<p style=\"text-align: justify;\">La profesional record\u00f3 que la cuarentena parti\u00f3 el d\u00eda 19 de junio, que era la semana epidemiol\u00f3gica n\u00famero 26, donde se entr\u00f3 con 495 casos; luego hubo 478, y despu\u00e9s 358; <em>\u00abentonces no es una baja tan importante, por eso no podemos estar confiados, para nada, por lo menos la cifra no nos da y como vuelvo a repetir, tiene que haber una baja sostenida, mantenida, de ir a la baja, adem\u00e1s cumplir con esos otros cuatro indicadores que nosotros en realidad estamos cumpliendo con otros indicadores, solamente capacidad hospitalaria que es otro indicador, porque definitivamente nosotros tenemos una muy buena cantidad de camas UC, exactamente 28 y tenemos solamente 19 en uso, tenemos 9 disponibles as\u00ed es que tenemos un \u00edndice ocupacional de un 78%\u00bb,<\/em> manifest\u00f3.<\/p>\n<p style=\"text-align: justify;\">En definitiva, de los cuatro \u00edndices que se piden como para poder salir del confinamiento o cuarentena, el Valle de Aconcagua cumple solo con dos: trazabilidad y el buen indicador ocupacional de camas UCI, en este caso 78%.<\/p>\n<p style=\"text-align: justify;\">\n<p style=\"text-align: justify;\"><span style=\"color: #c81400;\"><strong>\u00bfQU\u00c9 ES TRAZABILIDAD?<\/strong><\/span><\/p>\n<p style=\"text-align: justify;\">Consiste en el proceso de detectar, oportunamente, a aquellas personas que son Covid-19 positivo. Se busca identificar a sus contactos estrechos para poder educarlos, darles las indicaciones correspondientes, las medidas sanitarias, conocer sus s\u00edntomas y tambi\u00e9n trasladarlos a residencias sanitarias en caso de quienes lo requieran.<\/p>\n<p style=\"text-align: justify;\">De todos modos hoy mi\u00e9rcoles el Ministro de Salud, doctor Enrique Paris, debiera anunciar las ciudades que entran o salen de cuarentena, pero todo indicar\u00eda que San Felipe y Los Andes seguir\u00edan con esta medida de confinamiento.<\/p>\n<figure id=\"attachment_100430\" aria-describedby=\"caption-attachment-100430\" style=\"width: 580px\" class=\"wp-caption aligncenter\"><img data-recalc-dims=\"1\" loading=\"lazy\" decoding=\"async\" class=\"size-full wp-image-100430\" src=\"https:\/\/i0.wp.com\/eltrabajo.cl\/portal\/wp-content\/uploads\/2020\/07\/iris-boisier.jpg?resize=580%2C360&#038;ssl=1\" alt=\"Doctora Iris Boisier, subdirectora m\u00e9dica del Servicio de Salud Aconcagua.\" width=\"580\" height=\"360\" srcset=\"https:\/\/i0.wp.com\/eltrabajo.cl\/portal\/wp-content\/uploads\/2020\/07\/iris-boisier.jpg?w=580&amp;ssl=1 580w, https:\/\/i0.wp.com\/eltrabajo.cl\/portal\/wp-content\/uploads\/2020\/07\/iris-boisier.jpg?resize=300%2C186&amp;ssl=1 300w, https:\/\/i0.wp.com\/eltrabajo.cl\/portal\/wp-content\/uploads\/2020\/07\/iris-boisier.jpg?resize=200%2C124&amp;ssl=1 200w\" sizes=\"auto, (max-width: 580px) 100vw, 580px\" \/><figcaption id=\"caption-attachment-100430\" class=\"wp-caption-text\">Doctora Iris Boisier, subdirectora m\u00e9dica del Servicio de Salud Aconcagua.<\/figcaption><\/figure>\n","protected":false},"excerpt":{"rendered":"<p>\u00a1No hay para cu\u00e1ndo!: Lamentablemente no tenemos para cu\u00e1ndo todav\u00eda salir del confinamiento o cuarentena en el Valle de Aconcagua. Ello porque seg\u00fan la subdirectora m\u00e9dica del Servicio de Salud Aconcagua, psiquiatra&#8230;<\/p>\n","protected":false},"author":482,"featured_media":100430,"comment_status":"closed","ping_status":"open","sticky":false,"template":"","format":"standard","meta":{"advanced_seo_description":"","jetpack_seo_html_title":"","jetpack_seo_noindex":false,"_jetpack_memberships_contains_paid_content":false,"footnotes":""},"categories":[105,103],"tags":[],"class_list":["post-100429","post","type-post","status-publish","format-standard","has-post-thumbnail","hentry","category-covid-19","category-cronica-2"],"jetpack_featured_media_url":"https:\/\/i0.wp.com\/eltrabajo.cl\/portal\/wp-content\/uploads\/2020\/07\/iris-boisier.jpg?fit=580%2C360&ssl=1","jetpack_sharing_enabled":true,"jetpack_likes_enabled":true,"jetpack-related-posts":[],"_links":{"self":[{"href":"https:\/\/eltrabajo.cl\/portal\/wp-json\/wp\/v2\/posts\/100429","targetHints":{"allow":["GET"]}}],"collection":[{"href":"https:\/\/eltrabajo.cl\/portal\/wp-json\/wp\/v2\/posts"}],"about":[{"href":"https:\/\/eltrabajo.cl\/portal\/wp-json\/wp\/v2\/types\/post"}],"author":[{"embeddable":true,"href":"https:\/\/eltrabajo.cl\/portal\/wp-json\/wp\/v2\/users\/482"}],"replies":[{"embeddable":true,"href":"https:\/\/eltrabajo.cl\/portal\/wp-json\/wp\/v2\/comments?post=100429"}],"version-history":[{"count":0,"href":"https:\/\/eltrabajo.cl\/portal\/wp-json\/wp\/v2\/posts\/100429\/revisions"}],"wp:featuredmedia":[{"embeddable":true,"href":"https:\/\/eltrabajo.cl\/portal\/wp-json\/wp\/v2\/media\/100430"}],"wp:attachment":[{"href":"https:\/\/eltrabajo.cl\/portal\/wp-json\/wp\/v2\/media?parent=100429"}],"wp:term":[{"taxonomy":"category","embeddable":true,"href":"https:\/\/eltrabajo.cl\/portal\/wp-json\/wp\/v2\/categories?post=100429"},{"taxonomy":"post_tag","embeddable":true,"href":"https:\/\/eltrabajo.cl\/portal\/wp-json\/wp\/v2\/tags?post=100429"}],"curies":[{"name":"wp","href":"https:\/\/api.w.org\/{rel}","templated":true}]}}