{"id":100432,"date":"2020-07-08T20:00:08","date_gmt":"2020-07-09T00:00:08","guid":{"rendered":"https:\/\/www.eltrabajo.cl\/portal\/?p=100432"},"modified":"2020-07-08T19:40:50","modified_gmt":"2020-07-08T23:40:50","slug":"continua-atencion-para-bebes-ninos-adolescentes-y-adultos-mayores","status":"publish","type":"post","link":"https:\/\/eltrabajo.cl\/portal\/continua-atencion-para-bebes-ninos-adolescentes-y-adultos-mayores\/","title":{"rendered":"Contin\u00faa atenci\u00f3n para beb\u00e9s, ni\u00f1os, adolescentes y adultos mayores"},"content":{"rendered":"<p style=\"text-align: justify;\"><span style=\"color: #c81400;\"><strong>Vacunatorio Cesfam Curim\u00f3n:<\/strong><\/span><\/p>\n<ul style=\"text-align: justify;\">\n<li><strong>Profesionales hicieron un llamado a padres y apoderados para poder inocular a estudiantes en campa\u00f1a \u2018Escolar\u2019, inmersa dentro del calendario Nacional de Inmunizaci\u00f3n 2020.<\/strong><\/li>\n<\/ul>\n<p style=\"text-align: justify;\">A pesar de la emergencia sanitaria que est\u00e1 viviendo el pa\u00eds, los equipos de salud contin\u00faan realizando prestaciones que est\u00e1n dentro de la planificaci\u00f3n para el 2020. Precisamente, en esa l\u00ednea de trabajo se mantiene el vacunatorio del Cesfam Curim\u00f3n, ubicado en el anexo del centro de salud familiar, donde se desarrolla normalmente la inmunizaci\u00f3n de beb\u00e9s de dos meses hasta las ni\u00f1as y ni\u00f1os de octavo b\u00e1sico, embarazadas y adultos mayores de 65 a\u00f1os.<\/p>\n<p style=\"text-align: justify;\">En esa l\u00ednea, y en virtud a la suspensi\u00f3n de clases por coronavirus, <strong>Lilibeth Guajardo<\/strong>, encargada del vacunatorio, manifest\u00f3 que se est\u00e1 haciendo un llamado para que los ni\u00f1os y adolescentes puedan recibir sus vacunas correspondientes.<\/p>\n<p style=\"text-align: justify;\">\u00ab<em>El vacunatorio ha funcionado de manera normal, s\u00f3lo modificando el horario. En este momento, estamos aplicando las vacunas del Programa Nacional de Inmunizaciones 2020, para ni\u00f1os de 2 a 18 meses, y desde el primero de julio inici\u00f3 la campa\u00f1a escolar, que abarca a los estudiantes de primero, cuarto, quinto y octavo b\u00e1sico, la que est\u00e1 funcionando de manera normal. Por eso, hago un llamado a que venga, ya que contamos con todas las medidas de higiene. Solicitamos a los padres que traigan a sus hijos con sus implementos de seguridad y medidas de protecci\u00f3n. Ac\u00e1 no tenemos acumulaci\u00f3n de p\u00fablico, as\u00ed que solicitamos que vengan\u00bb,<\/em> apunt\u00f3 la profesional.<\/p>\n<p style=\"text-align: justify;\">El horario de atenci\u00f3n del vacunatorio es de lunes a viernes, de 09.00 a 13.00 horas, en calle San Francisco.<\/p>\n<figure id=\"attachment_100434\" aria-describedby=\"caption-attachment-100434\" style=\"width: 580px\" class=\"wp-caption aligncenter\"><img data-recalc-dims=\"1\" loading=\"lazy\" decoding=\"async\" class=\"size-full wp-image-100434\" src=\"https:\/\/i0.wp.com\/eltrabajo.cl\/portal\/wp-content\/uploads\/2020\/07\/munisanfe.jpg?resize=580%2C358&#038;ssl=1\" alt=\"Desde el Cesfam Curim\u00f3n est\u00e1n llamando a la comunidad a concurrir a para la vacunaci\u00f3n de beb\u00e9s de dos meses hasta las ni\u00f1as y ni\u00f1os de octavo b\u00e1sico, embarazadas y adultos mayores de 65 a\u00f1os. \" width=\"580\" height=\"358\" srcset=\"https:\/\/i0.wp.com\/eltrabajo.cl\/portal\/wp-content\/uploads\/2020\/07\/munisanfe.jpg?w=580&amp;ssl=1 580w, https:\/\/i0.wp.com\/eltrabajo.cl\/portal\/wp-content\/uploads\/2020\/07\/munisanfe.jpg?resize=300%2C185&amp;ssl=1 300w, https:\/\/i0.wp.com\/eltrabajo.cl\/portal\/wp-content\/uploads\/2020\/07\/munisanfe.jpg?resize=200%2C123&amp;ssl=1 200w\" sizes=\"auto, (max-width: 580px) 100vw, 580px\" \/><figcaption id=\"caption-attachment-100434\" class=\"wp-caption-text\">Desde el Cesfam Curim\u00f3n est\u00e1n llamando a la comunidad a concurrir a para la vacunaci\u00f3n de beb\u00e9s de dos meses hasta las ni\u00f1as y ni\u00f1os de octavo b\u00e1sico, embarazadas y adultos mayores de 65 a\u00f1os.<\/figcaption><\/figure>\n","protected":false},"excerpt":{"rendered":"<p>Vacunatorio Cesfam Curim\u00f3n: Profesionales hicieron un llamado a padres y apoderados para poder inocular a estudiantes en campa\u00f1a \u2018Escolar\u2019, inmersa dentro del calendario Nacional de Inmunizaci\u00f3n 2020. A pesar de la emergencia&#8230;<\/p>\n","protected":false},"author":482,"featured_media":100434,"comment_status":"closed","ping_status":"open","sticky":false,"template":"","format":"standard","meta":{"advanced_seo_description":"","jetpack_seo_html_title":"","jetpack_seo_noindex":false,"_jetpack_memberships_contains_paid_content":false,"footnotes":""},"categories":[103],"tags":[],"class_list":["post-100432","post","type-post","status-publish","format-standard","has-post-thumbnail","hentry","category-cronica-2"],"jetpack_featured_media_url":"https:\/\/i0.wp.com\/eltrabajo.cl\/portal\/wp-content\/uploads\/2020\/07\/munisanfe.jpg?fit=580%2C358&ssl=1","jetpack_sharing_enabled":true,"jetpack_likes_enabled":true,"jetpack-related-posts":[],"_links":{"self":[{"href":"https:\/\/eltrabajo.cl\/portal\/wp-json\/wp\/v2\/posts\/100432","targetHints":{"allow":["GET"]}}],"collection":[{"href":"https:\/\/eltrabajo.cl\/portal\/wp-json\/wp\/v2\/posts"}],"about":[{"href":"https:\/\/eltrabajo.cl\/portal\/wp-json\/wp\/v2\/types\/post"}],"author":[{"embeddable":true,"href":"https:\/\/eltrabajo.cl\/portal\/wp-json\/wp\/v2\/users\/482"}],"replies":[{"embeddable":true,"href":"https:\/\/eltrabajo.cl\/portal\/wp-json\/wp\/v2\/comments?post=100432"}],"version-history":[{"count":0,"href":"https:\/\/eltrabajo.cl\/portal\/wp-json\/wp\/v2\/posts\/100432\/revisions"}],"wp:featuredmedia":[{"embeddable":true,"href":"https:\/\/eltrabajo.cl\/portal\/wp-json\/wp\/v2\/media\/100434"}],"wp:attachment":[{"href":"https:\/\/eltrabajo.cl\/portal\/wp-json\/wp\/v2\/media?parent=100432"}],"wp:term":[{"taxonomy":"category","embeddable":true,"href":"https:\/\/eltrabajo.cl\/portal\/wp-json\/wp\/v2\/categories?post=100432"},{"taxonomy":"post_tag","embeddable":true,"href":"https:\/\/eltrabajo.cl\/portal\/wp-json\/wp\/v2\/tags?post=100432"}],"curies":[{"name":"wp","href":"https:\/\/api.w.org\/{rel}","templated":true}]}}