{"id":100439,"date":"2020-07-08T20:10:31","date_gmt":"2020-07-09T00:10:31","guid":{"rendered":"https:\/\/www.eltrabajo.cl\/portal\/?p=100439"},"modified":"2020-07-08T19:47:37","modified_gmt":"2020-07-08T23:47:37","slug":"en-la-mas-profunda-soledad-muere-otro-haitiano-lejos-de-sus-seres-queridos","status":"publish","type":"post","link":"https:\/\/eltrabajo.cl\/portal\/en-la-mas-profunda-soledad-muere-otro-haitiano-lejos-de-sus-seres-queridos\/","title":{"rendered":"En la m\u00e1s profunda soledad muere otro haitiano lejos de sus seres queridos"},"content":{"rendered":"<p style=\"text-align: justify;\"><span style=\"color: #c81400;\"><strong>El drama de los inmigrantes que vinieron por un futuro mejor:<\/strong><\/span><\/p>\n<p style=\"text-align: justify;\">Una tragedia Covid m\u00e1s, desgarradora y que nos duele, pues vemos las condiciones en que est\u00e1n muriendo los extranjeros lejos de sus familiares y sin redes de apoyo locales para ofrecerles una digna despedida. Desconocemos si esta persona busc\u00f3 ayuda en alg\u00fan hospital o no, sin embargo el perder la vida sin alguien que te llore o te eleve una plegaria, m\u00e1s all\u00e1 de desvanecernos en el Olvido de los Tiempos, es una tragedia universal que nada ni nadie podr\u00e1 reparar, pues el mortal Coronavirus sigue cobr\u00e1ndose m\u00e1s vidas en nuestra comuna, en esta ocasi\u00f3n se trata de <strong>Obisson Occean<\/strong>, ciudadano de origen haitiano de 62 a\u00f1os de edad, quien viv\u00eda en Departamentos Enc\u00f3n blog F 324, quien falleci\u00f3 este martes a las 18:30 horas a ra\u00edz de una pulmon\u00eda bacteriana, por lo que las autoridades de Salud lo dictaminaron en su Acta de Defunci\u00f3n como \u2018Sospecha de Covid\u2019.<\/p>\n<p style=\"text-align: justify;\">\n<p style=\"text-align: justify;\"><span style=\"color: #c81400;\"><strong>A MEDIA NOCHE<\/strong><\/span><\/p>\n<p style=\"text-align: justify;\">Seg\u00fan lo reflejan varias fotograf\u00edas del ahora occiso y la misma escena del hallazgo de su cuerpo, al parecer Obisson Occean viv\u00eda solo, su mal estado de salud se empeor\u00f3 al permanecer varias semanas en su habitaci\u00f3n obscura y h\u00fameda, lo que agrav\u00f3 sus pulmones ya afectados por la infecci\u00f3n.<\/p>\n<p style=\"text-align: justify;\">El cuerpo del caribe\u00f1o fue trasladado la misma noche del martes por personal de una empresa funeraria de San Felipe. Esa misma noche el jefe administrativo del Cementerio Municipal, <strong>Fabi\u00e1n Campos<\/strong>, abri\u00f3 el camposanto para que a media noche los empleados funerarios lo depositaran en un nicho social facilitado por el Municipio, procediendo este mi\u00e9rcoles en horas de la ma\u00f1ana a sepultarlo de manera formal.<\/p>\n<p style=\"text-align: justify;\">Seg\u00fan datos oficiales, esta fue la v\u00edctima N\u00ba11 que sepultan en este cementerio a causa del Covid, sin contar los que han sido sepultados en otros cementerios o han sido cremados.<\/p>\n<p style=\"text-align: justify;\"><strong>Roberto Gonz\u00e1lez Short<\/strong><\/p>\n<figure id=\"attachment_100440\" aria-describedby=\"caption-attachment-100440\" style=\"width: 580px\" class=\"wp-caption aligncenter\"><img data-recalc-dims=\"1\" loading=\"lazy\" decoding=\"async\" class=\"size-full wp-image-100440\" src=\"https:\/\/i0.wp.com\/eltrabajo.cl\/portal\/wp-content\/uploads\/2020\/07\/Haitiano4.jpg?resize=580%2C360&#038;ssl=1\" alt=\"A CUIDARSE TODOS.- Este documento certifica que la sospecha de Covid ser\u00eda la muerte del caribe\u00f1o.\" width=\"580\" height=\"360\" srcset=\"https:\/\/i0.wp.com\/eltrabajo.cl\/portal\/wp-content\/uploads\/2020\/07\/Haitiano4.jpg?w=580&amp;ssl=1 580w, https:\/\/i0.wp.com\/eltrabajo.cl\/portal\/wp-content\/uploads\/2020\/07\/Haitiano4.jpg?resize=300%2C186&amp;ssl=1 300w, https:\/\/i0.wp.com\/eltrabajo.cl\/portal\/wp-content\/uploads\/2020\/07\/Haitiano4.jpg?resize=200%2C124&amp;ssl=1 200w\" sizes=\"auto, (max-width: 580px) 100vw, 580px\" \/><figcaption id=\"caption-attachment-100440\" class=\"wp-caption-text\">A CUIDARSE TODOS.- Este documento certifica que la sospecha de Covid ser\u00eda la muerte del caribe\u00f1o.<\/figcaption><\/figure>\n<figure id=\"attachment_100441\" aria-describedby=\"caption-attachment-100441\" style=\"width: 579px\" class=\"wp-caption aligncenter\"><img data-recalc-dims=\"1\" loading=\"lazy\" decoding=\"async\" class=\"size-full wp-image-100441\" src=\"https:\/\/i0.wp.com\/eltrabajo.cl\/portal\/wp-content\/uploads\/2020\/07\/Haitiano2.jpg?resize=579%2C1030&#038;ssl=1\" alt=\"PROTOCOLO COVID.- Personal de las funerarias es quien tiene que manejar el vestir y meter a la caja cada cuerpo bajo el Protocolo Covid.\" width=\"579\" height=\"1030\" srcset=\"https:\/\/i0.wp.com\/eltrabajo.cl\/portal\/wp-content\/uploads\/2020\/07\/Haitiano2.jpg?w=579&amp;ssl=1 579w, https:\/\/i0.wp.com\/eltrabajo.cl\/portal\/wp-content\/uploads\/2020\/07\/Haitiano2.jpg?resize=169%2C300&amp;ssl=1 169w, https:\/\/i0.wp.com\/eltrabajo.cl\/portal\/wp-content\/uploads\/2020\/07\/Haitiano2.jpg?resize=576%2C1024&amp;ssl=1 576w, https:\/\/i0.wp.com\/eltrabajo.cl\/portal\/wp-content\/uploads\/2020\/07\/Haitiano2.jpg?resize=84%2C150&amp;ssl=1 84w\" sizes=\"auto, (max-width: 579px) 100vw, 579px\" \/><figcaption id=\"caption-attachment-100441\" class=\"wp-caption-text\">PROTOCOLO COVID.- Personal de las funerarias es quien tiene que manejar el vestir y meter a la caja cada cuerpo bajo el Protocolo Covid.<\/figcaption><\/figure>\n<figure id=\"attachment_100442\" aria-describedby=\"caption-attachment-100442\" style=\"width: 579px\" class=\"wp-caption aligncenter\"><img data-recalc-dims=\"1\" loading=\"lazy\" decoding=\"async\" class=\"size-full wp-image-100442\" src=\"https:\/\/i0.wp.com\/eltrabajo.cl\/portal\/wp-content\/uploads\/2020\/07\/Haitiano3.jpg?resize=579%2C1030&#038;ssl=1\" alt=\"SIN VELATORIO.- Al final el cuerpo de Obisson Occean fue puesto en su respectivo ata\u00fad y trasladado al Cementerio Municipal, en Almendral.\" width=\"579\" height=\"1030\" srcset=\"https:\/\/i0.wp.com\/eltrabajo.cl\/portal\/wp-content\/uploads\/2020\/07\/Haitiano3.jpg?w=579&amp;ssl=1 579w, https:\/\/i0.wp.com\/eltrabajo.cl\/portal\/wp-content\/uploads\/2020\/07\/Haitiano3.jpg?resize=169%2C300&amp;ssl=1 169w, https:\/\/i0.wp.com\/eltrabajo.cl\/portal\/wp-content\/uploads\/2020\/07\/Haitiano3.jpg?resize=576%2C1024&amp;ssl=1 576w, https:\/\/i0.wp.com\/eltrabajo.cl\/portal\/wp-content\/uploads\/2020\/07\/Haitiano3.jpg?resize=84%2C150&amp;ssl=1 84w\" sizes=\"auto, (max-width: 579px) 100vw, 579px\" \/><figcaption id=\"caption-attachment-100442\" class=\"wp-caption-text\">SIN VELATORIO.- Al final el cuerpo de Obisson Occean fue puesto en su respectivo ata\u00fad y trasladado al Cementerio Municipal, en Almendral.<\/figcaption><\/figure>\n","protected":false},"excerpt":{"rendered":"<p>El drama de los inmigrantes que vinieron por un futuro mejor: Una tragedia Covid m\u00e1s, desgarradora y que nos duele, pues vemos las condiciones en que est\u00e1n muriendo los extranjeros lejos de&#8230;<\/p>\n","protected":false},"author":482,"featured_media":100440,"comment_status":"closed","ping_status":"open","sticky":false,"template":"","format":"standard","meta":{"advanced_seo_description":"","jetpack_seo_html_title":"","jetpack_seo_noindex":false,"_jetpack_memberships_contains_paid_content":false,"footnotes":""},"categories":[15,105],"tags":[],"class_list":["post-100439","post","type-post","status-publish","format-standard","has-post-thumbnail","hentry","category-comunidad","category-covid-19"],"jetpack_featured_media_url":"https:\/\/i0.wp.com\/eltrabajo.cl\/portal\/wp-content\/uploads\/2020\/07\/Haitiano4.jpg?fit=580%2C360&ssl=1","jetpack_sharing_enabled":true,"jetpack_likes_enabled":true,"jetpack-related-posts":[],"_links":{"self":[{"href":"https:\/\/eltrabajo.cl\/portal\/wp-json\/wp\/v2\/posts\/100439","targetHints":{"allow":["GET"]}}],"collection":[{"href":"https:\/\/eltrabajo.cl\/portal\/wp-json\/wp\/v2\/posts"}],"about":[{"href":"https:\/\/eltrabajo.cl\/portal\/wp-json\/wp\/v2\/types\/post"}],"author":[{"embeddable":true,"href":"https:\/\/eltrabajo.cl\/portal\/wp-json\/wp\/v2\/users\/482"}],"replies":[{"embeddable":true,"href":"https:\/\/eltrabajo.cl\/portal\/wp-json\/wp\/v2\/comments?post=100439"}],"version-history":[{"count":0,"href":"https:\/\/eltrabajo.cl\/portal\/wp-json\/wp\/v2\/posts\/100439\/revisions"}],"wp:featuredmedia":[{"embeddable":true,"href":"https:\/\/eltrabajo.cl\/portal\/wp-json\/wp\/v2\/media\/100440"}],"wp:attachment":[{"href":"https:\/\/eltrabajo.cl\/portal\/wp-json\/wp\/v2\/media?parent=100439"}],"wp:term":[{"taxonomy":"category","embeddable":true,"href":"https:\/\/eltrabajo.cl\/portal\/wp-json\/wp\/v2\/categories?post=100439"},{"taxonomy":"post_tag","embeddable":true,"href":"https:\/\/eltrabajo.cl\/portal\/wp-json\/wp\/v2\/tags?post=100439"}],"curies":[{"name":"wp","href":"https:\/\/api.w.org\/{rel}","templated":true}]}}