{"id":100445,"date":"2020-07-09T07:40:36","date_gmt":"2020-07-09T11:40:36","guid":{"rendered":"https:\/\/www.eltrabajo.cl\/portal\/?p=100445"},"modified":"2020-07-08T19:52:54","modified_gmt":"2020-07-08T23:52:54","slug":"piden-al-municipio-proyecto-para-mejorar-el-estado-de-la-cancha-en-el-sector","status":"publish","type":"post","link":"https:\/\/eltrabajo.cl\/portal\/piden-al-municipio-proyecto-para-mejorar-el-estado-de-la-cancha-en-el-sector\/","title":{"rendered":"Piden al municipio proyecto para mejorar el estado de la cancha en el sector"},"content":{"rendered":"<p style=\"text-align: justify;\"><span style=\"color: #c81400;\"><strong>Vecinos de Villa El Se\u00f1orial:<\/strong><\/span><\/p>\n<p style=\"text-align: justify;\">La directiva de la Villa El Se\u00f1orial que preside <strong>\u00c9rika \u00c1lvarez<\/strong>, se encuentra preocupada porque esperan que una vez que pase la pandemia, o antes si se puede, la municipalidad de San Felipe por medio de la Secretar\u00eda de Planificaci\u00f3n presente o realice un proyecto de mejoramiento completo de la cancha ubicada en el sector. Porque para los vecinos, es muy necesario que los ni\u00f1os puedan contar con este tipo de espacios para la diversi\u00f3n, el deporte y el entretenimiento, adem\u00e1s que ah\u00ed se han realizado operativos, funcionado talleres municipales, etc.<\/p>\n<p style=\"text-align: justify;\">Nuestro medio estuvo en el lugar para conocer la realidad de la cancha.<\/p>\n<p style=\"text-align: justify;\">\u00ab<em>Nosotros estamos preocupados como directiva porque esta cancha tiene 20 a\u00f1os. Desde que la entregaron nunca se la ha hecho una mantenci\u00f3n, ya est\u00e1 buena para un proyecto para poder recuperarla. Tenemos el compromiso de don Claudio Paredes para este a\u00f1o, pero en realidad la incertidumbre ahora con el tema de los proyectos no sabemos si vamos a tener cancha nueva este a\u00f1o, as\u00ed es que le hago un llamado de atenci\u00f3n a la municipalidad porque esta es una de las \u00faltimas canchas que va quedando por recuperar\u00bb,<\/em> se\u00f1al\u00f3.<\/p>\n<p style=\"text-align: justify;\">Dice la dirigente que a esa cancha van muchos ni\u00f1os a jugar, incluso los talleres municipales la ocupan: <em>\u00abLe trataron de poner un aro de b\u00e1squetbol, pero est\u00e1 tan deteriorada la madera que no se pudo, entonces esta cancha as\u00ed como est\u00e1 no sirve para nada. Como estamos en pandemia, cuando termine todo esto la gente va a salir a ocupar todos los espacios p\u00fablicos, ojala m\u00e1s que antes, me gustar\u00eda que esta cancha se le diera buen uso, pero tambi\u00e9n estuviera en buenas condiciones\u00bb,<\/em> dijo \u00c9rika \u00c1lvarez.<\/p>\n<p style=\"text-align: justify;\">&#8211; <strong>Bueno, reiteremos el llamado para que no se deje de lado este proyecto.<\/strong><\/p>\n<p style=\"text-align: justify;\">&#8211; Claro, quiero hacer un llamado a la municipalidad que no nos deje abandonado en el tema del deporte, a los concejales del deporte sobre todo que nos ayuden un poquito con este tema del proyecto de recuperaci\u00f3n de esta cancha, ya que hemos esperado mucho. Se han recuperado muchas canchas, pero hemos tenido harta paciencia y ya he visto que han entregado hartas, entonces nosotros hemos estado tranquilos, pero ahora estamos m\u00e1s inquietos porque creo que ser\u00e1 una de las \u00faltimas canchas por recuperar en los barrios, as\u00ed es que nos gustar\u00eda que nos dieran la certeza de que s\u00ed est\u00e1 el proyecto, de que s\u00ed va.<\/p>\n<p style=\"text-align: justify;\">&#8211; <strong>\u00bfQu\u00e9 se le tiene que hacer?<\/strong><\/p>\n<p style=\"text-align: justify;\">&#8211; Se tiene que recuperar completa, no tiene nada, hasta el pavimento est\u00e1 malo, qued\u00f3 mal hecha e incluso qued\u00f3 abierta y peligrosa para los ni\u00f1os, porque ac\u00e1 la pelota definitivamente\u00a0 se pasa directa a la calle, o sea una recuperaci\u00f3n completa, ser\u00eda maravillo, lo recibir\u00edamos felices.<\/p>\n<p style=\"text-align: justify;\">La cancha se encuentra ubicada en el coraz\u00f3n mismo de la Villa El Se\u00f1orial.<\/p>\n<figure id=\"attachment_100446\" aria-describedby=\"caption-attachment-100446\" style=\"width: 579px\" class=\"wp-caption aligncenter\"><img data-recalc-dims=\"1\" loading=\"lazy\" decoding=\"async\" class=\"size-full wp-image-100446\" src=\"https:\/\/i0.wp.com\/eltrabajo.cl\/portal\/wp-content\/uploads\/2020\/07\/Erika.jpg?resize=579%2C415&#038;ssl=1\" alt=\"\u00c9rika \u00c1lvarez muestra la parte por donde se pasa la pelota hacia la calle.\" width=\"579\" height=\"415\" srcset=\"https:\/\/i0.wp.com\/eltrabajo.cl\/portal\/wp-content\/uploads\/2020\/07\/Erika.jpg?w=579&amp;ssl=1 579w, https:\/\/i0.wp.com\/eltrabajo.cl\/portal\/wp-content\/uploads\/2020\/07\/Erika.jpg?resize=300%2C215&amp;ssl=1 300w, https:\/\/i0.wp.com\/eltrabajo.cl\/portal\/wp-content\/uploads\/2020\/07\/Erika.jpg?resize=200%2C143&amp;ssl=1 200w\" sizes=\"auto, (max-width: 579px) 100vw, 579px\" \/><figcaption id=\"caption-attachment-100446\" class=\"wp-caption-text\">\u00c9rika \u00c1lvarez muestra la parte por donde se pasa la pelota hacia la calle.<\/figcaption><\/figure>\n<figure id=\"attachment_100447\" aria-describedby=\"caption-attachment-100447\" style=\"width: 580px\" class=\"wp-caption aligncenter\"><img data-recalc-dims=\"1\" loading=\"lazy\" decoding=\"async\" class=\"size-full wp-image-100447\" src=\"https:\/\/i0.wp.com\/eltrabajo.cl\/portal\/wp-content\/uploads\/2020\/07\/Aro.jpg?resize=580%2C358&#038;ssl=1\" alt=\"Al fondo se ve el aro puesto sobre el tablero de madera que seg\u00fan la presidenta est\u00e1 da\u00f1ado.\" width=\"580\" height=\"358\" srcset=\"https:\/\/i0.wp.com\/eltrabajo.cl\/portal\/wp-content\/uploads\/2020\/07\/Aro.jpg?w=580&amp;ssl=1 580w, https:\/\/i0.wp.com\/eltrabajo.cl\/portal\/wp-content\/uploads\/2020\/07\/Aro.jpg?resize=300%2C185&amp;ssl=1 300w, https:\/\/i0.wp.com\/eltrabajo.cl\/portal\/wp-content\/uploads\/2020\/07\/Aro.jpg?resize=200%2C123&amp;ssl=1 200w\" sizes=\"auto, (max-width: 580px) 100vw, 580px\" \/><figcaption id=\"caption-attachment-100447\" class=\"wp-caption-text\">Al fondo se ve el aro puesto sobre el tablero de madera que seg\u00fan la presidenta est\u00e1 da\u00f1ado.<\/figcaption><\/figure>\n","protected":false},"excerpt":{"rendered":"<p>Vecinos de Villa El Se\u00f1orial: La directiva de la Villa El Se\u00f1orial que preside \u00c9rika \u00c1lvarez, se encuentra preocupada porque esperan que una vez que pase la pandemia, o antes si se&#8230;<\/p>\n","protected":false},"author":482,"featured_media":100447,"comment_status":"closed","ping_status":"open","sticky":false,"template":"","format":"standard","meta":{"advanced_seo_description":"","jetpack_seo_html_title":"","jetpack_seo_noindex":false,"_jetpack_memberships_contains_paid_content":false,"footnotes":""},"categories":[15],"tags":[],"class_list":["post-100445","post","type-post","status-publish","format-standard","has-post-thumbnail","hentry","category-comunidad"],"jetpack_featured_media_url":"https:\/\/i0.wp.com\/eltrabajo.cl\/portal\/wp-content\/uploads\/2020\/07\/Aro.jpg?fit=580%2C358&ssl=1","jetpack_sharing_enabled":true,"jetpack_likes_enabled":true,"jetpack-related-posts":[],"_links":{"self":[{"href":"https:\/\/eltrabajo.cl\/portal\/wp-json\/wp\/v2\/posts\/100445","targetHints":{"allow":["GET"]}}],"collection":[{"href":"https:\/\/eltrabajo.cl\/portal\/wp-json\/wp\/v2\/posts"}],"about":[{"href":"https:\/\/eltrabajo.cl\/portal\/wp-json\/wp\/v2\/types\/post"}],"author":[{"embeddable":true,"href":"https:\/\/eltrabajo.cl\/portal\/wp-json\/wp\/v2\/users\/482"}],"replies":[{"embeddable":true,"href":"https:\/\/eltrabajo.cl\/portal\/wp-json\/wp\/v2\/comments?post=100445"}],"version-history":[{"count":0,"href":"https:\/\/eltrabajo.cl\/portal\/wp-json\/wp\/v2\/posts\/100445\/revisions"}],"wp:featuredmedia":[{"embeddable":true,"href":"https:\/\/eltrabajo.cl\/portal\/wp-json\/wp\/v2\/media\/100447"}],"wp:attachment":[{"href":"https:\/\/eltrabajo.cl\/portal\/wp-json\/wp\/v2\/media?parent=100445"}],"wp:term":[{"taxonomy":"category","embeddable":true,"href":"https:\/\/eltrabajo.cl\/portal\/wp-json\/wp\/v2\/categories?post=100445"},{"taxonomy":"post_tag","embeddable":true,"href":"https:\/\/eltrabajo.cl\/portal\/wp-json\/wp\/v2\/tags?post=100445"}],"curies":[{"name":"wp","href":"https:\/\/api.w.org\/{rel}","templated":true}]}}