{"id":100449,"date":"2020-07-09T07:45:10","date_gmt":"2020-07-09T11:45:10","guid":{"rendered":"https:\/\/www.eltrabajo.cl\/portal\/?p=100449"},"modified":"2020-07-08T19:55:34","modified_gmt":"2020-07-08T23:55:34","slug":"este-sabado-es-la-olla-solidaria-itinerante-en-poblacion-la-santita","status":"publish","type":"post","link":"https:\/\/eltrabajo.cl\/portal\/este-sabado-es-la-olla-solidaria-itinerante-en-poblacion-la-santita\/","title":{"rendered":"Este s\u00e1bado es la Olla Solidaria Itinerante en Poblaci\u00f3n La Santita"},"content":{"rendered":"<p style=\"text-align: justify;\"><span style=\"color: #c81400;\"><strong>Coordinadora Derechos Humanos Aconcagua en acci\u00f3n:<\/strong><\/span><\/p>\n<p style=\"text-align: justify;\">Una nueva iniciativa comunitaria es la que est\u00e1n desarrollando un grupo de personas en nuestra comuna, dirigida a realizar la <em>Olla Solidaria Itinerante<\/em>, proyecto impulsado por la <em>Coordinadora Derechos Humanos Aconcagua<\/em>. La idea tambi\u00e9n implica que los comerciantes, emprendedores, feriantes y sanfelipe\u00f1os en general se involucren para potenciar este emprendimiento aportando productos para la Olla.<\/p>\n<p style=\"text-align: justify;\"><strong>Diario El Trabajo<\/strong> habl\u00f3 este mi\u00e9rcoles con <strong>\u00c1lex Figueroa<\/strong>, uno de los voceros de la agrupaci\u00f3n: <em>\u00abComo es sabido, muchas de las familias de nuestra ciudad y sus alrededores se encuentran en un lamentable estado de necesidad, es por eso que desde que los efectos de esta crisis se han ido agudizando, nuestra agrupaci\u00f3n de particulares, en colaboraci\u00f3n con la Coordinadora por la Promoci\u00f3n y Defensa de Derechos Humanos de Aconcagua, hemos venido desarrollando la Olla Solidaria Itinerante, repartiendo raciones de alimentos en distintos sectores y hoy en d\u00eda haci\u00e9ndolos llegar a los domicilios de las familias previamente catastradas, todo gracias a los aportes de particulares que an\u00f3nimamente nos han hecho llegar su colaboraci\u00f3n. A la fecha hemos logrado proporcionar alrededor de 1.000 platos de almuerzos. Ya es la sexta Olla<\/em>\u00bb, dijo Figueroa a nuestro medio.<\/p>\n<p style=\"text-align: justify;\">Semana a semana las demandas y necesidades han ido en aumento, por tal motivo estos activistas est\u00e1n solicitando su valiosa colaboraci\u00f3n, las cuales pueden consistir en aportes en dinero, insumos de aseo y protecci\u00f3n higi\u00e9nica, alimentos u otros que en su posibilidad puedan donar.<\/p>\n<p style=\"text-align: justify;\">\u00ab<em>Para hacer efectivo esta colaboraci\u00f3n, pueden llamarnos a los n\u00fameros +56 9 8774 3336 \u00f3 al +56 9 8605 7433; tambi\u00e9n puede escribirnos al WhatsApp +56 9 8774 3336 \u00f3 al +56 9 89838944, agradecemos de antemano su disposici\u00f3n y solidaridad. La pr\u00f3xima Olla se realizar\u00e1 este s\u00e1bado 11 de julio en Poblaci\u00f3n La Santita, iremos a las casas de las personas ya catastradas<\/em>\u00bb, coment\u00f3 el dirigente.<\/p>\n<p style=\"text-align: justify;\"><strong>Roberto Gonz\u00e1lez Short<\/strong><\/p>\n<figure id=\"attachment_100450\" aria-describedby=\"caption-attachment-100450\" style=\"width: 580px\" class=\"wp-caption aligncenter\"><img data-recalc-dims=\"1\" loading=\"lazy\" decoding=\"async\" class=\"size-full wp-image-100450\" src=\"https:\/\/i0.wp.com\/eltrabajo.cl\/portal\/wp-content\/uploads\/2020\/07\/Olla1.jpg?resize=580%2C435&#038;ssl=1\" alt=\"COMIDA CALIENTE.- Esta ONG aconcag\u00fcina ya ha entregado m\u00e1s de 1.000 almuerzos en nuestra comuna. Nuestros lectores pueden ayudar.\" width=\"580\" height=\"435\" srcset=\"https:\/\/i0.wp.com\/eltrabajo.cl\/portal\/wp-content\/uploads\/2020\/07\/Olla1.jpg?w=580&amp;ssl=1 580w, https:\/\/i0.wp.com\/eltrabajo.cl\/portal\/wp-content\/uploads\/2020\/07\/Olla1.jpg?resize=300%2C225&amp;ssl=1 300w, https:\/\/i0.wp.com\/eltrabajo.cl\/portal\/wp-content\/uploads\/2020\/07\/Olla1.jpg?resize=200%2C150&amp;ssl=1 200w\" sizes=\"auto, (max-width: 580px) 100vw, 580px\" \/><figcaption id=\"caption-attachment-100450\" class=\"wp-caption-text\">COMIDA CALIENTE.- Esta ONG aconcag\u00fcina ya ha entregado m\u00e1s de 1.000 almuerzos en nuestra comuna. Nuestros lectores pueden ayudar.<\/figcaption><\/figure>\n<figure id=\"attachment_100451\" aria-describedby=\"caption-attachment-100451\" style=\"width: 580px\" class=\"wp-caption aligncenter\"><img data-recalc-dims=\"1\" loading=\"lazy\" decoding=\"async\" class=\"size-full wp-image-100451\" src=\"https:\/\/i0.wp.com\/eltrabajo.cl\/portal\/wp-content\/uploads\/2020\/07\/Olla2.jpg?resize=580%2C359&#038;ssl=1\" alt=\"La pr\u00f3xima Olla se realizar\u00e1 este s\u00e1bado 11 de julio en Poblaci\u00f3n La Santita, iremos a las casas de las personas ya catastradas. (Archivo)\" width=\"580\" height=\"359\" srcset=\"https:\/\/i0.wp.com\/eltrabajo.cl\/portal\/wp-content\/uploads\/2020\/07\/Olla2.jpg?w=580&amp;ssl=1 580w, https:\/\/i0.wp.com\/eltrabajo.cl\/portal\/wp-content\/uploads\/2020\/07\/Olla2.jpg?resize=300%2C186&amp;ssl=1 300w, https:\/\/i0.wp.com\/eltrabajo.cl\/portal\/wp-content\/uploads\/2020\/07\/Olla2.jpg?resize=200%2C124&amp;ssl=1 200w\" sizes=\"auto, (max-width: 580px) 100vw, 580px\" \/><figcaption id=\"caption-attachment-100451\" class=\"wp-caption-text\">La pr\u00f3xima Olla se realizar\u00e1 este s\u00e1bado 11 de julio en Poblaci\u00f3n La Santita, iremos a las casas de las personas ya catastradas. (Archivo)<\/figcaption><\/figure>\n<figure id=\"attachment_100452\" aria-describedby=\"caption-attachment-100452\" style=\"width: 580px\" class=\"wp-caption aligncenter\"><img data-recalc-dims=\"1\" loading=\"lazy\" decoding=\"async\" class=\"size-full wp-image-100452\" src=\"https:\/\/i0.wp.com\/eltrabajo.cl\/portal\/wp-content\/uploads\/2020\/07\/Olla_Alex-Figueroa.jpg?resize=580%2C598&#038;ssl=1\" alt=\"\u00c1lex Figueroa, uno de los voceros de la agrupaci\u00f3n.\" width=\"580\" height=\"598\" srcset=\"https:\/\/i0.wp.com\/eltrabajo.cl\/portal\/wp-content\/uploads\/2020\/07\/Olla_Alex-Figueroa.jpg?w=580&amp;ssl=1 580w, https:\/\/i0.wp.com\/eltrabajo.cl\/portal\/wp-content\/uploads\/2020\/07\/Olla_Alex-Figueroa.jpg?resize=291%2C300&amp;ssl=1 291w, https:\/\/i0.wp.com\/eltrabajo.cl\/portal\/wp-content\/uploads\/2020\/07\/Olla_Alex-Figueroa.jpg?resize=145%2C150&amp;ssl=1 145w\" sizes=\"auto, (max-width: 580px) 100vw, 580px\" \/><figcaption id=\"caption-attachment-100452\" class=\"wp-caption-text\">\u00c1lex Figueroa, uno de los voceros de la agrupaci\u00f3n.<\/figcaption><\/figure>\n","protected":false},"excerpt":{"rendered":"<p>Coordinadora Derechos Humanos Aconcagua en acci\u00f3n: Una nueva iniciativa comunitaria es la que est\u00e1n desarrollando un grupo de personas en nuestra comuna, dirigida a realizar la Olla Solidaria Itinerante, proyecto impulsado por&#8230;<\/p>\n","protected":false},"author":482,"featured_media":100450,"comment_status":"closed","ping_status":"open","sticky":false,"template":"","format":"standard","meta":{"advanced_seo_description":"","jetpack_seo_html_title":"","jetpack_seo_noindex":false,"_jetpack_memberships_contains_paid_content":false,"footnotes":""},"categories":[15,105],"tags":[],"class_list":["post-100449","post","type-post","status-publish","format-standard","has-post-thumbnail","hentry","category-comunidad","category-covid-19"],"jetpack_featured_media_url":"https:\/\/i0.wp.com\/eltrabajo.cl\/portal\/wp-content\/uploads\/2020\/07\/Olla1.jpg?fit=580%2C435&ssl=1","jetpack_sharing_enabled":true,"jetpack_likes_enabled":true,"jetpack-related-posts":[],"_links":{"self":[{"href":"https:\/\/eltrabajo.cl\/portal\/wp-json\/wp\/v2\/posts\/100449","targetHints":{"allow":["GET"]}}],"collection":[{"href":"https:\/\/eltrabajo.cl\/portal\/wp-json\/wp\/v2\/posts"}],"about":[{"href":"https:\/\/eltrabajo.cl\/portal\/wp-json\/wp\/v2\/types\/post"}],"author":[{"embeddable":true,"href":"https:\/\/eltrabajo.cl\/portal\/wp-json\/wp\/v2\/users\/482"}],"replies":[{"embeddable":true,"href":"https:\/\/eltrabajo.cl\/portal\/wp-json\/wp\/v2\/comments?post=100449"}],"version-history":[{"count":0,"href":"https:\/\/eltrabajo.cl\/portal\/wp-json\/wp\/v2\/posts\/100449\/revisions"}],"wp:featuredmedia":[{"embeddable":true,"href":"https:\/\/eltrabajo.cl\/portal\/wp-json\/wp\/v2\/media\/100450"}],"wp:attachment":[{"href":"https:\/\/eltrabajo.cl\/portal\/wp-json\/wp\/v2\/media?parent=100449"}],"wp:term":[{"taxonomy":"category","embeddable":true,"href":"https:\/\/eltrabajo.cl\/portal\/wp-json\/wp\/v2\/categories?post=100449"},{"taxonomy":"post_tag","embeddable":true,"href":"https:\/\/eltrabajo.cl\/portal\/wp-json\/wp\/v2\/tags?post=100449"}],"curies":[{"name":"wp","href":"https:\/\/api.w.org\/{rel}","templated":true}]}}