{"id":100454,"date":"2020-07-09T07:50:19","date_gmt":"2020-07-09T11:50:19","guid":{"rendered":"https:\/\/www.eltrabajo.cl\/portal\/?p=100454"},"modified":"2020-07-08T19:59:42","modified_gmt":"2020-07-08T23:59:42","slug":"pobreza-pandemia-y-cuarentena-obligan-a-familias-a-construir-en-terrenos-fiscales","status":"publish","type":"post","link":"https:\/\/eltrabajo.cl\/portal\/pobreza-pandemia-y-cuarentena-obligan-a-familias-a-construir-en-terrenos-fiscales\/","title":{"rendered":"Pobreza, Pandemia y Cuarentena obligan a familias a construir en terrenos fiscales"},"content":{"rendered":"<p style=\"text-align: justify;\"><span style=\"color: #c81400;\"><strong>Gobierno espera, Obispado auxilia y migrantes siguen construyendo:<\/strong><\/span><\/p>\n<ul>\n<li style=\"text-align: justify;\"><strong>Haitiano sin trabajo y en toma reconoce a Diario El Trabajo que no era esto lo que \u00e9l esperaba cuando vino a Chile. Gobernador Claudio Rodr\u00edguez recuerda que este caso ya est\u00e1 judicializado. Obispado asegura que seguir\u00e1 brindando ayuda humanitaria.<\/strong><\/li>\n<\/ul>\n<p style=\"text-align: justify;\">La humanidad sigue acorralada por las enfermedades, deudas, carencias de los recursos m\u00e1s b\u00e1sicos, y despojada tambi\u00e9n de sus sue\u00f1os. Se trata de un drama humanitario que ocurre y se repite en casi todos los pa\u00edses del mundo, cuando no pueden disfrutar del Derecho Humano N\u00ba 25 de la Declaraci\u00f3n Universal de los Derechos Humanos establecida por todos los pa\u00edses que conforman la ONU: <em>\u00abToda persona tiene derecho a un nivel de vida adecuado que le asegure, as\u00ed como a su familia, la salud y el bienestar, y en especial la alimentaci\u00f3n, el vestido, <strong>la vivienda<\/strong>, la asistencia m\u00e9dica y los servicios sociales necesarios; tiene asimismo derecho a los seguros en caso de desempleo, enfermedad, invalidez, viudez, vejez u otros casos de p\u00e9rdida de sus medios de subsistencia por circunstancias independientes de su voluntad\u00bb.<\/em><\/p>\n<p style=\"text-align: justify;\">Citamos este art\u00edculo entre los 30 Derechos Humanos Universales, porque desde hace varias semanas cientos de personas se han tomado terrenos en el sector Surponiente de San Felipe (sector Parras\u00eda), en los cuales ya se han instalado muchas familias con casas de material ligero o media agua, otros ya se instalaron con sus ni\u00f1os chicos y el drama humanitario cada d\u00eda es peor.<\/p>\n<p style=\"text-align: justify;\">\n<p style=\"text-align: justify;\"><span style=\"color: #c81400;\"><strong>DRAMA FAMILIAR<\/strong><\/span><\/p>\n<p style=\"text-align: justify;\">Fue con miras a conocer esta situaci\u00f3n que <strong>Diario El Trabajo<\/strong> habl\u00f3 este mi\u00e9rcoles con uno de los haitianos, padre de varios hijos, <strong>Guerlins Desis<\/strong>, de 32 a\u00f1os de edad, quien nos explic\u00f3 su drama familiar:<\/p>\n<p style=\"text-align: justify;\">\u00ab<em>Sal\u00ed de Hait\u00ed a Rep\u00fablica Dominicana, pas\u00e9 luego a Per\u00fa y de ese pa\u00eds me vine a Chile. Yo tengo una hija aqu\u00ed nacida en Chile, y en mi pa\u00eds tengo tres hijos m\u00e1s con la misma esposa, ella est\u00e1 conmigo ac\u00e1 en Chile. Yo trabajaba agr\u00edcola en San Felipe, pero llevo varios meses sin pega<\/em>\u00bb, dijo el caribe\u00f1o.<\/p>\n<p style=\"text-align: justify;\">&#8211; <strong>\u00bfC\u00f3mo es la vida en estos terrenos? \u00bfYa hay familias viviendo en esas peque\u00f1as casas?<\/strong><\/p>\n<p style=\"text-align: justify;\">&#8211; S\u00ed, ya hay personas viviendo en ese lugar.<\/p>\n<p style=\"text-align: justify;\">&#8211; <strong>\u00bfHay ni\u00f1os viviendo tambi\u00e9n ah\u00ed?<\/strong><\/p>\n<p style=\"text-align: justify;\">&#8211; S\u00ed, hay ni\u00f1os viviendo ah\u00ed.<\/p>\n<p style=\"text-align: justify;\">&#8211; <strong>\u00bfCu\u00e1ntas familias pueden estar viviendo ah\u00ed?<\/strong><\/p>\n<p style=\"text-align: justify;\">&#8211; S\u00ed, hay muchas familias, somos como 90 familias viviendo en lugar.<\/p>\n<p style=\"text-align: justify;\">&#8211; <strong>\u00bfC\u00f3mo lograste conseguir un terreno para construir, alguien te lo vendi\u00f3?<\/strong><\/p>\n<p style=\"text-align: justify;\">&#8211; Yo tengo un amigo que me llama por tel\u00e9fono y me dice: \u2018Yo tengo terreno ac\u00e1 y te paso la mitad\u2019, \u00e9l me pas\u00f3 mitad a m\u00ed y yo ahora estoy construyendo una casa.<\/p>\n<p style=\"text-align: justify;\">&#8211; <strong>\u00bfSabes de alguien que est\u00e9 vendiendo terrenos en ese lugar?<\/strong><\/p>\n<p style=\"text-align: justify;\">&#8211; No s\u00e9.<\/p>\n<p style=\"text-align: justify;\">&#8211; <strong>\u00bfC\u00f3mo es que llegaste a este lugar, por qu\u00e9 dejaste de arrendar?<\/strong><\/p>\n<p style=\"text-align: justify;\">&#8211; Yo necesito una casa porque yo antes viv\u00eda en San Felipe, arrendaba, pero la due\u00f1a de la casa, una chilena, me manda a m\u00ed para fuera, entonces yo pas\u00e9 a vivir en la casa de un amigo, ahora entonces yo necesito una casa para vivir con mi familia.<\/p>\n<p style=\"text-align: justify;\">&#8211; <strong>\u00bfUsted esperaba que en Chile se encontrara con estas carencias?<\/strong><\/p>\n<p style=\"text-align: justify;\">&#8211; Yo esperaba algo mejor.<\/p>\n<p style=\"text-align: justify;\">&#8211; <strong>\u00bfQu\u00e9 le dicen sus familiares que viven en Hait\u00ed al saber que ustedes la est\u00e1n pasando mal ac\u00e1 en Chile?<\/strong><\/p>\n<p style=\"text-align: justify;\">&#8211; Yo necesito verlos porque tengo ya como tres a\u00f1os viviendo en Chile, mi familia est\u00e1 muy triste pues no puedo llegar a mi pa\u00eds, no hay dinero para pasaje en avi\u00f3n, all\u00e1 tengo hermanos, tengo pap\u00e1, tengo mam\u00e1, tengo de todo all\u00e1.<\/p>\n<p style=\"text-align: justify;\">&#8211; <strong>\u00bfC\u00f3mo es Hait\u00ed en el tema laboral?<\/strong><\/p>\n<p style=\"text-align: justify;\">&#8211; Es la misma vida que en Chile, pero menos trabajo, menos agricultura. Hay Poco. Yo lo que pido es ayuda, trabajo, porque no tengo plata para mi familia.<\/p>\n<p style=\"text-align: justify;\">\n<p style=\"text-align: justify;\"><span style=\"color: #c81400;\"><strong>GOBERNADOR RESPONDE<\/strong><\/span><\/p>\n<p style=\"text-align: justify;\">Las c\u00e1maras de <strong>Diario El Trabajo<\/strong> hicieron un recorrido al interior del Campamento El Carmen, como es llamado este asentamiento. En el lugar hay familias bolivianas, chilenas y haitianas. A nuestro paso vimos a personas construyendo, algunos ni\u00f1os chicos, gente cocinando y un ambiente de entusiasmo, esperanza en los rostros de quienes lo apuestan todo para construirse un techo.<\/p>\n<p style=\"text-align: justify;\">Nuestro medio consult\u00f3 por esta situaci\u00f3n a quien representa al presidente <strong>Sebasti\u00e1n Pi\u00f1era<\/strong>, el gobernador <strong>Claudio Rodr\u00edguez Cataldo<\/strong>, pues \u00e9ste es un escenario en el que, aunque no sea legal el proceder, pareciera que estas personas ya nada m\u00e1s tienen que perder y han decidido hacer su \u00faltima apuesta.<\/p>\n<p style=\"text-align: justify;\">\u00ab<em>Estoy muy consciente de la situaci\u00f3n por la que est\u00e1n pasando las personas que est\u00e1n en este lugar, sin embargo, tambi\u00e9n debo se\u00f1alar que se trata de un acto ilegal. Por lo mismo, al haberse tomado un terreno de propiedad privada y fiscal, el proceso se ha judicializado por denuncias de los afectados, por lo que habr\u00e1 que esperar lo que resuelva el tribunal competente<\/em> (\u2026) <em>En el caso de los extranjeros que participan de la toma, quisiera recordar que apenas asumi\u00f3 el actual gobierno del presidente Sebasti\u00e1n Pi\u00f1era se propuso ordenar y regularizar la situaci\u00f3n migratoria que en forma irresponsable abri\u00f3 el gobierno anterior. Esta regularizaci\u00f3n se dio como opci\u00f3n incluso a quienes hab\u00edan ingresado al territorio nacional por pasos fronterizos irregulares. A todos ellos se les dio esta oportunidad, para que de esta manera comenzaran a tener acceso y derecho a todos los beneficios que tenemos los chilenos. Por ello la invitaci\u00f3n es tanto a extranjeros, como chilenos, que se acerquen a los municipios o al Serviu para postular a los proyectos de vivienda, pues los extranjeros que hayan regularizado su situaci\u00f3n tienen los mismos derechos de cualquier chileno<\/em>\u00bb, precis\u00f3 Rodr\u00edguez a <strong>Diario El Trabajo<\/strong>.<\/p>\n<p style=\"text-align: justify;\">\n<p style=\"text-align: justify;\"><span style=\"color: #c81400;\"><strong>OBISPADO PRESENTE<\/strong><\/span><\/p>\n<p style=\"text-align: justify;\">Nuestro medio ha seguido buscando respuestas. Quien se tom\u00f3 la palabra y coment\u00f3 sobre este drama humanitario es el Obispo Electo de la Di\u00f3cesis de San Felipe, <strong>Gonzalo Bravo \u00c1lvarez<\/strong>, quien se\u00f1al\u00f3 lo siguiente:<\/p>\n<p style=\"text-align: justify;\">\u00ab<em>La toma ubicada en el sector surponiente de la ciudad de San Felipe, refleja una problem\u00e1tica social en que las personas buscan tener una soluci\u00f3n concreta a sus problemas de vivienda, en la cual muchos hermanos migrantes y sanfelipe\u00f1os han llegado hasta este lugar buscando un espacio donde poder vivir. Sin embargo, sabemos que no est\u00e1n en una situaci\u00f3n de legalidad, pero s\u00ed estamos conscientes del drama humano que viven estas familias. Es por ello que el Pueblo de Dios que peregrina en Aconcagua, ve el rostro de Cristo en los m\u00e1s vulnerables, por lo tanto se han generado algunas iniciativas directas para ir en ayuda.<\/em><\/p>\n<p style=\"text-align: justify;\">\u00ab<em>Desde la Delegaci\u00f3n Episcopal Caritas de San Felipe y la Pastoral de Migrantes, se ha estado en permanente contacto con las personas para entregar diferente tipos de ayuda, creando Ollas Comunes, entrega de alimentos no perecibles y agua, a lo que se suma la donaci\u00f3n de ropa de abrigo, frazadas y mascarillas, gracias a la generosidad de muchas personas<\/em>\u00bb, dijo la autoridad religiosa.<\/p>\n<p style=\"text-align: justify;\"><strong>Roberto Gonz\u00e1lez Short<\/strong><\/p>\n<figure id=\"attachment_100455\" aria-describedby=\"caption-attachment-100455\" style=\"width: 580px\" class=\"wp-caption aligncenter\"><img data-recalc-dims=\"1\" loading=\"lazy\" decoding=\"async\" class=\"size-full wp-image-100455\" src=\"https:\/\/i0.wp.com\/eltrabajo.cl\/portal\/wp-content\/uploads\/2020\/07\/Toma1.jpg?resize=580%2C359&#038;ssl=1\" alt=\"CONSTRUYENDO UN HOGAR.- Las c\u00e1maras de Diario El Trabajo registran el diario vivir de estas familias migrantes, quienes buscan una mejor vida construyendo en \u2018arenas movedizas\u2019.\" width=\"580\" height=\"359\" srcset=\"https:\/\/i0.wp.com\/eltrabajo.cl\/portal\/wp-content\/uploads\/2020\/07\/Toma1.jpg?w=580&amp;ssl=1 580w, https:\/\/i0.wp.com\/eltrabajo.cl\/portal\/wp-content\/uploads\/2020\/07\/Toma1.jpg?resize=300%2C186&amp;ssl=1 300w, https:\/\/i0.wp.com\/eltrabajo.cl\/portal\/wp-content\/uploads\/2020\/07\/Toma1.jpg?resize=200%2C124&amp;ssl=1 200w\" sizes=\"auto, (max-width: 580px) 100vw, 580px\" \/><figcaption id=\"caption-attachment-100455\" class=\"wp-caption-text\">CONSTRUYENDO UN HOGAR.- Las c\u00e1maras de Diario El Trabajo registran el diario vivir de estas familias migrantes, quienes buscan una mejor vida construyendo en \u2018arenas movedizas\u2019.<\/figcaption><\/figure>\n<figure id=\"attachment_100456\" aria-describedby=\"caption-attachment-100456\" style=\"width: 580px\" class=\"wp-caption aligncenter\"><img data-recalc-dims=\"1\" loading=\"lazy\" decoding=\"async\" class=\"size-full wp-image-100456\" src=\"https:\/\/i0.wp.com\/eltrabajo.cl\/portal\/wp-content\/uploads\/2020\/07\/Toma2.jpg?resize=580%2C358&#038;ssl=1\" alt=\"FUTURO INCIERTO.- La bandera de Chile est\u00e1 a medio caer, son m\u00e1s de 90 familias en plena acci\u00f3n.\" width=\"580\" height=\"358\" srcset=\"https:\/\/i0.wp.com\/eltrabajo.cl\/portal\/wp-content\/uploads\/2020\/07\/Toma2.jpg?w=580&amp;ssl=1 580w, https:\/\/i0.wp.com\/eltrabajo.cl\/portal\/wp-content\/uploads\/2020\/07\/Toma2.jpg?resize=300%2C185&amp;ssl=1 300w, https:\/\/i0.wp.com\/eltrabajo.cl\/portal\/wp-content\/uploads\/2020\/07\/Toma2.jpg?resize=200%2C123&amp;ssl=1 200w\" sizes=\"auto, (max-width: 580px) 100vw, 580px\" \/><figcaption id=\"caption-attachment-100456\" class=\"wp-caption-text\">FUTURO INCIERTO.- La bandera de Chile est\u00e1 a medio caer, son m\u00e1s de 90 familias en plena acci\u00f3n.<\/figcaption><\/figure>\n<figure id=\"attachment_100457\" aria-describedby=\"caption-attachment-100457\" style=\"width: 580px\" class=\"wp-caption aligncenter\"><img data-recalc-dims=\"1\" loading=\"lazy\" decoding=\"async\" class=\"size-full wp-image-100457\" src=\"https:\/\/i0.wp.com\/eltrabajo.cl\/portal\/wp-content\/uploads\/2020\/07\/Toma3.jpg?resize=580%2C359&#038;ssl=1\" alt=\"LA VIDA SE ABRE CAMINO.- En poco tiempo las autoridades judiciales investigan este caso, \u00bfqu\u00e9 har\u00e1 el Gobierno? \u00bfEcharlos a la calle?\" width=\"580\" height=\"359\" srcset=\"https:\/\/i0.wp.com\/eltrabajo.cl\/portal\/wp-content\/uploads\/2020\/07\/Toma3.jpg?w=580&amp;ssl=1 580w, https:\/\/i0.wp.com\/eltrabajo.cl\/portal\/wp-content\/uploads\/2020\/07\/Toma3.jpg?resize=300%2C186&amp;ssl=1 300w, https:\/\/i0.wp.com\/eltrabajo.cl\/portal\/wp-content\/uploads\/2020\/07\/Toma3.jpg?resize=200%2C124&amp;ssl=1 200w\" sizes=\"auto, (max-width: 580px) 100vw, 580px\" \/><figcaption id=\"caption-attachment-100457\" class=\"wp-caption-text\">LA VIDA SE ABRE CAMINO.- En poco tiempo las autoridades judiciales investigan este caso, \u00bfqu\u00e9 har\u00e1 el Gobierno? \u00bfEcharlos a la calle?<\/figcaption><\/figure>\n<figure id=\"attachment_100458\" aria-describedby=\"caption-attachment-100458\" style=\"width: 580px\" class=\"wp-caption aligncenter\"><img data-recalc-dims=\"1\" loading=\"lazy\" decoding=\"async\" class=\"size-full wp-image-100458\" src=\"https:\/\/i0.wp.com\/eltrabajo.cl\/portal\/wp-content\/uploads\/2020\/07\/Toma_Claudio-Rodriguez.jpg?resize=580%2C600&#038;ssl=1\" alt=\"Claudio Rodr\u00edguez Cataldo, gobernador de San Felipe.\" width=\"580\" height=\"600\" srcset=\"https:\/\/i0.wp.com\/eltrabajo.cl\/portal\/wp-content\/uploads\/2020\/07\/Toma_Claudio-Rodriguez.jpg?w=580&amp;ssl=1 580w, https:\/\/i0.wp.com\/eltrabajo.cl\/portal\/wp-content\/uploads\/2020\/07\/Toma_Claudio-Rodriguez.jpg?resize=290%2C300&amp;ssl=1 290w, https:\/\/i0.wp.com\/eltrabajo.cl\/portal\/wp-content\/uploads\/2020\/07\/Toma_Claudio-Rodriguez.jpg?resize=145%2C150&amp;ssl=1 145w\" sizes=\"auto, (max-width: 580px) 100vw, 580px\" \/><figcaption id=\"caption-attachment-100458\" class=\"wp-caption-text\">Claudio Rodr\u00edguez Cataldo, gobernador de San Felipe.<\/figcaption><\/figure>\n<figure id=\"attachment_100459\" aria-describedby=\"caption-attachment-100459\" style=\"width: 580px\" class=\"wp-caption aligncenter\"><img data-recalc-dims=\"1\" loading=\"lazy\" decoding=\"async\" class=\"size-full wp-image-100459\" src=\"https:\/\/i0.wp.com\/eltrabajo.cl\/portal\/wp-content\/uploads\/2020\/07\/Toma_Guerlins-Desis.jpg?resize=580%2C600&#038;ssl=1\" alt=\"Guerlins Desis, uno de los migrantes que habl\u00f3 con Diario El Trabajo.\" width=\"580\" height=\"600\" srcset=\"https:\/\/i0.wp.com\/eltrabajo.cl\/portal\/wp-content\/uploads\/2020\/07\/Toma_Guerlins-Desis.jpg?w=580&amp;ssl=1 580w, https:\/\/i0.wp.com\/eltrabajo.cl\/portal\/wp-content\/uploads\/2020\/07\/Toma_Guerlins-Desis.jpg?resize=290%2C300&amp;ssl=1 290w, https:\/\/i0.wp.com\/eltrabajo.cl\/portal\/wp-content\/uploads\/2020\/07\/Toma_Guerlins-Desis.jpg?resize=145%2C150&amp;ssl=1 145w\" sizes=\"auto, (max-width: 580px) 100vw, 580px\" \/><figcaption id=\"caption-attachment-100459\" class=\"wp-caption-text\">Guerlins Desis, uno de los migrantes que habl\u00f3 con Diario El Trabajo.<\/figcaption><\/figure>\n","protected":false},"excerpt":{"rendered":"<p>Gobierno espera, Obispado auxilia y migrantes siguen construyendo: Haitiano sin trabajo y en toma reconoce a Diario El Trabajo que no era esto lo que \u00e9l esperaba cuando vino a Chile. Gobernador&#8230;<\/p>\n","protected":false},"author":482,"featured_media":100455,"comment_status":"closed","ping_status":"open","sticky":false,"template":"","format":"standard","meta":{"advanced_seo_description":"","jetpack_seo_html_title":"","jetpack_seo_noindex":false,"_jetpack_memberships_contains_paid_content":false,"footnotes":""},"categories":[15,105],"tags":[],"class_list":["post-100454","post","type-post","status-publish","format-standard","has-post-thumbnail","hentry","category-comunidad","category-covid-19"],"jetpack_featured_media_url":"https:\/\/i0.wp.com\/eltrabajo.cl\/portal\/wp-content\/uploads\/2020\/07\/Toma1.jpg?fit=580%2C359&ssl=1","jetpack_sharing_enabled":true,"jetpack_likes_enabled":true,"jetpack-related-posts":[],"_links":{"self":[{"href":"https:\/\/eltrabajo.cl\/portal\/wp-json\/wp\/v2\/posts\/100454","targetHints":{"allow":["GET"]}}],"collection":[{"href":"https:\/\/eltrabajo.cl\/portal\/wp-json\/wp\/v2\/posts"}],"about":[{"href":"https:\/\/eltrabajo.cl\/portal\/wp-json\/wp\/v2\/types\/post"}],"author":[{"embeddable":true,"href":"https:\/\/eltrabajo.cl\/portal\/wp-json\/wp\/v2\/users\/482"}],"replies":[{"embeddable":true,"href":"https:\/\/eltrabajo.cl\/portal\/wp-json\/wp\/v2\/comments?post=100454"}],"version-history":[{"count":0,"href":"https:\/\/eltrabajo.cl\/portal\/wp-json\/wp\/v2\/posts\/100454\/revisions"}],"wp:featuredmedia":[{"embeddable":true,"href":"https:\/\/eltrabajo.cl\/portal\/wp-json\/wp\/v2\/media\/100455"}],"wp:attachment":[{"href":"https:\/\/eltrabajo.cl\/portal\/wp-json\/wp\/v2\/media?parent=100454"}],"wp:term":[{"taxonomy":"category","embeddable":true,"href":"https:\/\/eltrabajo.cl\/portal\/wp-json\/wp\/v2\/categories?post=100454"},{"taxonomy":"post_tag","embeddable":true,"href":"https:\/\/eltrabajo.cl\/portal\/wp-json\/wp\/v2\/tags?post=100454"}],"curies":[{"name":"wp","href":"https:\/\/api.w.org\/{rel}","templated":true}]}}