{"id":100461,"date":"2020-07-09T07:55:06","date_gmt":"2020-07-09T11:55:06","guid":{"rendered":"https:\/\/www.eltrabajo.cl\/portal\/?p=100461"},"modified":"2020-07-08T20:01:42","modified_gmt":"2020-07-09T00:01:42","slug":"muere-atropellada-duena-de-carrito-que-vendia-empanadas-y-sopaipillas-fritas","status":"publish","type":"post","link":"https:\/\/eltrabajo.cl\/portal\/muere-atropellada-duena-de-carrito-que-vendia-empanadas-y-sopaipillas-fritas\/","title":{"rendered":"Muere atropellada due\u00f1a de \u2018carrito\u2019 que vend\u00eda empanadas y sopaipillas fritas"},"content":{"rendered":"<p style=\"text-align: justify;\"><span style=\"color: #c81400;\"><strong>De luto el comercio ambulante de San Felipe:<\/strong><\/span><\/p>\n<p style=\"text-align: justify;\">Una conocida comerciante ambulante que vend\u00eda empanadas y sopaipillas fritas en un carrito por distintos lugares de San Felipe, muri\u00f3 atropellada por un veh\u00edculo en la comuna de Villarrica. Se trata de <strong>Isabel Mar\u00edn<\/strong>. La informaci\u00f3n se conoci\u00f3 por medio de las redes sociales durante la noche de este d\u00eda martes.<\/p>\n<p style=\"text-align: justify;\">Una de sus amigas, <strong>Karla Cortez<\/strong>, la describi\u00f3 como una gran mujer: <em>\u00abUna mujer muy esforzada, muy trabajadora; ella era comerciante afuera del supermercado Acuenta de Avenida Maip\u00fa, de aqu\u00ed del centro de la feria Diego de Almagro. Como ustedes saben est\u00e1 todo malo desde que comenz\u00f3 el virus, todos los comerciantes nos fuimos a cuarentena, porque est\u00e1 mal y mi amiga fue en busca de trabajo, se fue a Villarrica donde le ofrecieron un trabajo, pero tambi\u00e9n estaba mal all\u00e1 porque no se hab\u00eda podido levantar como ella pensaba. Ayer (martes), sali\u00f3 del trabajo, fue a la casa, se juntaban donde compart\u00edan compa\u00f1eros del trabajo, cuando va caminando por una calle que es muy oscura en Villarrica y pasa un veh\u00edculo, iba una mujer manejando, la atropell\u00f3 y ella muri\u00f3 al tiro en el lugar\u00bb,<\/em> dijo.<\/p>\n<p style=\"text-align: justify;\">Su amiga tambi\u00e9n comenta que en este momento est\u00e1n realizando una campa\u00f1a para reunir dinero para poder comprar un terreno en el cementerio y poder sepultarla; <em>\u00abporque ella no ten\u00eda nada, su hijo que la anda buscando en el sur con los de la funeraria, \u00e9l est\u00e1 igual de brazos cruzados, no tiene donde apoyarse y necesitamos contar con la gran familia que es el comercio que los apoyen\u00bb,<\/em> se\u00f1ala Karla.<\/p>\n<p style=\"text-align: justify;\">Isabel era conocida porque se movilizaba para todos lados en su carro color rojo: <em>\u00abA m\u00ed me ha dolido mucho la partida de ella porque no se esperaba, tengo mi coraz\u00f3n destrozado al igual que la yerna que est\u00e1 conmigo ac\u00e1, <strong>Johanna<\/strong>, que muchos la conocen, no deber\u00eda decirlo, pero es la chica de los anticuchos del Acuenta. Yo tambi\u00e9n trabajaba a\u00f1os con ella afuera del Acuenta y ahora necesitamos contar con el resto del comercio que nos apoyen\u00bb,<\/em> se\u00f1alo Karla, su amiga.<\/p>\n<p style=\"text-align: justify;\">&#8211; <strong>\u00bfC\u00f3mo la gente puede cooperar?, usted hablaba del traslado.<\/strong><\/p>\n<p style=\"text-align: justify;\">&#8211; Mire, el trasladado ya est\u00e1 listo, gracias a Dios aparecieron personas que pudieron ayudar en eso, pero ahora necesitamos que nos ayuden econ\u00f3micamente para poder sepultarla, hay que pagar ingresos al cementerio, verle un nicho, algo. Ella no ten\u00eda nada y los que quedamos con esto fuimos nosotros, entonces tampoco podemos dejarla ah\u00ed sola.<\/p>\n<p style=\"text-align: justify;\">Dice que desde la Dideco de San Felipe le ayudaron con el traslado del cuerpo. Pero reiter\u00f3 que hay que reunir dinero para los tr\u00e1mites de sepultaci\u00f3n, donde se debe pagar; <em>\u00abahora necesitamos contar con ayuda, sobre todo el comercio de la calle que era el m\u00e1s conocido para ella, quien m\u00e1s la apoyaba, la calle donde la ve\u00edan, pero ahora necesito contar con ellos, de hecho anoche se public\u00f3 en las redes sociales, mucha gente me ha llamado si tiene cuenta Rut\u00bb,<\/em> indica.<\/p>\n<p style=\"text-align: justify;\">Al finalizar deja un n\u00famero de Cuenta Rut 15.006.801-0\u00a0 a nombre de Carla Cortez.<\/p>\n<figure id=\"attachment_100463\" aria-describedby=\"caption-attachment-100463\" style=\"width: 580px\" class=\"wp-caption aligncenter\"><img data-recalc-dims=\"1\" loading=\"lazy\" decoding=\"async\" class=\"size-full wp-image-100463\" src=\"https:\/\/i0.wp.com\/eltrabajo.cl\/portal\/wp-content\/uploads\/2020\/07\/Isabel-Marin.jpg?resize=580%2C681&#038;ssl=1\" alt=\"Isabel Mar\u00edn, conocida comerciante ambulante de San Felipe, falleci\u00f3 atropellada en Villarrica hasta donde viaj\u00f3 en busca del sustento tras la pandemia.\" width=\"580\" height=\"681\" srcset=\"https:\/\/i0.wp.com\/eltrabajo.cl\/portal\/wp-content\/uploads\/2020\/07\/Isabel-Marin.jpg?w=580&amp;ssl=1 580w, https:\/\/i0.wp.com\/eltrabajo.cl\/portal\/wp-content\/uploads\/2020\/07\/Isabel-Marin.jpg?resize=256%2C300&amp;ssl=1 256w, https:\/\/i0.wp.com\/eltrabajo.cl\/portal\/wp-content\/uploads\/2020\/07\/Isabel-Marin.jpg?resize=128%2C150&amp;ssl=1 128w\" sizes=\"auto, (max-width: 580px) 100vw, 580px\" \/><figcaption id=\"caption-attachment-100463\" class=\"wp-caption-text\">Isabel Mar\u00edn, conocida comerciante ambulante de San Felipe, falleci\u00f3 atropellada en Villarrica hasta donde viaj\u00f3 en busca del sustento tras la pandemia.<\/figcaption><\/figure>\n","protected":false},"excerpt":{"rendered":"<p>De luto el comercio ambulante de San Felipe: Una conocida comerciante ambulante que vend\u00eda empanadas y sopaipillas fritas en un carrito por distintos lugares de San Felipe, muri\u00f3 atropellada por un veh\u00edculo&#8230;<\/p>\n","protected":false},"author":482,"featured_media":100462,"comment_status":"closed","ping_status":"open","sticky":false,"template":"","format":"standard","meta":{"advanced_seo_description":"","jetpack_seo_html_title":"","jetpack_seo_noindex":false,"_jetpack_memberships_contains_paid_content":false,"footnotes":""},"categories":[15],"tags":[],"class_list":["post-100461","post","type-post","status-publish","format-standard","has-post-thumbnail","hentry","category-comunidad"],"jetpack_featured_media_url":"https:\/\/i0.wp.com\/eltrabajo.cl\/portal\/wp-content\/uploads\/2020\/07\/Isabel-Marin-copia.jpg?fit=580%2C359&ssl=1","jetpack_sharing_enabled":true,"jetpack_likes_enabled":true,"jetpack-related-posts":[],"_links":{"self":[{"href":"https:\/\/eltrabajo.cl\/portal\/wp-json\/wp\/v2\/posts\/100461","targetHints":{"allow":["GET"]}}],"collection":[{"href":"https:\/\/eltrabajo.cl\/portal\/wp-json\/wp\/v2\/posts"}],"about":[{"href":"https:\/\/eltrabajo.cl\/portal\/wp-json\/wp\/v2\/types\/post"}],"author":[{"embeddable":true,"href":"https:\/\/eltrabajo.cl\/portal\/wp-json\/wp\/v2\/users\/482"}],"replies":[{"embeddable":true,"href":"https:\/\/eltrabajo.cl\/portal\/wp-json\/wp\/v2\/comments?post=100461"}],"version-history":[{"count":0,"href":"https:\/\/eltrabajo.cl\/portal\/wp-json\/wp\/v2\/posts\/100461\/revisions"}],"wp:featuredmedia":[{"embeddable":true,"href":"https:\/\/eltrabajo.cl\/portal\/wp-json\/wp\/v2\/media\/100462"}],"wp:attachment":[{"href":"https:\/\/eltrabajo.cl\/portal\/wp-json\/wp\/v2\/media?parent=100461"}],"wp:term":[{"taxonomy":"category","embeddable":true,"href":"https:\/\/eltrabajo.cl\/portal\/wp-json\/wp\/v2\/categories?post=100461"},{"taxonomy":"post_tag","embeddable":true,"href":"https:\/\/eltrabajo.cl\/portal\/wp-json\/wp\/v2\/tags?post=100461"}],"curies":[{"name":"wp","href":"https:\/\/api.w.org\/{rel}","templated":true}]}}