{"id":100465,"date":"2020-07-09T08:00:00","date_gmt":"2020-07-09T12:00:00","guid":{"rendered":"https:\/\/www.eltrabajo.cl\/portal\/?p=100465"},"modified":"2020-07-08T20:03:31","modified_gmt":"2020-07-09T00:03:31","slug":"murio-luego-de-arrancarse-cuando-iba-a-residencia-sanitaria-en-rinconada","status":"publish","type":"post","link":"https:\/\/eltrabajo.cl\/portal\/murio-luego-de-arrancarse-cuando-iba-a-residencia-sanitaria-en-rinconada\/","title":{"rendered":"Muri\u00f3 luego de arrancarse cuando iba a residencia sanitaria en Rinconada"},"content":{"rendered":"<p style=\"text-align: justify;\"><span style=\"color: #c81400;\"><strong>Radiograf\u00eda mostr\u00f3 se\u00f1ales de Covid-19:<\/strong><\/span><\/p>\n<p style=\"text-align: justify;\">En el interior de su dormitorio ubicado en los Departamentos Enc\u00f3n falleci\u00f3 un hombre de nacionalidad haitiana, presuntamente a ra\u00edz del Covid-19, porque pese a dar negativo en el examen de PCR, al efectuarle una radiograf\u00eda aparec\u00edan indicios muy sugerentes al Coronavirus. Lamentablemente la muerte se produce luego de arrancarse cuando era llevado de vuelta desde el Hospital San Camilo a la residencia sanitaria ubicada en Rinconada de Los Andes.<\/p>\n<p style=\"text-align: justify;\">As\u00ed lo detalla la doctora <strong>Iris Boisier<\/strong>, donde reitera que se trata de un hombre de nacionalidad haitiana <em>\u00abque estaba en la residencia Howard Johnson, hab\u00eda ingresado el d\u00eda lunes proveniente del Hospital San Camilo, donde hab\u00eda estado hospitalizado por una neumon\u00eda con un PCR negativo, pero con una radiograf\u00eda muy sugerente de Covid; \u00e9l no quer\u00eda ingresar a la residencia y ayer (martes), en la tarde\u00a0 empez\u00f3 con cierto apremio respiratorio y fue derivado al servicio de urgencia del San Camilo donde fue atendido. Estaba en buenas condiciones generales, estaba saturando bastante bien y \u00e9l hab\u00eda suspendido los antibi\u00f3ticos, porque tambi\u00e9n ten\u00eda problemas idiom\u00e1ticos; siempre es dif\u00edcil la atenci\u00f3n con los pacientes haitianos. Posteriormente fue retornado a la residencia porque no requer\u00eda hospitalizaci\u00f3n, ni ox\u00edgeno ni nada, s\u00f3lo se retom\u00f3 el tratamiento y cuando iban de vuelta a la residencia en un m\u00f3vil nuestro, no en una ambulancia, en un taxi porque nosotros tenemos distintos tipos de m\u00f3viles, los pacientes para las residencias son trasladados as\u00ed y se les arranc\u00f3 y despu\u00e9s apareci\u00f3 muerto en su residencia (departamento). Se tom\u00f3 otra PCR as\u00ed es que estamos a la espera, s\u00f3lo como digo la imagen radiol\u00f3gica era muy sugerente de Covid-19\u00bb,<\/em> se\u00f1al\u00f3.<\/p>\n<p style=\"text-align: justify;\">Mientras tanto el Seremi de Salud de la Quinta Regi\u00f3n, doctor <strong>Jaime Jamett<\/strong>, dijo que la muerte de esta persona estaba siendo investigada.<\/p>\n<p style=\"text-align: justify;\">El cuerpo de la persona fue retirado este d\u00eda martes en la noche desde su departamento.<\/p>\n<figure id=\"attachment_100466\" aria-describedby=\"caption-attachment-100466\" style=\"width: 580px\" class=\"wp-caption aligncenter\"><img data-recalc-dims=\"1\" loading=\"lazy\" decoding=\"async\" class=\"size-full wp-image-100466\" src=\"https:\/\/i0.wp.com\/eltrabajo.cl\/portal\/wp-content\/uploads\/2020\/07\/encon-1.jpg?resize=580%2C360&#038;ssl=1\" alt=\"El cuerpo del hombre cuando era subido al carro f\u00fanebre. (Foto @preludioRadio).\" width=\"580\" height=\"360\" srcset=\"https:\/\/i0.wp.com\/eltrabajo.cl\/portal\/wp-content\/uploads\/2020\/07\/encon-1.jpg?w=580&amp;ssl=1 580w, https:\/\/i0.wp.com\/eltrabajo.cl\/portal\/wp-content\/uploads\/2020\/07\/encon-1.jpg?resize=300%2C186&amp;ssl=1 300w, https:\/\/i0.wp.com\/eltrabajo.cl\/portal\/wp-content\/uploads\/2020\/07\/encon-1.jpg?resize=200%2C124&amp;ssl=1 200w\" sizes=\"auto, (max-width: 580px) 100vw, 580px\" \/><figcaption id=\"caption-attachment-100466\" class=\"wp-caption-text\">El cuerpo del hombre cuando era subido al carro f\u00fanebre. (Foto @preludioRadio).<\/figcaption><\/figure>\n","protected":false},"excerpt":{"rendered":"<p>Radiograf\u00eda mostr\u00f3 se\u00f1ales de Covid-19: En el interior de su dormitorio ubicado en los Departamentos Enc\u00f3n falleci\u00f3 un hombre de nacionalidad haitiana, presuntamente a ra\u00edz del Covid-19, porque pese a dar negativo&#8230;<\/p>\n","protected":false},"author":482,"featured_media":100466,"comment_status":"closed","ping_status":"open","sticky":false,"template":"","format":"standard","meta":{"advanced_seo_description":"","jetpack_seo_html_title":"","jetpack_seo_noindex":false,"_jetpack_memberships_contains_paid_content":false,"footnotes":""},"categories":[15,105],"tags":[],"class_list":["post-100465","post","type-post","status-publish","format-standard","has-post-thumbnail","hentry","category-comunidad","category-covid-19"],"jetpack_featured_media_url":"https:\/\/i0.wp.com\/eltrabajo.cl\/portal\/wp-content\/uploads\/2020\/07\/encon-1.jpg?fit=580%2C360&ssl=1","jetpack_sharing_enabled":true,"jetpack_likes_enabled":true,"jetpack-related-posts":[],"_links":{"self":[{"href":"https:\/\/eltrabajo.cl\/portal\/wp-json\/wp\/v2\/posts\/100465","targetHints":{"allow":["GET"]}}],"collection":[{"href":"https:\/\/eltrabajo.cl\/portal\/wp-json\/wp\/v2\/posts"}],"about":[{"href":"https:\/\/eltrabajo.cl\/portal\/wp-json\/wp\/v2\/types\/post"}],"author":[{"embeddable":true,"href":"https:\/\/eltrabajo.cl\/portal\/wp-json\/wp\/v2\/users\/482"}],"replies":[{"embeddable":true,"href":"https:\/\/eltrabajo.cl\/portal\/wp-json\/wp\/v2\/comments?post=100465"}],"version-history":[{"count":0,"href":"https:\/\/eltrabajo.cl\/portal\/wp-json\/wp\/v2\/posts\/100465\/revisions"}],"wp:featuredmedia":[{"embeddable":true,"href":"https:\/\/eltrabajo.cl\/portal\/wp-json\/wp\/v2\/media\/100466"}],"wp:attachment":[{"href":"https:\/\/eltrabajo.cl\/portal\/wp-json\/wp\/v2\/media?parent=100465"}],"wp:term":[{"taxonomy":"category","embeddable":true,"href":"https:\/\/eltrabajo.cl\/portal\/wp-json\/wp\/v2\/categories?post=100465"},{"taxonomy":"post_tag","embeddable":true,"href":"https:\/\/eltrabajo.cl\/portal\/wp-json\/wp\/v2\/tags?post=100465"}],"curies":[{"name":"wp","href":"https:\/\/api.w.org\/{rel}","templated":true}]}}