{"id":100512,"date":"2020-07-09T19:50:45","date_gmt":"2020-07-09T23:50:45","guid":{"rendered":"https:\/\/www.eltrabajo.cl\/portal\/?p=100512"},"modified":"2020-07-09T19:50:45","modified_gmt":"2020-07-09T23:50:45","slug":"gendarmes-de-los-andes-detienen-a-sujeto-que-intentaba-realizar-pelotazo","status":"publish","type":"post","link":"https:\/\/eltrabajo.cl\/portal\/gendarmes-de-los-andes-detienen-a-sujeto-que-intentaba-realizar-pelotazo\/","title":{"rendered":"Gendarmes de Los Andes detienen a sujeto que intentaba realizar \u2018pelotazo\u2019"},"content":{"rendered":"<ul style=\"text-align: justify;\">\n<li><strong>Funcionario se percat\u00f3 de la presencia de un hombre en dependencias de Gendarmer\u00eda aleda\u00f1as al establecimiento penitenciario.<\/strong><\/li>\n<\/ul>\n<p style=\"text-align: justify;\"><strong>LOS ANDES.- <\/strong>La alerta del funcionario encargado del Circuito Cerrado de Televisi\u00f3n (CCTV) del Centro de Cumplimiento Penitenciario de Los Andes, permiti\u00f3 detener a una persona que hab\u00eda ingresado ilegalmente hasta el centro recreacional de la unidad, el que se ubica contiguo al recinto penal, con la intenci\u00f3n de lanzar droga y otros implementos al sector donde se encuentra la poblaci\u00f3n penal.<\/p>\n<p style=\"text-align: justify;\">La persona, de iniciales <strong>I.E.M.F.<\/strong>, habr\u00eda llegado hasta el recinto deportivo aproximadamente a las 17:00 horas de este martes con la intenci\u00f3n de lanzar los objetos prohibidos por la administraci\u00f3n penitenciaria, lo que es conocido popularmente bajo el nombre de \u2018pelotazo\u2019. Sin embargo, esto no fue posible gracias a la r\u00e1pida reacci\u00f3n de los gendarmes, quienes,\u00a0 pese a la resistencia del individuo, lograron retenerle y entregarlo a personal de la Polic\u00eda de Investigaciones.<\/p>\n<p style=\"text-align: justify;\">El jefe del CCP andino, comandante <strong>Danilo Mill\u00f3n<\/strong>, quien inform\u00f3 al fiscal de turno sobre este hecho, detall\u00f3 lo ocurrido se\u00f1alando que <em>\u00aben circunstancias que se proced\u00eda al encierro de la poblaci\u00f3n penal, personal del CCTV del establecimiento detect\u00f3 a un ciudadano que ingres\u00f3 a un recinto fiscal perteneciente al establecimiento (penal). Al verse sorprendido por el personal de Gendarmer\u00eda que concurri\u00f3 a fiscalizar dicha situaci\u00f3n, trat\u00f3 de emprender la huida, siendo retenido por el personal de servicio\u00bb.<\/em><\/p>\n<p style=\"text-align: justify;\">Posteriormente, a\u00f1ade el comandante Mill\u00f3n, se llam\u00f3 a personal de la PDI, el que constat\u00f3 que portaba droga (pasta base, marihuana y clorhidrato de coca\u00edna)<\/p>\n<p style=\"text-align: justify;\">\u00ab<em>Cabe hacer presente el profesionalismo del personal, el cual actu\u00f3 con premura, evitando que ingresara gran cantidad de droga al establecimiento penal, evitando as\u00ed alteraciones al r\u00e9gimen interno\u00bb.<\/em><\/p>\n<p style=\"text-align: justify;\">Al interior de un banano el detenido guardaba dos cargadores de tel\u00e9fono celular, una tarjeta bancaria, dos tel\u00e9fonos m\u00f3viles, 29 envoltorios con cannabis sativa, 1 envoltorio con clorhidrato de coca\u00edna y tres pastillas de Clonazepam.<\/p>\n<p style=\"text-align: justify;\">En cuanto a un posible incremento de este tipo de intentos por ingresar droga durante la pandemia, el jefe de la unidad de Los Andes confirm\u00f3 que se ha experimentado un incremento de estos sucesos.<\/p>\n<p style=\"text-align: justify;\">\u00ab<em>Efectivamente con el paso del tiempo durante la pandemia han aumentado los eventos de lanzamiento de drogas hacia el interior del penal por distintos sectores aleda\u00f1os al establecimiento penal\u00bb.<\/em><\/p>\n<p style=\"text-align: justify;\">El comandante agreg\u00f3 que esta situaci\u00f3n ha llevado a que el personal de servicio haya fortalecido la vigilancia ante la posibilidad de que se repitan estos intentos.<\/p>\n<figure id=\"attachment_100513\" aria-describedby=\"caption-attachment-100513\" style=\"width: 580px\" class=\"wp-caption aligncenter\"><img data-recalc-dims=\"1\" loading=\"lazy\" decoding=\"async\" class=\"size-full wp-image-100513\" src=\"https:\/\/i0.wp.com\/eltrabajo.cl\/portal\/wp-content\/uploads\/2020\/07\/jefe-CCP-andino-Danilo-Millon.jpg?resize=580%2C358&#038;ssl=1\" alt=\"El jefe del CCP andino, comandante Danilo Mill\u00f3n, reconoci\u00f3 que ha habido un incremento en este tipo de intentos de ingresar drogas al penal.\" width=\"580\" height=\"358\" srcset=\"https:\/\/i0.wp.com\/eltrabajo.cl\/portal\/wp-content\/uploads\/2020\/07\/jefe-CCP-andino-Danilo-Millon.jpg?w=580&amp;ssl=1 580w, https:\/\/i0.wp.com\/eltrabajo.cl\/portal\/wp-content\/uploads\/2020\/07\/jefe-CCP-andino-Danilo-Millon.jpg?resize=300%2C185&amp;ssl=1 300w, https:\/\/i0.wp.com\/eltrabajo.cl\/portal\/wp-content\/uploads\/2020\/07\/jefe-CCP-andino-Danilo-Millon.jpg?resize=200%2C123&amp;ssl=1 200w\" sizes=\"auto, (max-width: 580px) 100vw, 580px\" \/><figcaption id=\"caption-attachment-100513\" class=\"wp-caption-text\">El jefe del CCP andino, comandante Danilo Mill\u00f3n, reconoci\u00f3 que ha habido un incremento en este tipo de intentos de ingresar drogas al penal.<\/figcaption><\/figure>\n","protected":false},"excerpt":{"rendered":"<p>Funcionario se percat\u00f3 de la presencia de un hombre en dependencias de Gendarmer\u00eda aleda\u00f1as al establecimiento penitenciario. LOS ANDES.- La alerta del funcionario encargado del Circuito Cerrado de Televisi\u00f3n (CCTV) del Centro&#8230;<\/p>\n","protected":false},"author":482,"featured_media":100513,"comment_status":"closed","ping_status":"open","sticky":false,"template":"","format":"standard","meta":{"advanced_seo_description":"","jetpack_seo_html_title":"","jetpack_seo_noindex":false,"_jetpack_memberships_contains_paid_content":false,"footnotes":""},"categories":[21],"tags":[],"class_list":["post-100512","post","type-post","status-publish","format-standard","has-post-thumbnail","hentry","category-policial"],"jetpack_featured_media_url":"https:\/\/i0.wp.com\/eltrabajo.cl\/portal\/wp-content\/uploads\/2020\/07\/jefe-CCP-andino-Danilo-Millon.jpg?fit=580%2C358&ssl=1","jetpack_sharing_enabled":true,"jetpack_likes_enabled":true,"jetpack-related-posts":[],"_links":{"self":[{"href":"https:\/\/eltrabajo.cl\/portal\/wp-json\/wp\/v2\/posts\/100512","targetHints":{"allow":["GET"]}}],"collection":[{"href":"https:\/\/eltrabajo.cl\/portal\/wp-json\/wp\/v2\/posts"}],"about":[{"href":"https:\/\/eltrabajo.cl\/portal\/wp-json\/wp\/v2\/types\/post"}],"author":[{"embeddable":true,"href":"https:\/\/eltrabajo.cl\/portal\/wp-json\/wp\/v2\/users\/482"}],"replies":[{"embeddable":true,"href":"https:\/\/eltrabajo.cl\/portal\/wp-json\/wp\/v2\/comments?post=100512"}],"version-history":[{"count":0,"href":"https:\/\/eltrabajo.cl\/portal\/wp-json\/wp\/v2\/posts\/100512\/revisions"}],"wp:featuredmedia":[{"embeddable":true,"href":"https:\/\/eltrabajo.cl\/portal\/wp-json\/wp\/v2\/media\/100513"}],"wp:attachment":[{"href":"https:\/\/eltrabajo.cl\/portal\/wp-json\/wp\/v2\/media?parent=100512"}],"wp:term":[{"taxonomy":"category","embeddable":true,"href":"https:\/\/eltrabajo.cl\/portal\/wp-json\/wp\/v2\/categories?post=100512"},{"taxonomy":"post_tag","embeddable":true,"href":"https:\/\/eltrabajo.cl\/portal\/wp-json\/wp\/v2\/tags?post=100512"}],"curies":[{"name":"wp","href":"https:\/\/api.w.org\/{rel}","templated":true}]}}