{"id":100524,"date":"2020-07-10T07:45:54","date_gmt":"2020-07-10T11:45:54","guid":{"rendered":"https:\/\/www.eltrabajo.cl\/portal\/?p=100524"},"modified":"2020-07-09T20:05:38","modified_gmt":"2020-07-10T00:05:38","slug":"delincuentes-vuelven-a-ingresar-a-robar-a-una-dependencia-de-la-daem","status":"publish","type":"post","link":"https:\/\/eltrabajo.cl\/portal\/delincuentes-vuelven-a-ingresar-a-robar-a-una-dependencia-de-la-daem\/","title":{"rendered":"Delincuentes vuelven a ingresar a robar a una dependencia de la DAEM"},"content":{"rendered":"<p style=\"text-align: justify;\"><span style=\"color: #c81400;\"><strong>Esta vez s\u00f3lo causaron da\u00f1os:<\/strong><\/span><\/p>\n<p style=\"text-align: justify;\">A pesar que no se robaron ninguna especie, desde el Departamento de Administraci\u00f3n de Educaci\u00f3n Municipal de San Felipe igual lo calificaron como robo porque ingresaron por una v\u00eda no destinada a la entrada. De esa manera se refirieron a un hecho que qued\u00f3 al descubierto ayer en la ma\u00f1ana, cuando lleg\u00f3 un funcionario municipal a buscar uno de los veh\u00edculos que dejan estacionados en un patio de donde se puede ver el edificio.<\/p>\n<p style=\"text-align: justify;\">Al respecto fue el asesor jur\u00eddico de la DAEM, <strong>William Galaz<\/strong>, quien reconoci\u00f3 la situaci\u00f3n indicando que en esta ocasi\u00f3n s\u00f3lo hubo da\u00f1os, recordando que tiempo atr\u00e1s, en una dependencia contigua a \u00e9sta, entraron y robaron varios equipos computaciones que estaban en el lugar.<\/p>\n<p style=\"text-align: justify;\">\u00ab<em>Sin duda fue un robo porque ingresaron por una v\u00eda no destinada al efecto, entraron por una ventana del segundo piso, destruyeron una puerta que estaba con llave para acceder a las otras dependencias, adem\u00e1s destruyeron dos ventanales que estaban abajo, dos puertas que ten\u00edan llave, eran unas mamparas y las destruyeron para poder ingresar. Afortunadamente fueron m\u00e1s da\u00f1os que robo porque si bien es cierto hab\u00edan varios computadores, pero estaban amarrados a los bancos donde est\u00e1n instalados y no se los pudieron llevar. Sin lugar a dudas los da\u00f1os nosotros los estimamos en cien a ciento veinte mil pesos entre vidrios. De todas maneras se adoptaron todas las medidas de seguridad, en estos momentos los maestros est\u00e1n colocando nuevas protecciones porque uno coloca protecciones por un lado y entran por otro lado, para evitar que puedan ingresar nuevamente\u00bb,<\/em> se\u00f1al\u00f3 William Galaz.<\/p>\n<p style=\"text-align: justify;\">Galaz lamenta que nuevamente hayan entrado a robar. Esto porque la vez anterior ingresaron y robaron unos computadores, <em>\u00abpero no fue en ese mismo lugar, fue en una dependencia donde estaba el departamento de computaci\u00f3n, ah\u00ed se llevaron varios aparatos de computaci\u00f3n. Afortunadamente en este caso no fue as\u00ed, pero s\u00ed da\u00f1os, desorden y todo lo dem\u00e1s. No podemos determinar si hay alguna cosa de valor que se hayan llevado, al menos lo que est\u00e1 inventariado, que son los computadores, no se los llevaron\u00bb,<\/em> se\u00f1al\u00f3.<\/p>\n<p style=\"text-align: justify;\">Respecto a c\u00f3mo se dieron cuenta, William Galaz indic\u00f3 que fue un funcionario municipal en el momento que fue a buscar un veh\u00edculo, puesto que se guardan algunos veh\u00edculos en ese lugar, <em>\u00abse dio cuenta que la puerta del segundo piso estaba abierta y llamaron a otro funcionario que trabaja en esa dependencia y tiene la llave para poder acceder, porque producto de esta situaci\u00f3n est\u00e1n con teletrabajo y al ingresar pudimos percatar de todos los da\u00f1os. Se aperson\u00f3 Carabineros como a las ocho y media de la ma\u00f1ana, se tom\u00f3 el parte policial\u00bb,<\/em> finaliz\u00f3 Galaz.<\/p>\n<p style=\"text-align: justify;\">Esta dependencia se ubica en la esquina de Carlos Condel al llegar a Traslavi\u00f1a. Antiguamente era la casa del rector del Liceo de Hombres doctor Roberto Humeres Oyaneder. Actualmente funciona el Departamento Sicosocial y el programa L\u00edderes para la Vida.<\/p>\n<figure id=\"attachment_100525\" aria-describedby=\"caption-attachment-100525\" style=\"width: 580px\" class=\"wp-caption aligncenter\"><img data-recalc-dims=\"1\" loading=\"lazy\" decoding=\"async\" class=\"size-full wp-image-100525\" src=\"https:\/\/i0.wp.com\/eltrabajo.cl\/portal\/wp-content\/uploads\/2020\/07\/Dependencia.jpg?resize=580%2C360&#038;ssl=1\" alt=\"Esta es la dependencia a la cual sujetos entraron con la intenci\u00f3n de robar, pero les fue mal, provocando s\u00f3lo da\u00f1os.\" width=\"580\" height=\"360\" srcset=\"https:\/\/i0.wp.com\/eltrabajo.cl\/portal\/wp-content\/uploads\/2020\/07\/Dependencia.jpg?w=580&amp;ssl=1 580w, https:\/\/i0.wp.com\/eltrabajo.cl\/portal\/wp-content\/uploads\/2020\/07\/Dependencia.jpg?resize=300%2C186&amp;ssl=1 300w, https:\/\/i0.wp.com\/eltrabajo.cl\/portal\/wp-content\/uploads\/2020\/07\/Dependencia.jpg?resize=200%2C124&amp;ssl=1 200w\" sizes=\"auto, (max-width: 580px) 100vw, 580px\" \/><figcaption id=\"caption-attachment-100525\" class=\"wp-caption-text\">Esta es la dependencia a la cual sujetos entraron con la intenci\u00f3n de robar, pero les fue mal, provocando s\u00f3lo da\u00f1os.<\/figcaption><\/figure>\n","protected":false},"excerpt":{"rendered":"<p>Esta vez s\u00f3lo causaron da\u00f1os: A pesar que no se robaron ninguna especie, desde el Departamento de Administraci\u00f3n de Educaci\u00f3n Municipal de San Felipe igual lo calificaron como robo porque ingresaron por&#8230;<\/p>\n","protected":false},"author":482,"featured_media":100525,"comment_status":"closed","ping_status":"open","sticky":false,"template":"","format":"standard","meta":{"advanced_seo_description":"","jetpack_seo_html_title":"","jetpack_seo_noindex":false,"_jetpack_memberships_contains_paid_content":false,"footnotes":""},"categories":[21],"tags":[],"class_list":["post-100524","post","type-post","status-publish","format-standard","has-post-thumbnail","hentry","category-policial"],"jetpack_featured_media_url":"https:\/\/i0.wp.com\/eltrabajo.cl\/portal\/wp-content\/uploads\/2020\/07\/Dependencia.jpg?fit=580%2C360&ssl=1","jetpack_sharing_enabled":true,"jetpack_likes_enabled":true,"jetpack-related-posts":[],"_links":{"self":[{"href":"https:\/\/eltrabajo.cl\/portal\/wp-json\/wp\/v2\/posts\/100524","targetHints":{"allow":["GET"]}}],"collection":[{"href":"https:\/\/eltrabajo.cl\/portal\/wp-json\/wp\/v2\/posts"}],"about":[{"href":"https:\/\/eltrabajo.cl\/portal\/wp-json\/wp\/v2\/types\/post"}],"author":[{"embeddable":true,"href":"https:\/\/eltrabajo.cl\/portal\/wp-json\/wp\/v2\/users\/482"}],"replies":[{"embeddable":true,"href":"https:\/\/eltrabajo.cl\/portal\/wp-json\/wp\/v2\/comments?post=100524"}],"version-history":[{"count":0,"href":"https:\/\/eltrabajo.cl\/portal\/wp-json\/wp\/v2\/posts\/100524\/revisions"}],"wp:featuredmedia":[{"embeddable":true,"href":"https:\/\/eltrabajo.cl\/portal\/wp-json\/wp\/v2\/media\/100525"}],"wp:attachment":[{"href":"https:\/\/eltrabajo.cl\/portal\/wp-json\/wp\/v2\/media?parent=100524"}],"wp:term":[{"taxonomy":"category","embeddable":true,"href":"https:\/\/eltrabajo.cl\/portal\/wp-json\/wp\/v2\/categories?post=100524"},{"taxonomy":"post_tag","embeddable":true,"href":"https:\/\/eltrabajo.cl\/portal\/wp-json\/wp\/v2\/tags?post=100524"}],"curies":[{"name":"wp","href":"https:\/\/api.w.org\/{rel}","templated":true}]}}