{"id":100527,"date":"2020-07-10T07:50:37","date_gmt":"2020-07-10T11:50:37","guid":{"rendered":"https:\/\/www.eltrabajo.cl\/portal\/?p=100527"},"modified":"2020-07-09T20:09:19","modified_gmt":"2020-07-10T00:09:19","slug":"lectores-de-diario-el-trabajo-potencian-verduleros-solidarios-en-el-senorial","status":"publish","type":"post","link":"https:\/\/eltrabajo.cl\/portal\/lectores-de-diario-el-trabajo-potencian-verduleros-solidarios-en-el-senorial\/","title":{"rendered":"Lectores de Diario El Trabajo potencian Verduleros Solidarios en El Se\u00f1orial"},"content":{"rendered":"<p style=\"text-align: justify;\"><span style=\"color: #c81400;\"><strong>Funcionan este viernes de 9:00 a 17:00 horas:<\/strong><\/span><\/p>\n<p style=\"text-align: justify;\">Luego que en <strong>Diario El Trabajo<\/strong> public\u00e1ramos esta semana la noticia de los Verduleros Solidarios que instal\u00f3 en Villa El Se\u00f1orial el joven <strong>H\u00e9ctor Hormaz\u00e1bal Villarroel <\/strong>en la plazoleta del lugar y frente a su casa en calle Marta Haramboure 1780, las reacciones positivas de nuestros lectores no se hicieron esperar, pues le llamaron personas y desde empresas para donarle frutas, verduras y cloro para su proyecto, mismo que implica ponerlo a disposici\u00f3n de aquellas personas que necesiten esas papas, zanahorias, cebollas, cloro y frutas.<\/p>\n<p style=\"text-align: justify;\">\u00ab<em>Las reacciones fueron muy positivas, en estos dos d\u00edas me llamaron varias personas, una persona me don\u00f3 $10.000 y otra aport\u00f3 $80.000 en efectivo, ese dinero lo estoy usando para comprar m\u00e1s verduras y hacer otro verdulero, espero tambi\u00e9n que la idea se mantenga en el tiempo mientras esta crisis siga golpe\u00e1ndonos. Agradezco tambi\u00e9n a todos quienes hacen posible que esta iniciativa funcione<\/em>\u00bb, coment\u00f3 H\u00e9ctor a nuestro medio.<\/p>\n<p style=\"text-align: justify;\">Hoy queremos compartir con nuestros lectores una peque\u00f1a rese\u00f1a de c\u00f3mo han reaccionado los sanfelipe\u00f1os para potenciar la singular idea de H\u00e9ctor, los interesados pueden llamarlo al <strong>+56 9 6638 4713<\/strong>.<\/p>\n<p style=\"text-align: justify;\"><strong>Roberto Gonz\u00e1lez Short<\/strong><\/p>\n<figure id=\"attachment_100528\" aria-describedby=\"caption-attachment-100528\" style=\"width: 580px\" class=\"wp-caption aligncenter\"><img data-recalc-dims=\"1\" loading=\"lazy\" decoding=\"async\" class=\"size-full wp-image-100528\" src=\"https:\/\/i0.wp.com\/eltrabajo.cl\/portal\/wp-content\/uploads\/2020\/07\/Verdulero1-1.jpg?resize=580%2C360&#038;ssl=1\" alt=\"HOY GRATIS PARA TODOS.- H\u00e9ctor muestra a Diario El Trabajo s\u00f3lo una peque\u00f1a parte de las verduras y frutas donadas para este proyecto solidario.\" width=\"580\" height=\"360\" srcset=\"https:\/\/i0.wp.com\/eltrabajo.cl\/portal\/wp-content\/uploads\/2020\/07\/Verdulero1-1.jpg?w=580&amp;ssl=1 580w, https:\/\/i0.wp.com\/eltrabajo.cl\/portal\/wp-content\/uploads\/2020\/07\/Verdulero1-1.jpg?resize=300%2C186&amp;ssl=1 300w, https:\/\/i0.wp.com\/eltrabajo.cl\/portal\/wp-content\/uploads\/2020\/07\/Verdulero1-1.jpg?resize=200%2C124&amp;ssl=1 200w\" sizes=\"auto, (max-width: 580px) 100vw, 580px\" \/><figcaption id=\"caption-attachment-100528\" class=\"wp-caption-text\">HOY GRATIS PARA TODOS.- H\u00e9ctor muestra a Diario El Trabajo s\u00f3lo una peque\u00f1a parte de las verduras y frutas donadas para este proyecto solidario.<\/figcaption><\/figure>\n<figure id=\"attachment_100529\" aria-describedby=\"caption-attachment-100529\" style=\"width: 579px\" class=\"wp-caption aligncenter\"><img data-recalc-dims=\"1\" loading=\"lazy\" decoding=\"async\" class=\"size-full wp-image-100529\" src=\"https:\/\/i0.wp.com\/eltrabajo.cl\/portal\/wp-content\/uploads\/2020\/07\/Verdulero2-1.jpg?resize=579%2C723&#038;ssl=1\" alt=\"LLEGA M\u00c1S CLORO.- Alberto Dur\u00e1n Ortega, administrador de Industrial y Comercial R.M. Ltda., entreg\u00f3 gran cantidad de cloro para que los vecinos lo retiren en este proyecto solidario.\" width=\"579\" height=\"723\" srcset=\"https:\/\/i0.wp.com\/eltrabajo.cl\/portal\/wp-content\/uploads\/2020\/07\/Verdulero2-1.jpg?w=579&amp;ssl=1 579w, https:\/\/i0.wp.com\/eltrabajo.cl\/portal\/wp-content\/uploads\/2020\/07\/Verdulero2-1.jpg?resize=240%2C300&amp;ssl=1 240w, https:\/\/i0.wp.com\/eltrabajo.cl\/portal\/wp-content\/uploads\/2020\/07\/Verdulero2-1.jpg?resize=120%2C150&amp;ssl=1 120w\" sizes=\"auto, (max-width: 579px) 100vw, 579px\" \/><figcaption id=\"caption-attachment-100529\" class=\"wp-caption-text\">LLEGA M\u00c1S CLORO.- Alberto Dur\u00e1n Ortega, administrador de Industrial y Comercial R.M. Ltda., entreg\u00f3 gran cantidad de cloro para que los vecinos lo retiren en este proyecto solidario.<\/figcaption><\/figure>\n<figure id=\"attachment_100530\" aria-describedby=\"caption-attachment-100530\" style=\"width: 580px\" class=\"wp-caption aligncenter\"><img data-recalc-dims=\"1\" loading=\"lazy\" decoding=\"async\" class=\"size-full wp-image-100530\" src=\"https:\/\/i0.wp.com\/eltrabajo.cl\/portal\/wp-content\/uploads\/2020\/07\/Verdulero3-1.jpg?resize=580%2C871&#038;ssl=1\" alt=\"RICAS NARANJAS.- Nuestro amigo Julio Briones dijo Presente con sus ricas naranjas, \u00e9l las don\u00f3 despu\u00e9s de leer en Diario El Trabajo la noticia del Verdulero Solidario.\" width=\"580\" height=\"871\" srcset=\"https:\/\/i0.wp.com\/eltrabajo.cl\/portal\/wp-content\/uploads\/2020\/07\/Verdulero3-1.jpg?w=580&amp;ssl=1 580w, https:\/\/i0.wp.com\/eltrabajo.cl\/portal\/wp-content\/uploads\/2020\/07\/Verdulero3-1.jpg?resize=200%2C300&amp;ssl=1 200w, https:\/\/i0.wp.com\/eltrabajo.cl\/portal\/wp-content\/uploads\/2020\/07\/Verdulero3-1.jpg?resize=100%2C150&amp;ssl=1 100w\" sizes=\"auto, (max-width: 580px) 100vw, 580px\" \/><figcaption id=\"caption-attachment-100530\" class=\"wp-caption-text\">RICAS NARANJAS.- Nuestro amigo Julio Briones dijo Presente con sus ricas naranjas, \u00e9l las don\u00f3 despu\u00e9s de leer en Diario El Trabajo la noticia del Verdulero Solidario.<\/figcaption><\/figure>\n<figure id=\"attachment_100531\" aria-describedby=\"caption-attachment-100531\" style=\"width: 580px\" class=\"wp-caption aligncenter\"><img data-recalc-dims=\"1\" loading=\"lazy\" decoding=\"async\" class=\"size-full wp-image-100531\" src=\"https:\/\/i0.wp.com\/eltrabajo.cl\/portal\/wp-content\/uploads\/2020\/07\/Verdulero_Hector-Hormazabal-Villarroel-1.jpg?resize=580%2C598&#038;ssl=1\" alt=\"H\u00e9ctor Hormaz\u00e1bal Villarroel, vecino de El Se\u00f1orial que instal\u00f3 varios Verduleros Solidarios en su poblaci\u00f3n.\" width=\"580\" height=\"598\" srcset=\"https:\/\/i0.wp.com\/eltrabajo.cl\/portal\/wp-content\/uploads\/2020\/07\/Verdulero_Hector-Hormazabal-Villarroel-1.jpg?w=580&amp;ssl=1 580w, https:\/\/i0.wp.com\/eltrabajo.cl\/portal\/wp-content\/uploads\/2020\/07\/Verdulero_Hector-Hormazabal-Villarroel-1.jpg?resize=291%2C300&amp;ssl=1 291w, https:\/\/i0.wp.com\/eltrabajo.cl\/portal\/wp-content\/uploads\/2020\/07\/Verdulero_Hector-Hormazabal-Villarroel-1.jpg?resize=145%2C150&amp;ssl=1 145w\" sizes=\"auto, (max-width: 580px) 100vw, 580px\" \/><figcaption id=\"caption-attachment-100531\" class=\"wp-caption-text\">H\u00e9ctor Hormaz\u00e1bal Villarroel, vecino de El Se\u00f1orial que instal\u00f3 varios Verduleros Solidarios en su poblaci\u00f3n.<\/figcaption><\/figure>\n","protected":false},"excerpt":{"rendered":"<p>Funcionan este viernes de 9:00 a 17:00 horas: Luego que en Diario El Trabajo public\u00e1ramos esta semana la noticia de los Verduleros Solidarios que instal\u00f3 en Villa El Se\u00f1orial el joven H\u00e9ctor&#8230;<\/p>\n","protected":false},"author":482,"featured_media":100528,"comment_status":"closed","ping_status":"open","sticky":false,"template":"","format":"standard","meta":{"advanced_seo_description":"","jetpack_seo_html_title":"","jetpack_seo_noindex":false,"_jetpack_memberships_contains_paid_content":false,"footnotes":""},"categories":[15,105],"tags":[],"class_list":["post-100527","post","type-post","status-publish","format-standard","has-post-thumbnail","hentry","category-comunidad","category-covid-19"],"jetpack_featured_media_url":"https:\/\/i0.wp.com\/eltrabajo.cl\/portal\/wp-content\/uploads\/2020\/07\/Verdulero1-1.jpg?fit=580%2C360&ssl=1","jetpack_sharing_enabled":true,"jetpack_likes_enabled":true,"jetpack-related-posts":[],"_links":{"self":[{"href":"https:\/\/eltrabajo.cl\/portal\/wp-json\/wp\/v2\/posts\/100527","targetHints":{"allow":["GET"]}}],"collection":[{"href":"https:\/\/eltrabajo.cl\/portal\/wp-json\/wp\/v2\/posts"}],"about":[{"href":"https:\/\/eltrabajo.cl\/portal\/wp-json\/wp\/v2\/types\/post"}],"author":[{"embeddable":true,"href":"https:\/\/eltrabajo.cl\/portal\/wp-json\/wp\/v2\/users\/482"}],"replies":[{"embeddable":true,"href":"https:\/\/eltrabajo.cl\/portal\/wp-json\/wp\/v2\/comments?post=100527"}],"version-history":[{"count":0,"href":"https:\/\/eltrabajo.cl\/portal\/wp-json\/wp\/v2\/posts\/100527\/revisions"}],"wp:featuredmedia":[{"embeddable":true,"href":"https:\/\/eltrabajo.cl\/portal\/wp-json\/wp\/v2\/media\/100528"}],"wp:attachment":[{"href":"https:\/\/eltrabajo.cl\/portal\/wp-json\/wp\/v2\/media?parent=100527"}],"wp:term":[{"taxonomy":"category","embeddable":true,"href":"https:\/\/eltrabajo.cl\/portal\/wp-json\/wp\/v2\/categories?post=100527"},{"taxonomy":"post_tag","embeddable":true,"href":"https:\/\/eltrabajo.cl\/portal\/wp-json\/wp\/v2\/tags?post=100527"}],"curies":[{"name":"wp","href":"https:\/\/api.w.org\/{rel}","templated":true}]}}