{"id":100534,"date":"2020-07-10T07:55:03","date_gmt":"2020-07-10T11:55:03","guid":{"rendered":"https:\/\/www.eltrabajo.cl\/portal\/?p=100534"},"modified":"2020-07-09T20:13:13","modified_gmt":"2020-07-10T00:13:13","slug":"conozca-como-luchan-equipos-medicos-y-enfermos-en-salon-de-pacientes-covid","status":"publish","type":"post","link":"https:\/\/eltrabajo.cl\/portal\/conozca-como-luchan-equipos-medicos-y-enfermos-en-salon-de-pacientes-covid\/","title":{"rendered":"Conozca c\u00f3mo luchan equipos m\u00e9dicos y enfermos en sal\u00f3n de Pacientes Covid"},"content":{"rendered":"<p style=\"text-align: justify;\"><span style=\"color: #c81400;\"><strong>Servicio de Medicina del Hospital San Camilo:<\/strong><\/span><\/p>\n<p style=\"text-align: justify;\">Este viernes queremos compartir con nuestros lectores una nueva mirada al mundo casi invisible de los profesionales que diariamente deben arriesgar sus vidas al lado de quienes ya est\u00e1n contagiados con el Covid-19 y est\u00e1n hospitalizados en el Servicio de Medicina del Hospital San Camilo. Esta labor es llamada tambi\u00e9n la Primera L\u00ednea, pues ellos luchan d\u00eda a d\u00eda contra el Coronavirus y sus efectos en las personas. Son quienes tratan de recuperar a sus pacientes y devolverlos a sus hogares.<\/p>\n<p style=\"text-align: justify;\">\n<p style=\"text-align: justify;\"><span style=\"color: #c81400;\"><strong>ENTREVISTA EXCLUSIVA<\/strong><\/span><\/p>\n<p style=\"text-align: justify;\"><strong>Diario El Trabajo<\/strong> tuvo acceso este jueves al diario accionar de quienes laboran en el Servicio de Medicina del Hospital San Camilo, en donde hay cerca de 20 pacientes diarios y ya m\u00e1s de 100 recuperados y s\u00ed, tambi\u00e9n varios fallecidos. Nuestro medio habl\u00f3 en Exclusiva con el Dr. <strong>Jos\u00e9 P\u00e9rez<\/strong>, jefe del Servicio, y quien ha tenido la dif\u00edcil misi\u00f3n de liderar al equipo humano que a diario convive con la muerte.<\/p>\n<p style=\"text-align: justify;\">\u00ab<em>Ha sido impresionante ver c\u00f3mo trabaja este equipo de m\u00e9dicos, enfermeras, t\u00e9cnicos param\u00e9dicos, kinesi\u00f3logos, auxiliares y personal de aseo. Ellos tienen un nombre y un rostro y se han ganado mi respeto y mi admiraci\u00f3n, pues han sido quienes han cuidado a todos estos pacientes Covid. Fueron capaces de vencer sus propios temores, trabajar con amor y dedicaci\u00f3n. Est\u00e1n d\u00eda y noche al lado de pacientes sin demostrar cansancio, lloraron y sufrieron con cada paciente que se complic\u00f3 y con aquellos que no superaron la pandemia y partieron, porque no se fueron solos, aunque no estaban sus familias, est\u00e1bamos nosotros para tomar sus manos y despedirlos<\/em>\u00bb, coment\u00f3 emocionado el doctor P\u00e9rez.<\/p>\n<p style=\"text-align: justify;\">&#8211; <strong>\u00bfC\u00f3mo es liderar un trabajo tan dif\u00edcil e intimidante?<\/strong><\/p>\n<p style=\"text-align: justify;\">&#8211; Ha sido dif\u00edcil. Todos hemos crecido. Claramente, no seremos los mismos despu\u00e9s de esta pandemia que nos ha ense\u00f1ado que cualquiera se puede enfermar y cualquiera se puede morir. Hemos aprendido a trabajar en equipo. Hemos estado ah\u00ed para cuidar a los que han ido cayendo en el camino, para cubrir sus turnos, este grupo ha tenido una m\u00edstica especial de la cual me siento orgulloso. Sufrimos la indiferencia de la gente, la discriminaci\u00f3n de aquellos a quienes trat\u00e1bamos y aquellos que nos contagiaban. Por ejemplo, a una enfermera nuestra no la dejaron subir a su bus desde Quebrada Herrera, a otro no lo dejaron seguir en el gimnasio al inicio de todo. A una doctora le negaron el ascensor. Esos dolores hoy est\u00e1n en el pasado y nos sirven de lecci\u00f3n. Nos daba rabia ver al comienzo que la gente no entend\u00eda que ten\u00eda que cuidarse, ve\u00edamos c\u00f3mo llegaban pacientes contagiados luego de estar en una fiesta. Pero todo eso se olvida para entregar lo mejor de nosotros cuando los vemos postrados en una cama.<\/p>\n<p style=\"text-align: justify;\">&#8211; <strong>\u00bfC\u00f3mo se prepararon para enfrentar este nuevo escenario que se ven\u00eda y que cambiar\u00eda toda la forma de trabajar?<\/strong><\/p>\n<p style=\"text-align: justify;\">&#8211; Todo el hospital se prepar\u00f3. Nosotros tambi\u00e9n. Empezamos con bastante antelaci\u00f3n a juntar a nuestros m\u00e9dicos, a prepararlos en la tem\u00e1tica de lo que se estaba viendo. Sumamos m\u00e9dicos de diversas nacionalidades. En la segunda etapa, conversamos con la Universidad de Valpara\u00edso y empezamos a reclutar internos de Medicina, quienes han sido un valioso aporte para lo que estamos haciendo. En la planta f\u00edsica nos modificamos totalmente y empezamos a distribuir las camas y es as\u00ed como pr\u00e1cticamente todo el tercer piso est\u00e1 orientado a Medicina y principalmente a Pacientes Covid, a los que obviamente debemos sumarles los pacientes con otras morbilidades complementarias que igual tenemos que atender como todos los a\u00f1os.<\/p>\n<p style=\"text-align: justify;\">&#8211; <strong>\u00bfC\u00f3mo ha sido en la pr\u00e1ctica trabajar con este paciente nuevo, que los puede contagiar a ustedes y a sus familias?<\/strong><\/p>\n<p style=\"text-align: justify;\">&#8211; Primero se le hizo capacitaciones al personal sobre qu\u00e9 es lo que significaba el Coronavirus, luego ellos debieron vencer sus propios temores y darse cuenta de que ten\u00edamos las herramientas, la mejor manera de cuidar al paciente era cuid\u00e1ndonos nosotros. Y es as\u00ed como si bien hemos tenido personal de diversos estamentos que ha ca\u00eddo con contagios, la realidad ha sido que hemos estado como equipo casi completo trabajando para dar una buena cobertura y una buena atenci\u00f3n a los pacientes. Esto fue un cambio realmente a fondo en nuestra manera de ver la medicina, desde nosotros mismos c\u00f3mo vamos a actuar y c\u00f3mo nos vamos a cuidar.<\/p>\n<p style=\"text-align: justify;\">&#8211; <strong>Ustedes conviven a diario con decenas de Pacientes Covid Positivos. \u00bfC\u00f3mo es el d\u00eda a d\u00eda de este servicio?<\/strong><\/p>\n<p style=\"text-align: justify;\">&#8211; Tenemos tres equipos que vamos rotando sin juntarnos, as\u00ed nos cuidamos de contagios y aseguramos el personal para cubrir los turnos. Yo recibo el turno a las 7:30 horas, luego llega el equipo de la ma\u00f1ana, yo distribuyo las camas, lo mismo hace Enfermer\u00eda y T\u00e9cnicos. Discutimos los casos m\u00e1s complejos, evaluamos las posibilidades sobre pasar a una nueva etapa de ventilaci\u00f3n, vemos las camas disponibles, etc. Tenemos trabajo las 24 horas del d\u00eda y es un trabajo muy din\u00e1mico.<\/p>\n<p style=\"text-align: justify;\">&#8211; <strong>\u00bfY c\u00f3mo se trata a los pacientes Covid? \u00bfQu\u00e9 les hacen para recuperarlos?<\/strong><\/p>\n<p style=\"text-align: justify;\">&#8211; Bueno, el paciente que llega con dificultad respiratoria, se estabiliza en Urgencias y luego sube. Evaluamos en qu\u00e9 condici\u00f3n llega, si requiere ox\u00edgeno o no, c\u00f3mo est\u00e1 su capacidad mental, f\u00edsica, si tiene co-morbilidades y con esa informaci\u00f3n definimos qu\u00e9 tipo de tratamiento le vamos a dar. Indudablemente lo respiratorio es lo fundamental, si requiere ox\u00edgeno en bajas dosis o altas. Tenemos diversas modalidades de tratamiento hasta el ox\u00edgeno de alto flujo con c\u00e1nulas especiales y luego la ventilaci\u00f3n mec\u00e1nica. Del punto de vista de antibi\u00f3ticos, vemos si lo requiere, lo mismo que la anticoagulaci\u00f3n, vamos viendo con los ex\u00e1menes c\u00f3mo van evolucionando y si lo necesitan. Los pacientes est\u00e1n en salas preparadas para recibirlos, con un personal entrenado para ingresar con todas las medidas de precauci\u00f3n y cuidados propios para entregar una buena atenci\u00f3n. Hoy hemos dado paso a un manejo con importancia de la pronaci\u00f3n de los pacientes, en el manejo antibi\u00f3tico precoz, el manejo de corticoides tambi\u00e9n nos permite tener hoy una mejor sobrevida y un mejor manejo de nuestros pacientes. Tambi\u00e9n hay que destacar que tenemos mejor equipamiento.<\/p>\n<p style=\"text-align: justify;\">&#8211; <strong>Al inicio era todo una incertidumbre, \u00bfc\u00f3mo ha sido la respuesta de los funcionarios?<\/strong><\/p>\n<p style=\"text-align: justify;\">&#8211; Hemos vivido experiencias de todo tipo. Creo que hoy somos diferentes de c\u00f3mo empezamos. Hemos adquirido la paciencia, la fortaleza y hemos sacado lo mejor de nuestro personal para atender a estos pacientes.<\/p>\n<p style=\"text-align: justify;\">&#8211; <strong>\u00bfCu\u00e1les son las experiencias m\u00e1s dram\u00e1ticas?<\/strong><\/p>\n<p style=\"text-align: justify;\">&#8211; No ha sido f\u00e1cil, recuerdo una sala con un padre y dos hijos. Todos positivos y hoy solamente nos queda un hijo. El padre y uno de los hijos fallecieron. Recuerdo otra sala en que estaban la mam\u00e1 y la hija y ah\u00ed felizmente el resultado fue favorable en ambas. Se han vivido situaciones bien dram\u00e1ticas, pero nuestra gente ha estado a la altura de lo que se ha exigido. Yo me siento honrado de liderar este grupo. Creo que han hecho un esfuerzo extraordinario. A todos aquellos que nos han confiado sus familiares, sus hijos, esposas o esposos, tengan la seguridad de que se les ha entregado lo mejor y aquellos que han partido, no lo han hecho solos, siempre ha habido una mano amiga que ha estado ah\u00ed y que ha reemplazado al familiar que no pudo acompa\u00f1arlo.<\/p>\n<p style=\"text-align: justify;\"><strong>Roberto Gonz\u00e1lez Short<\/strong><\/p>\n<figure id=\"attachment_100535\" aria-describedby=\"caption-attachment-100535\" style=\"width: 580px\" class=\"wp-caption aligncenter\"><img data-recalc-dims=\"1\" loading=\"lazy\" decoding=\"async\" class=\"size-full wp-image-100535\" src=\"https:\/\/i0.wp.com\/eltrabajo.cl\/portal\/wp-content\/uploads\/2020\/07\/Covid1-1.jpg?resize=580%2C360&#038;ssl=1\" alt=\"GRACIAS CHIQUILLAS.- Ellas son parte del personal m\u00e9dico del Servicio de Medicina del Hospital San Camilo, quienes diariamente luchan por salvar las vidas de los Pacientes Covid.\" width=\"580\" height=\"360\" srcset=\"https:\/\/i0.wp.com\/eltrabajo.cl\/portal\/wp-content\/uploads\/2020\/07\/Covid1-1.jpg?w=580&amp;ssl=1 580w, https:\/\/i0.wp.com\/eltrabajo.cl\/portal\/wp-content\/uploads\/2020\/07\/Covid1-1.jpg?resize=300%2C186&amp;ssl=1 300w, https:\/\/i0.wp.com\/eltrabajo.cl\/portal\/wp-content\/uploads\/2020\/07\/Covid1-1.jpg?resize=200%2C124&amp;ssl=1 200w\" sizes=\"auto, (max-width: 580px) 100vw, 580px\" \/><figcaption id=\"caption-attachment-100535\" class=\"wp-caption-text\">GRACIAS CHIQUILLAS.- Ellas son parte del personal m\u00e9dico del Servicio de Medicina del Hospital San Camilo, quienes diariamente luchan por salvar las vidas de los Pacientes Covid.<\/figcaption><\/figure>\n<figure id=\"attachment_100536\" aria-describedby=\"caption-attachment-100536\" style=\"width: 580px\" class=\"wp-caption aligncenter\"><img data-recalc-dims=\"1\" loading=\"lazy\" decoding=\"async\" class=\"size-full wp-image-100536\" src=\"https:\/\/i0.wp.com\/eltrabajo.cl\/portal\/wp-content\/uploads\/2020\/07\/Covid2.jpg?resize=580%2C358&#038;ssl=1\" alt=\"LA LUCHA FINAL.- Aqu\u00ed vemos a varios pacientes conectados a respiradores mec\u00e1nicos, ellos y sus m\u00e9dicos luchan porque puedan regresar sanos a casa.\" width=\"580\" height=\"358\" srcset=\"https:\/\/i0.wp.com\/eltrabajo.cl\/portal\/wp-content\/uploads\/2020\/07\/Covid2.jpg?w=580&amp;ssl=1 580w, https:\/\/i0.wp.com\/eltrabajo.cl\/portal\/wp-content\/uploads\/2020\/07\/Covid2.jpg?resize=300%2C185&amp;ssl=1 300w, https:\/\/i0.wp.com\/eltrabajo.cl\/portal\/wp-content\/uploads\/2020\/07\/Covid2.jpg?resize=200%2C123&amp;ssl=1 200w\" sizes=\"auto, (max-width: 580px) 100vw, 580px\" \/><figcaption id=\"caption-attachment-100536\" class=\"wp-caption-text\">LA LUCHA FINAL.- Aqu\u00ed vemos a varios pacientes conectados a respiradores mec\u00e1nicos, ellos y sus m\u00e9dicos luchan porque puedan regresar sanos a casa.<\/figcaption><\/figure>\n<figure id=\"attachment_100537\" aria-describedby=\"caption-attachment-100537\" style=\"width: 579px\" class=\"wp-caption aligncenter\"><img data-recalc-dims=\"1\" loading=\"lazy\" decoding=\"async\" class=\"size-full wp-image-100537\" src=\"https:\/\/i0.wp.com\/eltrabajo.cl\/portal\/wp-content\/uploads\/2020\/07\/Covid_Jose-Perez.jpg?resize=579%2C600&#038;ssl=1\" alt=\"Dr. Jos\u00e9 P\u00e9rez, jefe del Servicio de Medicina del Hospital San Camilo.\" width=\"579\" height=\"600\" srcset=\"https:\/\/i0.wp.com\/eltrabajo.cl\/portal\/wp-content\/uploads\/2020\/07\/Covid_Jose-Perez.jpg?w=579&amp;ssl=1 579w, https:\/\/i0.wp.com\/eltrabajo.cl\/portal\/wp-content\/uploads\/2020\/07\/Covid_Jose-Perez.jpg?resize=290%2C300&amp;ssl=1 290w, https:\/\/i0.wp.com\/eltrabajo.cl\/portal\/wp-content\/uploads\/2020\/07\/Covid_Jose-Perez.jpg?resize=145%2C150&amp;ssl=1 145w\" sizes=\"auto, (max-width: 579px) 100vw, 579px\" \/><figcaption id=\"caption-attachment-100537\" class=\"wp-caption-text\">Dr. Jos\u00e9 P\u00e9rez, jefe del Servicio de Medicina del Hospital San Camilo.<\/figcaption><\/figure>\n","protected":false},"excerpt":{"rendered":"<p>Servicio de Medicina del Hospital San Camilo: Este viernes queremos compartir con nuestros lectores una nueva mirada al mundo casi invisible de los profesionales que diariamente deben arriesgar sus vidas al lado&#8230;<\/p>\n","protected":false},"author":482,"featured_media":100535,"comment_status":"closed","ping_status":"open","sticky":false,"template":"","format":"standard","meta":{"advanced_seo_description":"","jetpack_seo_html_title":"","jetpack_seo_noindex":false,"_jetpack_memberships_contains_paid_content":false,"footnotes":""},"categories":[15,105],"tags":[],"class_list":["post-100534","post","type-post","status-publish","format-standard","has-post-thumbnail","hentry","category-comunidad","category-covid-19"],"jetpack_featured_media_url":"https:\/\/i0.wp.com\/eltrabajo.cl\/portal\/wp-content\/uploads\/2020\/07\/Covid1-1.jpg?fit=580%2C360&ssl=1","jetpack_sharing_enabled":true,"jetpack_likes_enabled":true,"jetpack-related-posts":[],"_links":{"self":[{"href":"https:\/\/eltrabajo.cl\/portal\/wp-json\/wp\/v2\/posts\/100534","targetHints":{"allow":["GET"]}}],"collection":[{"href":"https:\/\/eltrabajo.cl\/portal\/wp-json\/wp\/v2\/posts"}],"about":[{"href":"https:\/\/eltrabajo.cl\/portal\/wp-json\/wp\/v2\/types\/post"}],"author":[{"embeddable":true,"href":"https:\/\/eltrabajo.cl\/portal\/wp-json\/wp\/v2\/users\/482"}],"replies":[{"embeddable":true,"href":"https:\/\/eltrabajo.cl\/portal\/wp-json\/wp\/v2\/comments?post=100534"}],"version-history":[{"count":0,"href":"https:\/\/eltrabajo.cl\/portal\/wp-json\/wp\/v2\/posts\/100534\/revisions"}],"wp:featuredmedia":[{"embeddable":true,"href":"https:\/\/eltrabajo.cl\/portal\/wp-json\/wp\/v2\/media\/100535"}],"wp:attachment":[{"href":"https:\/\/eltrabajo.cl\/portal\/wp-json\/wp\/v2\/media?parent=100534"}],"wp:term":[{"taxonomy":"category","embeddable":true,"href":"https:\/\/eltrabajo.cl\/portal\/wp-json\/wp\/v2\/categories?post=100534"},{"taxonomy":"post_tag","embeddable":true,"href":"https:\/\/eltrabajo.cl\/portal\/wp-json\/wp\/v2\/tags?post=100534"}],"curies":[{"name":"wp","href":"https:\/\/api.w.org\/{rel}","templated":true}]}}