{"id":100539,"date":"2020-07-10T08:00:48","date_gmt":"2020-07-10T12:00:48","guid":{"rendered":"https:\/\/www.eltrabajo.cl\/portal\/?p=100539"},"modified":"2020-07-10T12:38:02","modified_gmt":"2020-07-10T16:38:02","slug":"camion-cargado-con-lena-se-desbarranca-por-ladera-de-cerro-en-las-cabras","status":"publish","type":"post","link":"https:\/\/eltrabajo.cl\/portal\/camion-cargado-con-lena-se-desbarranca-por-ladera-de-cerro-en-las-cabras\/","title":{"rendered":"Cami\u00f3n cargado con le\u00f1a se desbarranca por ladera de cerro en Las Cabras"},"content":{"rendered":"<p style=\"text-align: justify;\"><span style=\"color: #c81400;\"><strong>Peonetas heridos y chofer grave en hospital:<\/strong><\/span><\/p>\n<p style=\"text-align: justify;\">Un grave accidente vehicular ocurri\u00f3 la tarde de este jueves en el sector Las Cabras en Santa Mar\u00eda, luego que el conductor de un cami\u00f3n perdiera el control del pesado veh\u00edculo cargado. Fue tal el peligro durante la falla mec\u00e1nica, que cuando el cami\u00f3n ven\u00eda desbocado bajando el cerro, estuvo a pocos cent\u00edmetros de quedar incrustado en varias casas, o lo peor, arrollar a personas o veh\u00edculos a su paso antes de volcarse.<\/p>\n<p style=\"text-align: justify;\">La informaci\u00f3n la suministr\u00f3 a <strong>Diario El Trabajo<\/strong> el relacionador p\u00fablico del Cuerpo de Bomberos de Santa Mar\u00eda, <strong>Diego Arancibia<\/strong>, quien nos report\u00f3 que <em>\u00aben horas de la tarde un cami\u00f3n perdi\u00f3 el control en el sector de Las Cabras cuando ven\u00eda bajando del cerro cargado con le\u00f1a. Este es un cami\u00f3n antiguo y ven\u00eda con su conductor y dos peonetas por un camino lateral. Al parecer el motor se detuvo y perdi\u00f3 el control. Al darse cuenta los peonetas que el cami\u00f3n estaba en problemas lograron saltar, por suerte no fueron arrollados por el mismo cami\u00f3n, a\u00fan as\u00ed resultaron con heridas de diferente consideraci\u00f3n. El conductor fue rescatado por vecinos del lugar desde el interior del veh\u00edculo, con fracturas no confirmadas por Bomberos. S\u00ed se pudo saber que estaba inconsciente y fue llevado en un veh\u00edculo particular al Hospital San Camilo. El accidente fue de alta energ\u00eda, la cabina del cami\u00f3n sufri\u00f3 gran deformaci\u00f3n, por lo tanto es una dicha no estar reportando v\u00edctimas fatales. Bomberos trabaj\u00f3 en el lugar para controlar fuga de combustible, tambi\u00e9n personal y equipo municipal fue necesario para controlar el pesado cami\u00f3n que se encuentra en peligro de caer a un estero seco, mientras trabajaron las unidades RB1, B3 y personal de las tres Compa\u00f1\u00edas del Cuerpo de Bomberos de Santa Mar\u00eda<\/em>\u00bb, dijo Arancibia.<\/p>\n<p style=\"text-align: justify;\"><strong>Roberto Gonz\u00e1lez Short<\/strong><br \/>\n<strong>Fotos: Emergencia Santa Mar\u00eda<\/strong><\/p>\n<figure id=\"attachment_100540\" aria-describedby=\"caption-attachment-100540\" style=\"width: 580px\" class=\"wp-caption aligncenter\"><img data-recalc-dims=\"1\" loading=\"lazy\" decoding=\"async\" class=\"size-full wp-image-100540\" src=\"https:\/\/i0.wp.com\/eltrabajo.cl\/portal\/wp-content\/uploads\/2020\/07\/vuelco-portada.jpg?resize=580%2C359&#038;ssl=1\" alt=\"SIN FRENOS EN EL CERRO.- As\u00ed qued\u00f3 el cami\u00f3n al borde de un barranco. El conductor se encuentra grave en el Hospital San Camilo.\" width=\"580\" height=\"359\" srcset=\"https:\/\/i0.wp.com\/eltrabajo.cl\/portal\/wp-content\/uploads\/2020\/07\/vuelco-portada.jpg?w=580&amp;ssl=1 580w, https:\/\/i0.wp.com\/eltrabajo.cl\/portal\/wp-content\/uploads\/2020\/07\/vuelco-portada.jpg?resize=300%2C186&amp;ssl=1 300w, https:\/\/i0.wp.com\/eltrabajo.cl\/portal\/wp-content\/uploads\/2020\/07\/vuelco-portada.jpg?resize=200%2C124&amp;ssl=1 200w\" sizes=\"auto, (max-width: 580px) 100vw, 580px\" \/><figcaption id=\"caption-attachment-100540\" class=\"wp-caption-text\">SIN FRENOS EN EL CERRO.- As\u00ed qued\u00f3 el cami\u00f3n al borde de un barranco. El conductor se encuentra grave en el Hospital San Camilo.<\/figcaption><\/figure>\n<figure id=\"attachment_100543\" aria-describedby=\"caption-attachment-100543\" style=\"width: 580px\" class=\"wp-caption aligncenter\"><img data-recalc-dims=\"1\" loading=\"lazy\" decoding=\"async\" class=\"size-full wp-image-100543\" src=\"https:\/\/i0.wp.com\/eltrabajo.cl\/portal\/wp-content\/uploads\/2020\/07\/Vuelco2.jpg?resize=580%2C359&#038;ssl=1\" alt=\"SALTARON A TIEMPO.- Los dos peonetas lograron tirarse cuando el pesado cami\u00f3n se desboc\u00f3 sin frenos por la ladera.\" width=\"580\" height=\"359\" srcset=\"https:\/\/i0.wp.com\/eltrabajo.cl\/portal\/wp-content\/uploads\/2020\/07\/Vuelco2.jpg?w=580&amp;ssl=1 580w, https:\/\/i0.wp.com\/eltrabajo.cl\/portal\/wp-content\/uploads\/2020\/07\/Vuelco2.jpg?resize=300%2C186&amp;ssl=1 300w, https:\/\/i0.wp.com\/eltrabajo.cl\/portal\/wp-content\/uploads\/2020\/07\/Vuelco2.jpg?resize=200%2C124&amp;ssl=1 200w\" sizes=\"auto, (max-width: 580px) 100vw, 580px\" \/><figcaption id=\"caption-attachment-100543\" class=\"wp-caption-text\">SALTARON A TIEMPO.- Los dos peonetas lograron tirarse cuando el pesado cami\u00f3n se desboc\u00f3 sin frenos por la ladera.<\/figcaption><\/figure>\n<figure id=\"attachment_100542\" aria-describedby=\"caption-attachment-100542\" style=\"width: 580px\" class=\"wp-caption aligncenter\"><img data-recalc-dims=\"1\" loading=\"lazy\" decoding=\"async\" class=\"size-full wp-image-100542\" src=\"https:\/\/i0.wp.com\/eltrabajo.cl\/portal\/wp-content\/uploads\/2020\/07\/vuelco1.jpg?resize=580%2C359&#038;ssl=1\" alt=\"SIN FRENOS EN EL CERRO.- As\u00ed qued\u00f3 el cami\u00f3n al borde de un barranco. El conductor se encuentra grave en el Hospital San Camilo.\" width=\"580\" height=\"359\" srcset=\"https:\/\/i0.wp.com\/eltrabajo.cl\/portal\/wp-content\/uploads\/2020\/07\/vuelco1.jpg?w=580&amp;ssl=1 580w, https:\/\/i0.wp.com\/eltrabajo.cl\/portal\/wp-content\/uploads\/2020\/07\/vuelco1.jpg?resize=300%2C186&amp;ssl=1 300w, https:\/\/i0.wp.com\/eltrabajo.cl\/portal\/wp-content\/uploads\/2020\/07\/vuelco1.jpg?resize=200%2C124&amp;ssl=1 200w\" sizes=\"auto, (max-width: 580px) 100vw, 580px\" \/><figcaption id=\"caption-attachment-100542\" class=\"wp-caption-text\">SIN FRENOS EN EL CERRO.- As\u00ed qued\u00f3 el cami\u00f3n al borde de un barranco. El conductor se encuentra grave en el Hospital San Camilo.<\/figcaption><\/figure>\n<figure id=\"attachment_100541\" aria-describedby=\"caption-attachment-100541\" style=\"width: 580px\" class=\"wp-caption aligncenter\"><img data-recalc-dims=\"1\" loading=\"lazy\" decoding=\"async\" class=\"size-full wp-image-100541\" src=\"https:\/\/i0.wp.com\/eltrabajo.cl\/portal\/wp-content\/uploads\/2020\/07\/Vuelco_Diego-Arancibia-Rodriguez.jpg?resize=580%2C600&#038;ssl=1\" alt=\"Relacionador p\u00fablico del Cuerpo de Bomberos de Santa Mar\u00eda, Diego Arancibia Rodr\u00edguez.\" width=\"580\" height=\"600\" srcset=\"https:\/\/i0.wp.com\/eltrabajo.cl\/portal\/wp-content\/uploads\/2020\/07\/Vuelco_Diego-Arancibia-Rodriguez.jpg?w=580&amp;ssl=1 580w, https:\/\/i0.wp.com\/eltrabajo.cl\/portal\/wp-content\/uploads\/2020\/07\/Vuelco_Diego-Arancibia-Rodriguez.jpg?resize=290%2C300&amp;ssl=1 290w, https:\/\/i0.wp.com\/eltrabajo.cl\/portal\/wp-content\/uploads\/2020\/07\/Vuelco_Diego-Arancibia-Rodriguez.jpg?resize=145%2C150&amp;ssl=1 145w\" sizes=\"auto, (max-width: 580px) 100vw, 580px\" \/><figcaption id=\"caption-attachment-100541\" class=\"wp-caption-text\">Relacionador p\u00fablico del Cuerpo de Bomberos de Santa Mar\u00eda, Diego Arancibia Rodr\u00edguez.<\/figcaption><\/figure>\n","protected":false},"excerpt":{"rendered":"<p>Peonetas heridos y chofer grave en hospital: Un grave accidente vehicular ocurri\u00f3 la tarde de este jueves en el sector Las Cabras en Santa Mar\u00eda, luego que el conductor de un cami\u00f3n&#8230;<\/p>\n","protected":false},"author":482,"featured_media":100540,"comment_status":"closed","ping_status":"open","sticky":false,"template":"","format":"standard","meta":{"advanced_seo_description":"","jetpack_seo_html_title":"","jetpack_seo_noindex":false,"_jetpack_memberships_contains_paid_content":false,"footnotes":""},"categories":[21],"tags":[],"class_list":["post-100539","post","type-post","status-publish","format-standard","has-post-thumbnail","hentry","category-policial"],"jetpack_featured_media_url":"https:\/\/i0.wp.com\/eltrabajo.cl\/portal\/wp-content\/uploads\/2020\/07\/vuelco-portada.jpg?fit=580%2C359&ssl=1","jetpack_sharing_enabled":true,"jetpack_likes_enabled":true,"jetpack-related-posts":[],"_links":{"self":[{"href":"https:\/\/eltrabajo.cl\/portal\/wp-json\/wp\/v2\/posts\/100539","targetHints":{"allow":["GET"]}}],"collection":[{"href":"https:\/\/eltrabajo.cl\/portal\/wp-json\/wp\/v2\/posts"}],"about":[{"href":"https:\/\/eltrabajo.cl\/portal\/wp-json\/wp\/v2\/types\/post"}],"author":[{"embeddable":true,"href":"https:\/\/eltrabajo.cl\/portal\/wp-json\/wp\/v2\/users\/482"}],"replies":[{"embeddable":true,"href":"https:\/\/eltrabajo.cl\/portal\/wp-json\/wp\/v2\/comments?post=100539"}],"version-history":[{"count":0,"href":"https:\/\/eltrabajo.cl\/portal\/wp-json\/wp\/v2\/posts\/100539\/revisions"}],"wp:featuredmedia":[{"embeddable":true,"href":"https:\/\/eltrabajo.cl\/portal\/wp-json\/wp\/v2\/media\/100540"}],"wp:attachment":[{"href":"https:\/\/eltrabajo.cl\/portal\/wp-json\/wp\/v2\/media?parent=100539"}],"wp:term":[{"taxonomy":"category","embeddable":true,"href":"https:\/\/eltrabajo.cl\/portal\/wp-json\/wp\/v2\/categories?post=100539"},{"taxonomy":"post_tag","embeddable":true,"href":"https:\/\/eltrabajo.cl\/portal\/wp-json\/wp\/v2\/tags?post=100539"}],"curies":[{"name":"wp","href":"https:\/\/api.w.org\/{rel}","templated":true}]}}