{"id":100551,"date":"2020-07-13T07:35:51","date_gmt":"2020-07-13T11:35:51","guid":{"rendered":"https:\/\/www.eltrabajo.cl\/portal\/?p=100551"},"modified":"2020-07-12T19:29:43","modified_gmt":"2020-07-12T23:29:43","slug":"esta-tarde-buscaran-solucion-para-serios-problemas-de-asociacion-de-futbol-local","status":"publish","type":"post","link":"https:\/\/eltrabajo.cl\/portal\/esta-tarde-buscaran-solucion-para-serios-problemas-de-asociacion-de-futbol-local\/","title":{"rendered":"Esta tarde buscar\u00e1n soluci\u00f3n para serios problemas de Asociaci\u00f3n de F\u00fatbol local"},"content":{"rendered":"<p style=\"text-align: justify;\">Tras la suspensi\u00f3n de la semana pasada donde no pudieron reunirse de manera virtual a ra\u00edz que algunos directivos tuvieron problemas de agenda, esta noche se efectuar\u00e1 una importante reuni\u00f3n de la Asociaci\u00f3n de F\u00fatbol Amateur de San Felipe.<\/p>\n<p style=\"text-align: justify;\">Si bien es cierto los puntos a tratar siguen siendo los mismos que hace una semana (proceso electoral, voto de confianza a Ra\u00fal Reinoso), para la cita de hoy se instalar\u00e1 uno que con el paso de los d\u00edas comienza a tomar mucha fuerza tras la nota del viernes de <strong>El Trabajo Deportivo<\/strong>. Eso no es otra cosa que el abandono del complejo \u2018Las Tres Canchas\u2019.<\/p>\n<p style=\"text-align: justify;\">La reuni\u00f3n de hoy deber\u00eda allanar muchas cosas para el futuro inmediato de la asociaci\u00f3n, porque no se descarta que se cumplan algunos trascendidos respecto a que Ra\u00fal Reinoso, aparte del voto de confianza que solicitar\u00e1 para seguir al frente de la organizaci\u00f3n, tambi\u00e9n pida que al directorio se sume un reconocido dirigente de uno de los clubes hist\u00f3ricos sanfelipe\u00f1os, que llegar\u00eda a colaborar en temas administrativos y de organizaci\u00f3n del ente rector del balompi\u00e9 aficionado local. <em>\u00abReinoso ya tiene el nombre y lo dar\u00e1 a conocer el lunes. Seguro ser\u00e1 aceptado por mayor\u00eda porque ser\u00eda alguien que es respetado\u00bb,<\/em> nos coment\u00f3 una fuente altamente confiable que conoce al dedillo el mundo del f\u00fatbol amateur de la \u2018Ciudad Fuerte y Feliz\u2019.<\/p>\n<p style=\"text-align: justify;\">A los temas de actualidad se sumar\u00e1 uno no menor y que deber\u00eda quedar resuelto durante la jornada de hoy. Se trata del pago de la ya abultada deuda de suministros b\u00e1sicos de \u2018Las Tres Canchas\u2019, la que en estos momentos bordear\u00eda los $600.000 (seiscientos mil pesos). <em>\u00abEso hay que resolverlo s\u00ed o s\u00ed, porque en teor\u00eda la municipalidad deber\u00eda pagarlo\u00bb, <\/em>aport\u00f3 nuestra fuente. <strong>El Trabajo Deportivo<\/strong> contact\u00f3 a <strong>Ra\u00fal Reinoso<\/strong> para ratificar si era cierto el monto de lo adeudado, a lo cual respondi\u00f3 escuetamente:<em> \u00abNo puedo hablar antes de la reuni\u00f3n; primero hay que comunicarles las cosas a los directivos y despu\u00e9s le puedo contestar cualquier entrevista. Lo concreto en todo caso, es que hay problemas muy serios en nuestra organizaci\u00f3n\u00bb.<\/em><\/p>\n<p style=\"text-align: justify;\"><strong>Jorge Vega Oses<\/strong><\/p>\n<figure id=\"attachment_100552\" aria-describedby=\"caption-attachment-100552\" style=\"width: 580px\" class=\"wp-caption aligncenter\"><img data-recalc-dims=\"1\" loading=\"lazy\" decoding=\"async\" class=\"size-full wp-image-100552\" src=\"https:\/\/i0.wp.com\/eltrabajo.cl\/portal\/wp-content\/uploads\/2020\/07\/futbollocal.jpg?resize=580%2C359&#038;ssl=1\" alt=\"Problemas muy complejos aquejan al balompi\u00e9 amateur de San Felipe.\" width=\"580\" height=\"359\" srcset=\"https:\/\/i0.wp.com\/eltrabajo.cl\/portal\/wp-content\/uploads\/2020\/07\/futbollocal.jpg?w=580&amp;ssl=1 580w, https:\/\/i0.wp.com\/eltrabajo.cl\/portal\/wp-content\/uploads\/2020\/07\/futbollocal.jpg?resize=300%2C186&amp;ssl=1 300w, https:\/\/i0.wp.com\/eltrabajo.cl\/portal\/wp-content\/uploads\/2020\/07\/futbollocal.jpg?resize=200%2C124&amp;ssl=1 200w\" sizes=\"auto, (max-width: 580px) 100vw, 580px\" \/><figcaption id=\"caption-attachment-100552\" class=\"wp-caption-text\">Problemas muy complejos aquejan al balompi\u00e9 amateur de San Felipe.<\/figcaption><\/figure>\n","protected":false},"excerpt":{"rendered":"<p>Tras la suspensi\u00f3n de la semana pasada donde no pudieron reunirse de manera virtual a ra\u00edz que algunos directivos tuvieron problemas de agenda, esta noche se efectuar\u00e1 una importante reuni\u00f3n de la&#8230;<\/p>\n","protected":false},"author":482,"featured_media":100552,"comment_status":"closed","ping_status":"open","sticky":false,"template":"","format":"standard","meta":{"advanced_seo_description":"","jetpack_seo_html_title":"","jetpack_seo_noindex":false,"_jetpack_memberships_contains_paid_content":false,"footnotes":""},"categories":[19],"tags":[],"class_list":["post-100551","post","type-post","status-publish","format-standard","has-post-thumbnail","hentry","category-deportes"],"jetpack_featured_media_url":"https:\/\/i0.wp.com\/eltrabajo.cl\/portal\/wp-content\/uploads\/2020\/07\/futbollocal.jpg?fit=580%2C359&ssl=1","jetpack_sharing_enabled":true,"jetpack_likes_enabled":true,"jetpack-related-posts":[],"_links":{"self":[{"href":"https:\/\/eltrabajo.cl\/portal\/wp-json\/wp\/v2\/posts\/100551","targetHints":{"allow":["GET"]}}],"collection":[{"href":"https:\/\/eltrabajo.cl\/portal\/wp-json\/wp\/v2\/posts"}],"about":[{"href":"https:\/\/eltrabajo.cl\/portal\/wp-json\/wp\/v2\/types\/post"}],"author":[{"embeddable":true,"href":"https:\/\/eltrabajo.cl\/portal\/wp-json\/wp\/v2\/users\/482"}],"replies":[{"embeddable":true,"href":"https:\/\/eltrabajo.cl\/portal\/wp-json\/wp\/v2\/comments?post=100551"}],"version-history":[{"count":0,"href":"https:\/\/eltrabajo.cl\/portal\/wp-json\/wp\/v2\/posts\/100551\/revisions"}],"wp:featuredmedia":[{"embeddable":true,"href":"https:\/\/eltrabajo.cl\/portal\/wp-json\/wp\/v2\/media\/100552"}],"wp:attachment":[{"href":"https:\/\/eltrabajo.cl\/portal\/wp-json\/wp\/v2\/media?parent=100551"}],"wp:term":[{"taxonomy":"category","embeddable":true,"href":"https:\/\/eltrabajo.cl\/portal\/wp-json\/wp\/v2\/categories?post=100551"},{"taxonomy":"post_tag","embeddable":true,"href":"https:\/\/eltrabajo.cl\/portal\/wp-json\/wp\/v2\/tags?post=100551"}],"curies":[{"name":"wp","href":"https:\/\/api.w.org\/{rel}","templated":true}]}}