{"id":100554,"date":"2020-07-13T07:40:58","date_gmt":"2020-07-13T11:40:58","guid":{"rendered":"https:\/\/www.eltrabajo.cl\/portal\/?p=100554"},"modified":"2020-07-12T19:33:55","modified_gmt":"2020-07-12T23:33:55","slug":"roban-instrumentos-de-taller-de-deporte-y-banda-de-guerra-del-colegio-de-panquehue","status":"publish","type":"post","link":"https:\/\/eltrabajo.cl\/portal\/roban-instrumentos-de-taller-de-deporte-y-banda-de-guerra-del-colegio-de-panquehue\/","title":{"rendered":"Roban instrumentos de Taller de Deporte y Banda de guerra del Colegio de Panquehue"},"content":{"rendered":"<p style=\"text-align: justify;\"><strong>PANQUEHUE.-<\/strong> En tres millones de pesos, fueron avaluados las distintas especies e instrumentos sustra\u00eddos desde los talleres de deportes y de la banda de guerra del Colegio Panquehue. De acuerdo a lo informado por el director del establecimiento educacional, <strong>Eduardo Caneo<\/strong>, el hecho quedo al descubierto cuando funcionarios a cargo del cuidado del colegio iniciaron la jornada laboral, quedando al descubierto un forado efectuado a trav\u00e9s de una de las ventanas de las bodegas, donde se guardan estos elementos.<\/p>\n<p style=\"text-align: justify;\">Agreg\u00f3 Caneo que lo sustra\u00eddo corresponden a una serie de elementos del taller de deportes, sin embargo lo que m\u00e1s llam\u00f3 la atenci\u00f3n fue el hecho que se sustrajeron una serie de instrumentos nuevos de la banda de guerra.<\/p>\n<p style=\"text-align: justify;\">\u00ab<em>Me dirijo a la comunidad para denunciar un il\u00edcito que ocurri\u00f3 en el establecimiento en el transcurso del fin de semana, donde fuimos v\u00edctima de la delincuencia, donde ingresaron a nuestro establecimiento educacional, destruyeron nuestra dependencia y con gran pesar nos robaron insumos deportivos y lo que m\u00e1s nos llama la atenci\u00f3n es que fueron robados tambi\u00e9n insumos de nuestra banda de guerra.<\/em><\/p>\n<p style=\"text-align: justify;\">Nosotros como establecimiento educacional, ya realizamos la denuncia en carabineros de Panquehue y por intermedio de esta nota quiero llamar a la comunidad\u00a0 en que si tienen conocimiento en la receptaci\u00f3n de los elementos sustra\u00eddos, informar en el DAEM, el municipio o directamente en Carabineros, pues como establecimiento educacional no tenemos tantos recursos y no ha costado mucho poder avanzar en estos proyectos y la verdad es que nos deja bastante triste.<\/p>\n<p style=\"text-align: justify;\"><em>Ahora en relaci\u00f3n al robo, nosotros hicimos un an\u00e1lisis de acuerdo a nuestro inventario\u00a0 y tenemos una p\u00e9rdida de 3.024.000 pesos aproximadamente. Del mismo quiero hacer un llamado a las personas que hicieron este da\u00f1o que por favor se retracten pues el Colegio Panquehue es y trabajar\u00e1 para la comunidad, pues el da\u00f1o que est\u00e1n haciendo no tan s\u00f3lo se lo hacen a la comunidad educativa, sino que\u00a0 a ni\u00f1os de otras escuelas de Panquehue que participan de los talleres de deporte y de la banda de guerra<\/em>\u00bb, indic\u00f3 finalmente el Eduardo Caneo.<\/p>\n<p style=\"text-align: justify;\">Seg\u00fan se supo al cierre de nuestra edici\u00f3n, ya se est\u00e1n revisando las c\u00e1maras de seguridad, con el fin de poder establecer alg\u00fan antecedente de los autores de este lamentable robo.<\/p>\n<figure id=\"attachment_100558\" aria-describedby=\"caption-attachment-100558\" style=\"width: 580px\" class=\"wp-caption aligncenter\"><img data-recalc-dims=\"1\" loading=\"lazy\" decoding=\"async\" class=\"size-full wp-image-100558\" src=\"https:\/\/i0.wp.com\/eltrabajo.cl\/portal\/wp-content\/uploads\/2020\/07\/Banda3-1.jpg?resize=580%2C358&#038;ssl=1\" alt=\"Aqu\u00ed estaba la gran cantidad de instrumentos robados, todo valorado en m\u00e1s de 3 millones de pesos.\" width=\"580\" height=\"358\" srcset=\"https:\/\/i0.wp.com\/eltrabajo.cl\/portal\/wp-content\/uploads\/2020\/07\/Banda3-1.jpg?w=580&amp;ssl=1 580w, https:\/\/i0.wp.com\/eltrabajo.cl\/portal\/wp-content\/uploads\/2020\/07\/Banda3-1.jpg?resize=300%2C185&amp;ssl=1 300w, https:\/\/i0.wp.com\/eltrabajo.cl\/portal\/wp-content\/uploads\/2020\/07\/Banda3-1.jpg?resize=200%2C123&amp;ssl=1 200w\" sizes=\"auto, (max-width: 580px) 100vw, 580px\" \/><figcaption id=\"caption-attachment-100558\" class=\"wp-caption-text\">Aqu\u00ed estaba la gran cantidad de instrumentos robados, todo valorado en m\u00e1s de 3 millones de pesos.<\/figcaption><\/figure>\n<figure id=\"attachment_100555\" aria-describedby=\"caption-attachment-100555\" style=\"width: 580px\" class=\"wp-caption aligncenter\"><img data-recalc-dims=\"1\" loading=\"lazy\" decoding=\"async\" class=\"size-full wp-image-100555\" src=\"https:\/\/i0.wp.com\/eltrabajo.cl\/portal\/wp-content\/uploads\/2020\/07\/Banda2.jpg?resize=580%2C359&#038;ssl=1\" alt=\"Por esta ventana de la bodega ingresaron los delincuentes a robar.\" width=\"580\" height=\"359\" srcset=\"https:\/\/i0.wp.com\/eltrabajo.cl\/portal\/wp-content\/uploads\/2020\/07\/Banda2.jpg?w=580&amp;ssl=1 580w, https:\/\/i0.wp.com\/eltrabajo.cl\/portal\/wp-content\/uploads\/2020\/07\/Banda2.jpg?resize=300%2C186&amp;ssl=1 300w, https:\/\/i0.wp.com\/eltrabajo.cl\/portal\/wp-content\/uploads\/2020\/07\/Banda2.jpg?resize=200%2C124&amp;ssl=1 200w\" sizes=\"auto, (max-width: 580px) 100vw, 580px\" \/><figcaption id=\"caption-attachment-100555\" class=\"wp-caption-text\">Por esta ventana de la bodega ingresaron los delincuentes a robar.<\/figcaption><\/figure>\n<figure id=\"attachment_100557\" aria-describedby=\"caption-attachment-100557\" style=\"width: 579px\" class=\"wp-caption aligncenter\"><img data-recalc-dims=\"1\" loading=\"lazy\" decoding=\"async\" class=\"size-full wp-image-100557\" src=\"https:\/\/i0.wp.com\/eltrabajo.cl\/portal\/wp-content\/uploads\/2020\/07\/Banda1.jpg?resize=579%2C700&#038;ssl=1\" alt=\"Estos instrumentos no se los llevaron por el gran tama\u00f1o que tienen.\" width=\"579\" height=\"700\" srcset=\"https:\/\/i0.wp.com\/eltrabajo.cl\/portal\/wp-content\/uploads\/2020\/07\/Banda1.jpg?w=579&amp;ssl=1 579w, https:\/\/i0.wp.com\/eltrabajo.cl\/portal\/wp-content\/uploads\/2020\/07\/Banda1.jpg?resize=248%2C300&amp;ssl=1 248w, https:\/\/i0.wp.com\/eltrabajo.cl\/portal\/wp-content\/uploads\/2020\/07\/Banda1.jpg?resize=124%2C150&amp;ssl=1 124w\" sizes=\"auto, (max-width: 579px) 100vw, 579px\" \/><figcaption id=\"caption-attachment-100557\" class=\"wp-caption-text\">Estos instrumentos no se los llevaron por el gran tama\u00f1o que tienen.<\/figcaption><\/figure>\n","protected":false},"excerpt":{"rendered":"<p>PANQUEHUE.- En tres millones de pesos, fueron avaluados las distintas especies e instrumentos sustra\u00eddos desde los talleres de deportes y de la banda de guerra del Colegio Panquehue. De acuerdo a lo&#8230;<\/p>\n","protected":false},"author":482,"featured_media":100558,"comment_status":"closed","ping_status":"open","sticky":false,"template":"","format":"standard","meta":{"advanced_seo_description":"","jetpack_seo_html_title":"","jetpack_seo_noindex":false,"_jetpack_memberships_contains_paid_content":false,"footnotes":""},"categories":[21],"tags":[],"class_list":["post-100554","post","type-post","status-publish","format-standard","has-post-thumbnail","hentry","category-policial"],"jetpack_featured_media_url":"https:\/\/i0.wp.com\/eltrabajo.cl\/portal\/wp-content\/uploads\/2020\/07\/Banda3-1.jpg?fit=580%2C358&ssl=1","jetpack_sharing_enabled":true,"jetpack_likes_enabled":true,"jetpack-related-posts":[],"_links":{"self":[{"href":"https:\/\/eltrabajo.cl\/portal\/wp-json\/wp\/v2\/posts\/100554","targetHints":{"allow":["GET"]}}],"collection":[{"href":"https:\/\/eltrabajo.cl\/portal\/wp-json\/wp\/v2\/posts"}],"about":[{"href":"https:\/\/eltrabajo.cl\/portal\/wp-json\/wp\/v2\/types\/post"}],"author":[{"embeddable":true,"href":"https:\/\/eltrabajo.cl\/portal\/wp-json\/wp\/v2\/users\/482"}],"replies":[{"embeddable":true,"href":"https:\/\/eltrabajo.cl\/portal\/wp-json\/wp\/v2\/comments?post=100554"}],"version-history":[{"count":0,"href":"https:\/\/eltrabajo.cl\/portal\/wp-json\/wp\/v2\/posts\/100554\/revisions"}],"wp:featuredmedia":[{"embeddable":true,"href":"https:\/\/eltrabajo.cl\/portal\/wp-json\/wp\/v2\/media\/100558"}],"wp:attachment":[{"href":"https:\/\/eltrabajo.cl\/portal\/wp-json\/wp\/v2\/media?parent=100554"}],"wp:term":[{"taxonomy":"category","embeddable":true,"href":"https:\/\/eltrabajo.cl\/portal\/wp-json\/wp\/v2\/categories?post=100554"},{"taxonomy":"post_tag","embeddable":true,"href":"https:\/\/eltrabajo.cl\/portal\/wp-json\/wp\/v2\/tags?post=100554"}],"curies":[{"name":"wp","href":"https:\/\/api.w.org\/{rel}","templated":true}]}}